{"id":16019,"date":"2023-07-10T09:13:34","date_gmt":"2023-07-10T09:13:34","guid":{"rendered":"https:\/\/dekkbi.com\/?p=16019"},"modified":"2023-07-10T09:13:36","modified_gmt":"2023-07-10T09:13:36","slug":"choix-du-candidat-de-benno-macky-100-pressions","status":"publish","type":"post","link":"https:\/\/dekkbi.com\/?p=16019","title":{"rendered":"Choix du candidat de Benno : MACKY 100 PRESSIONS"},"content":{"rendered":"\n<p><strong>A moins de 7 mois de la Pr\u00e9sidentielle, ils ne sont pas nombreux \u00e0 vouloir \u00eatre \u00e0 la place de Macky Sall. Qui doit \u0153uvrer \u00e0 conserver le pouvoir, tout en \u00e9vitant la division de la Coalition Benno bokk yaakaar (Bby). Va-t-il opter pour un candidat issu de son parti ? Les alli\u00e9s vont ils accepter de se ranger derri\u00e8re, apr\u00e8s 12 ans de compagnonnage ? Tentative de r\u00e9ponse !<\/strong><\/p>\n\n\n\n<p><strong>Par Malick GAYE \u2013&nbsp;<\/strong>Il n\u2019y aura pas de primaires. Le candidat de Benno bokk yaakaar (Bby) ne sera pas choisi sous le prisme affectif ! Voil\u00e0, de mani\u00e8re laconique, le profil de la personne qui va remplacer Macky Sall au sein de la coalition de la majorit\u00e9. Macky Sall \u00e9voque une contrainte de temps et un risque \u00e9lev\u00e9 d\u2019implosion pour \u00e9carter les primaires. N\u00e9anmoins, le patron de Bby a ouvert la porte \u00e0 toute personne d\u00e9sireuse de se pr\u00e9senter comme candidat de Bby. Bien naturellement, les postulations farfelues vont faire floraison.<\/p>\n\n\n\n<p>D\u2019ores et d\u00e9j\u00e0, Moustapha Diop, ministre de l\u2019Industrie et maire de Louga, a lanc\u00e9 sa candidature. Mais ceci doit \u00eatre un \u00e9cueil pour Macky Sall. Qui devra, en plus de conserver le pouvoir, choisir la strat\u00e9gie qui ne va pas faire imploser sa coalition.<\/p>\n\n\n\n<p>Il faut dire que ses camarades de parti ne lui facilitent pas la t\u00e2che. Il n\u2019est plus un secret que Amadou Ba, Aly Ngouille Ndiaye et Abdoulaye Daouda Diallo nourrissent une ambition pr\u00e9sidentielle. Vont-ils accepter de se ranger derri\u00e8re une personne qui ne serait pas de l\u2019Apr ?<\/p>\n\n\n\n<p>Dans la m\u00eame logique, pourquoi le Ps et l\u2019Afp, entre autres partis membres de Bby, accepteraient de se ranger derri\u00e8re un candidat qui ne serait pas issu de leurs rangs, apr\u00e8s avoir chemin\u00e9 avec Macky 12 ans de suite ? C\u2019est la grande interrogation \u00e0 laquelle Macky Sall doit trouver une r\u00e9ponse.<\/p>\n\n\n\n<p><strong>Quelle attitude de la part des alli\u00e9s ?<\/strong><br>Pour l\u2019heure, la seule certitude, c\u2019est que le choix ne se fera pas par complaisance. Est-ce que le Pr\u00e9sident Macky Sall va opter pour plusieurs candidats avec le risque de saucissonner l\u2019\u00e9lectorat de la majorit\u00e9 pr\u00e9sidentielle ? Ou bien va-t-il opter pour une unit\u00e9 derri\u00e8re la personne qu\u2019il aura choisie ?<br>En attendant la r\u00e9ponse, les alli\u00e9s vont naturellement peser le pour et le contre d\u2019un compagnonnage qui vit, peut-\u00eatre, ses derni\u00e8res heures. En effet, l\u2019Afp, qui avait mis la main sur le Perchoir de l\u2019Assembl\u00e9e, a vu sa part du g\u00e2teau retir\u00e9e.<br>Seul le Ps a conserv\u00e9 son Haut-conseil des collectivit\u00e9s territoriales (Hcct). Au m\u00eame moment, Khalifa Sall de Taxawu Senegaal fait des pieds et des mains pour r\u00e9cup\u00e9rer l\u2019appareil politique du parti de Senghor.<\/p>\n\n\n\n<p>La grande majorit\u00e9 des gens, qui n\u2019ont pas eu de responsabilit\u00e9s \u00e9tatiques lors des 12 derni\u00e8res ann\u00e9es, peut \u00eatre sensible au discours unioniste de l\u2019ancien maire de Dakar.<\/p>\n\n\n\n<p>A l\u2019Afp, Alioune Sarr semble \u00eatre dans une logique de rupture. Les rappels \u00e0 l\u2019ordre des Progressistes ne semblent pas freiner ses ardeurs.<\/p>\n\n\n\n<p><strong>Eviter la guerre des ego<\/strong><br>Apr\u00e8s l\u2019\u00e9quation des alli\u00e9s, Macky Sall, s\u2019il opte pour une solution interne, devra \u00e9viter la guerre des ego. En effet, Abdoulaye Daouda Diallo se croit l\u00e9gitime en ayant conserv\u00e9 et solidifi\u00e9 sa base dans le Nord. L\u2019actuel pr\u00e9sident du Conseil \u00e9conomique, social et environnemental (Cese) ne s\u2019en est jamais cach\u00e9, il a toujours lorgn\u00e9 le fauteuil de Macky Sall. Tout comme Amadou Ba. L\u2019actuel Premier ministre peut l\u00e9gitimement pr\u00e9tendre pr\u00e9sider aux destin\u00e9es du pays en \u00e9tant le candidat de Bby. Seulement, il pr\u00e9sente un s\u00e9rieux handicap. Il est difficile de situer sa base. Et certains observateurs le caricaturent comme \u00e9tant \u00abl\u2019opticien sans base avec des hommes qui ont des bases\u00bb. Toujours dans la m\u00eame logique, il est la seule personne \u00e0 gagner le d\u00e9partement de Dakar sur les 12 ans de Bby au pouvoir.<\/p>\n\n\n\n<p>Toujours dans la logique des successeurs de Macky Sall, Aly Ngouille Ndiaye peut voir grand. Fid\u00e8le et loyal, Aly Ngouille Ndiaye fait partie des rares dignitaires du r\u00e9gime qui ont toujours gagn\u00e9 leur fief. Dans le Nord du pays, il y a une constance : Aly Ngouille gagne toutes les \u00e9lections.<br><\/p>\n\n\n\n<p><strong>mgaye@lequotidien.sn<\/strong><\/p>\n","protected":false},"excerpt":{"rendered":"<p>A moins de 7 mois de la Pr\u00e9sidentielle, ils ne sont pas nombreux \u00e0 vouloir \u00eatre \u00e0 la place de<\/p>\n","protected":false},"author":1,"featured_media":15752,"comment_status":"open","ping_status":"open","sticky":false,"template":"","format":"standard","meta":{"footnotes":""},"categories":[6],"tags":[],"class_list":["post-16019","post","type-post","status-publish","format-standard","has-post-thumbnail","hentry","category-politics"],"_links":{"self":[{"href":"https:\/\/dekkbi.com\/index.php?rest_route=\/wp\/v2\/posts\/16019","targetHints":{"allow":["GET"]}}],"collection":[{"href":"https:\/\/dekkbi.com\/index.php?rest_route=\/wp\/v2\/posts"}],"about":[{"href":"https:\/\/dekkbi.com\/index.php?rest_route=\/wp\/v2\/types\/post"}],"author":[{"embeddable":true,"href":"https:\/\/dekkbi.com\/index.php?rest_route=\/wp\/v2\/users\/1"}],"replies":[{"embeddable":true,"href":"https:\/\/dekkbi.com\/index.php?rest_route=%2Fwp%2Fv2%2Fcomments&post=16019"}],"version-history":[{"count":1,"href":"https:\/\/dekkbi.com\/index.php?rest_route=\/wp\/v2\/posts\/16019\/revisions"}],"predecessor-version":[{"id":16020,"href":"https:\/\/dekkbi.com\/index.php?rest_route=\/wp\/v2\/posts\/16019\/revisions\/16020"}],"wp:featuredmedia":[{"embeddable":true,"href":"https:\/\/dekkbi.com\/index.php?rest_route=\/wp\/v2\/media\/15752"}],"wp:attachment":[{"href":"https:\/\/dekkbi.com\/index.php?rest_route=%2Fwp%2Fv2%2Fmedia&parent=16019"}],"wp:term":[{"taxonomy":"category","embeddable":true,"href":"https:\/\/dekkbi.com\/index.php?rest_route=%2Fwp%2Fv2%2Fcategories&post=16019"},{"taxonomy":"post_tag","embeddable":true,"href":"https:\/\/dekkbi.com\/index.php?rest_route=%2Fwp%2Fv2%2Ftags&post=16019"}],"curies":[{"name":"wp","href":"https:\/\/api.w.org\/{rel}","templated":true}]}}