{"id":15995,"date":"2023-07-08T11:23:15","date_gmt":"2023-07-08T11:23:15","guid":{"rendered":"https:\/\/dekkbi.com\/?p=15995"},"modified":"2023-07-08T11:23:16","modified_gmt":"2023-07-08T11:23:16","slug":"afrobasket-2023-macky-sall-accorde-la-nationalite-senegalaise-a-lamericaine-cierra","status":"publish","type":"post","link":"https:\/\/dekkbi.com\/?p=15995","title":{"rendered":"Afrobasket 2023 : Macky Sall accorde la nationalit\u00e9 s\u00e9n\u00e9galaise \u00e0 l&rsquo;Am\u00e9ricaine Cierra"},"content":{"rendered":"\n<p>iGFM (Dakar) Dans un communiqu\u00e9, la F\u00e9d\u00e9ration s\u00e9n\u00e9galaise de basketball informe que \u00ab\u00a0par D\u00e9cret n\u00b0 2023-1297 du 7 Juillet 2023, le Pr\u00e9sident de la R\u00e9publique, Son Excellence, Monsieur Macky SALL, a accord\u00e9 la nationalit\u00e9 s\u00e9n\u00e9galaise \u00e0 Mlle Cierra Janay DILLARD\u00a0\u00bb qui est d&rsquo;origine am\u00e9ricaine. Et de pr\u00e9ciser :\u00a0\u00bbCette naturalisation permet d\u00e9sormais\u00a0\u00bb \u00e0 la meneuse de \u00ab\u00a0jouer pour le compte de l\u2019\u00e9quipe nationale f\u00e9minine de basketball\u00a0\u00bb \u00e0 l&rsquo;occasion de l&rsquo;Afrobasket pr\u00e9vu du 28 juillet au 06 ao\u00fbt \u00e0 Kigali (Rwanda).<\/p>\n","protected":false},"excerpt":{"rendered":"<p>iGFM (Dakar) Dans un communiqu\u00e9, la F\u00e9d\u00e9ration s\u00e9n\u00e9galaise de basketball informe que \u00ab\u00a0par D\u00e9cret n\u00b0 2023-1297 du 7 Juillet 2023,<\/p>\n","protected":false},"author":1,"featured_media":15996,"comment_status":"open","ping_status":"open","sticky":false,"template":"","format":"standard","meta":{"footnotes":""},"categories":[9],"tags":[],"class_list":["post-15995","post","type-post","status-publish","format-standard","has-post-thumbnail","hentry","category-sports"],"_links":{"self":[{"href":"https:\/\/dekkbi.com\/index.php?rest_route=\/wp\/v2\/posts\/15995","targetHints":{"allow":["GET"]}}],"collection":[{"href":"https:\/\/dekkbi.com\/index.php?rest_route=\/wp\/v2\/posts"}],"about":[{"href":"https:\/\/dekkbi.com\/index.php?rest_route=\/wp\/v2\/types\/post"}],"author":[{"embeddable":true,"href":"https:\/\/dekkbi.com\/index.php?rest_route=\/wp\/v2\/users\/1"}],"replies":[{"embeddable":true,"href":"https:\/\/dekkbi.com\/index.php?rest_route=%2Fwp%2Fv2%2Fcomments&post=15995"}],"version-history":[{"count":1,"href":"https:\/\/dekkbi.com\/index.php?rest_route=\/wp\/v2\/posts\/15995\/revisions"}],"predecessor-version":[{"id":15997,"href":"https:\/\/dekkbi.com\/index.php?rest_route=\/wp\/v2\/posts\/15995\/revisions\/15997"}],"wp:featuredmedia":[{"embeddable":true,"href":"https:\/\/dekkbi.com\/index.php?rest_route=\/wp\/v2\/media\/15996"}],"wp:attachment":[{"href":"https:\/\/dekkbi.com\/index.php?rest_route=%2Fwp%2Fv2%2Fmedia&parent=15995"}],"wp:term":[{"taxonomy":"category","embeddable":true,"href":"https:\/\/dekkbi.com\/index.php?rest_route=%2Fwp%2Fv2%2Fcategories&post=15995"},{"taxonomy":"post_tag","embeddable":true,"href":"https:\/\/dekkbi.com\/index.php?rest_route=%2Fwp%2Fv2%2Ftags&post=15995"}],"curies":[{"name":"wp","href":"https:\/\/api.w.org\/{rel}","templated":true}]}}