{"id":15968,"date":"2023-07-08T10:12:56","date_gmt":"2023-07-08T10:12:56","guid":{"rendered":"https:\/\/dekkbi.com\/?p=15968"},"modified":"2023-07-08T10:12:57","modified_gmt":"2023-07-08T10:12:57","slug":"cloture-du-forum-invest-in-senegal-plus-de-800-contacts-etablis-pres-de-30-projets-mis-en-lumiere-pm","status":"publish","type":"post","link":"https:\/\/dekkbi.com\/?p=15968","title":{"rendered":"Cl\u00f4ture du forum Invest In Senegal: Plus de 800 contacts \u00e9tablis, pr\u00e8s de 30 projets mis en lumi\u00e8re (Pm)"},"content":{"rendered":"\n<p>Pr\u00e9sident, au nom du Pr\u00e9sident de la R\u00e9publique, Macky Sall, la c\u00e9r\u00e9monie de cl\u00f4ture de la premi\u00e8re \u00e9dition du forum Invest In S\u00e9n\u00e9gal, le Premier ministre, Amadou Ba, s\u2019est satisfait du bilan des deux jours de discussions et d\u2019\u00e9changes dans le cadre de cette rencontre internationale tenue \u00e0 Diamniadio (Dakar).Selon lui, ce forum a r\u00e9uni plus de 3,200 participants de qualit\u00e9 venus de plus de 60 pays diff\u00e9rents, parmi lesquels 52% occupent des fonctions de manager, directeur, vice-pr\u00e9sident, ou pr\u00e9sident de structures priv\u00e9es et publiques, nationales et internationales.Il a, dans son discours, salu\u00e9 la qualit\u00e9 des \u00e9changes qui ont anim\u00e9 les tables rondes o\u00f9 les porteurs des projets phares retenus dans le cadre d\u2019Invest In S\u00e9n\u00e9gal ont pu les pr\u00e9senter en toute objectivit\u00e9 \u00e0 de potentiels investisseurs.\u00ab A la suite de ces pr\u00e9sentations, et en marge des diff\u00e9rentes sessions programm\u00e9es, plus de 800 contacts ont \u00e9t\u00e9 \u00e9tablis, t\u00e9moignant de la confiance grandissante des acteurs \u00e9conomiques envers le S\u00e9n\u00e9gal et de leur int\u00e9r\u00eat pour les opportunit\u00e9s d\u2019investissement qui se d\u00e9ploient sur notre territoire \u00bb, a indiqu\u00e9 Amadou Ba.Qui ajoute dans la foul\u00e9e que \u00ab pr\u00e8s de 30 projets offrant un r\u00e9el potentiel pour le d\u00e9veloppement \u00e9conomique et social du S\u00e9n\u00e9gal et couvrant 12 secteurs, parmi lesquels l\u2019\u00e9nergie, l\u2019agriculture, l\u2019industrie, le num\u00e9rique, l\u2019\u00e9conomie verte etc., ont ainsi \u00e9t\u00e9 mis en lumi\u00e8re \u00bb.A en croire le chef du Gouvernement, pour le secteur de l\u2019\u00e9nergie, \u00ab le besoin en investissement repr\u00e9sentait dans le cadre de ce forum pr\u00e8s de 2 milliards de dollars \u00bb.Ce secteur qui, selon lui, rev\u00eat d\u2019ailleurs un int\u00e9r\u00eat particulier avec l\u2019engagement pris en marge du Sommet de Paris pour un Nouveau pacte financier, d\u2019atteindre 40% d\u2019\u00e9nergies renouvelables dans notre mix \u00e9nerg\u00e9tique d\u2019ici 2030.\u00ab Cette ambition est associ\u00e9e \u00e0 des engagements de financement estim\u00e9s \u00e0 2,5 milliards d\u2019euros. Cette initiative a \u00e9t\u00e9 rendue possible gr\u00e2ce au partenariat pour une transition \u00e9nerg\u00e9tique \u00e9quitable que le S\u00e9n\u00e9gal a \u00e9tabli avec la France, l\u2019Allemagne, le Royaume-Uni, le Canada et l\u2019Union europ\u00e9enne \u00bb, s\u2019est particuli\u00e8rement r\u00e9joui le Premier ministre qui est convaincu que cette mobilisation financi\u00e8re permettra au S\u00e9n\u00e9gal d\u2019atteindre cet objectif si l\u2019on sait que \u00ab notre pays est d\u00e9j\u00e0 \u00e0 un taux de 31% d\u2019\u00e9nergies renouvelables. C\u2019est pourquoi ce sommet a \u00e9t\u00e9 le lieu de r\u00e9it\u00e9rer notre demande d\u2019une juste reconnaissance de nos efforts, afin que les \u00e9nergies renouvelables et le gaz, en tant qu\u2019\u00e9nergie de transition, puissent coexister harmonieusement, dans une compl\u00e9mentarit\u00e9 intelligente et SUITE SUR LE SOLEIL.SN<\/p>\n\n\n\n<p><\/p>\n","protected":false},"excerpt":{"rendered":"<p>Pr\u00e9sident, au nom du Pr\u00e9sident de la R\u00e9publique, Macky Sall, la c\u00e9r\u00e9monie de cl\u00f4ture de la premi\u00e8re \u00e9dition du forum<\/p>\n","protected":false},"author":1,"featured_media":15969,"comment_status":"open","ping_status":"open","sticky":false,"template":"","format":"standard","meta":{"footnotes":""},"categories":[3],"tags":[],"class_list":["post-15968","post","type-post","status-publish","format-standard","has-post-thumbnail","hentry","category-event-more-news"],"_links":{"self":[{"href":"https:\/\/dekkbi.com\/index.php?rest_route=\/wp\/v2\/posts\/15968","targetHints":{"allow":["GET"]}}],"collection":[{"href":"https:\/\/dekkbi.com\/index.php?rest_route=\/wp\/v2\/posts"}],"about":[{"href":"https:\/\/dekkbi.com\/index.php?rest_route=\/wp\/v2\/types\/post"}],"author":[{"embeddable":true,"href":"https:\/\/dekkbi.com\/index.php?rest_route=\/wp\/v2\/users\/1"}],"replies":[{"embeddable":true,"href":"https:\/\/dekkbi.com\/index.php?rest_route=%2Fwp%2Fv2%2Fcomments&post=15968"}],"version-history":[{"count":1,"href":"https:\/\/dekkbi.com\/index.php?rest_route=\/wp\/v2\/posts\/15968\/revisions"}],"predecessor-version":[{"id":15970,"href":"https:\/\/dekkbi.com\/index.php?rest_route=\/wp\/v2\/posts\/15968\/revisions\/15970"}],"wp:featuredmedia":[{"embeddable":true,"href":"https:\/\/dekkbi.com\/index.php?rest_route=\/wp\/v2\/media\/15969"}],"wp:attachment":[{"href":"https:\/\/dekkbi.com\/index.php?rest_route=%2Fwp%2Fv2%2Fmedia&parent=15968"}],"wp:term":[{"taxonomy":"category","embeddable":true,"href":"https:\/\/dekkbi.com\/index.php?rest_route=%2Fwp%2Fv2%2Fcategories&post=15968"},{"taxonomy":"post_tag","embeddable":true,"href":"https:\/\/dekkbi.com\/index.php?rest_route=%2Fwp%2Fv2%2Ftags&post=15968"}],"curies":[{"name":"wp","href":"https:\/\/api.w.org\/{rel}","templated":true}]}}