{"id":15966,"date":"2023-07-08T10:05:58","date_gmt":"2023-07-08T10:05:58","guid":{"rendered":"https:\/\/dekkbi.com\/?p=15966"},"modified":"2023-07-08T10:05:59","modified_gmt":"2023-07-08T10:05:59","slug":"presidentielle-2024-le-parti-socialiste-salue-le-discours-symbole-dhonneur-et-de-vertu-de-macky-sall","status":"publish","type":"post","link":"https:\/\/dekkbi.com\/?p=15966","title":{"rendered":"Pr\u00e9sidentielle 2024 : le Parti socialiste salue le discours \u2018\u2019symbole d\u2019honneur et de vertu\u2019\u2019 de Macky Sall"},"content":{"rendered":"\n<p>Dakar, 8 juil (APS) \u2013 Le Parti socialiste (PS) s\u2019est r\u00e9joui du discours \u2018\u2019symbole d\u2019honneur et de vertu\u2019\u2019 prononc\u00e9 lundi par le pr\u00e9sident de la R\u00e9publique, Macky Sall, dans lequel il a annonc\u00e9 sa d\u00e9cision de ne pas \u00eatre candidat \u00e0 l\u2019\u00e9lection pr\u00e9sidentielle du 25 f\u00e9vrier 2024.\u2018\u2019Sa d\u00e9cision volontaire, libre et prise en toute souverainet\u00e9 constitue un acte de haute port\u00e9e historique\u2019\u2019, ajoute le PS dans un communiqu\u00e9.Ce parti politique membre de la majorit\u00e9 pr\u00e9sidentielle estime que Macky Sall \u2018\u2019a fait montre des qualit\u00e9s fortes inh\u00e9rentes aux hommes d\u2019Etat seulement pr\u00e9occup\u00e9s par les int\u00e9r\u00eats de leur pays\u2019\u2019. \u2018\u2019Le pr\u00e9sident Macky Sall a davantage m\u00e9rit\u00e9 de son pays, de l\u2019Afrique et du monde.\u2019\u2019\u2018\u2019Le Parti socialiste se r\u00e9jouit de l\u2019action remarquable et historique du pr\u00e9sident Macky Sall durant son magist\u00e8re \u00e0 la t\u00eate de l\u2019Etat, dans tous les domaines de la vie politique, \u00e9conomique et sociale du pays\u2019\u2019, poursuivent ses alli\u00e9s du Parti socialiste, lequel \u2018\u2019confirme et assume toujours son ancrage dans Benno Bokk Yaakaar\u2019\u2019.AFD\/ESF<\/p>\n","protected":false},"excerpt":{"rendered":"<p>Dakar, 8 juil (APS) \u2013 Le Parti socialiste (PS) s\u2019est r\u00e9joui du discours \u2018\u2019symbole d\u2019honneur et de vertu\u2019\u2019 prononc\u00e9 lundi<\/p>\n","protected":false},"author":1,"featured_media":5028,"comment_status":"open","ping_status":"open","sticky":false,"template":"","format":"standard","meta":{"footnotes":""},"categories":[6],"tags":[],"class_list":["post-15966","post","type-post","status-publish","format-standard","has-post-thumbnail","hentry","category-politics"],"_links":{"self":[{"href":"https:\/\/dekkbi.com\/index.php?rest_route=\/wp\/v2\/posts\/15966","targetHints":{"allow":["GET"]}}],"collection":[{"href":"https:\/\/dekkbi.com\/index.php?rest_route=\/wp\/v2\/posts"}],"about":[{"href":"https:\/\/dekkbi.com\/index.php?rest_route=\/wp\/v2\/types\/post"}],"author":[{"embeddable":true,"href":"https:\/\/dekkbi.com\/index.php?rest_route=\/wp\/v2\/users\/1"}],"replies":[{"embeddable":true,"href":"https:\/\/dekkbi.com\/index.php?rest_route=%2Fwp%2Fv2%2Fcomments&post=15966"}],"version-history":[{"count":1,"href":"https:\/\/dekkbi.com\/index.php?rest_route=\/wp\/v2\/posts\/15966\/revisions"}],"predecessor-version":[{"id":15967,"href":"https:\/\/dekkbi.com\/index.php?rest_route=\/wp\/v2\/posts\/15966\/revisions\/15967"}],"wp:featuredmedia":[{"embeddable":true,"href":"https:\/\/dekkbi.com\/index.php?rest_route=\/wp\/v2\/media\/5028"}],"wp:attachment":[{"href":"https:\/\/dekkbi.com\/index.php?rest_route=%2Fwp%2Fv2%2Fmedia&parent=15966"}],"wp:term":[{"taxonomy":"category","embeddable":true,"href":"https:\/\/dekkbi.com\/index.php?rest_route=%2Fwp%2Fv2%2Fcategories&post=15966"},{"taxonomy":"post_tag","embeddable":true,"href":"https:\/\/dekkbi.com\/index.php?rest_route=%2Fwp%2Fv2%2Ftags&post=15966"}],"curies":[{"name":"wp","href":"https:\/\/api.w.org\/{rel}","templated":true}]}}