{"id":15913,"date":"2023-07-07T12:00:02","date_gmt":"2023-07-07T12:00:02","guid":{"rendered":"https:\/\/dekkbi.com\/?p=15913"},"modified":"2023-07-07T12:00:03","modified_gmt":"2023-07-07T12:00:03","slug":"investissements-macky-favorable-au-consortium-du-prive-national","status":"publish","type":"post","link":"https:\/\/dekkbi.com\/?p=15913","title":{"rendered":"Investissements: Macky favorable au consortium du priv\u00e9 national"},"content":{"rendered":"\n<p>En r\u00e9ponse \u00e0 l\u2019ouverture des march\u00e9s, caract\u00e9ris\u00e9e par une rude concurrence, le Pr\u00e9sident Sall invite le priv\u00e9 S\u00e9n\u00e9galais \u00e0 s\u2019unir pour gagner des parts de march\u00e9.&nbsp;<em>\u00ab&nbsp;Nos investisseurs cherchent vaille que vaille \u00e0 \u00eatre Pr\u00e9sident directeur g\u00e9n\u00e9ral (Pdg), directeur g\u00e9n\u00e9ral (Dg) d\u2019une soci\u00e9t\u00e9 sans r\u00e9ellement peser grande chose \u00e9conomiquement&nbsp;\u00bb,&nbsp;<\/em>a regrett\u00e9 le chef de l\u2019Etat recommandant ainsi aux entrepreneurs \u00e0 se donner la main pour peser lourd financi\u00e8rement et faire face \u00e0 la \u00ab&nbsp;concurrence effr\u00e9n\u00e9e&nbsp;\u00bb. Heureux de voir des s\u00e9n\u00e9galais investir dans des secteurs \u00e0 lourd investissement notamment le secteur du p\u00e9trole et gaz&nbsp;\u00bb. Il dit \u00eatre favorable \u00e0 cet \u00e9lan progressiste et ambitieux. Sur ce, il dit&nbsp;:&nbsp;<em>\u00ab&nbsp;Je pr\u00f4ne le d\u00e9veloppement de la \u2018\u2019co-contractance\u2019\u2019 et non de la sous-traitance&nbsp;\u00bb.<\/em>&nbsp;Et c\u2019est pourquoi, dira-t-il&nbsp;:&nbsp;<em>\u00ab&nbsp;J\u2019ai toujours appel\u00e9 notre secteur priv\u00e9 \u00e0 mettre en place des consortiums en lieu et place de micro-entreprises qui seront vite fagot\u00e9es par de grandes entreprises\u00bb.<\/em><\/p>\n\n\n\n<p><strong>JP MALOU<\/strong> <\/p>\n\n\n\n<p>SUDQUOTIDIEN<\/p>\n","protected":false},"excerpt":{"rendered":"<p>En r\u00e9ponse \u00e0 l\u2019ouverture des march\u00e9s, caract\u00e9ris\u00e9e par une rude concurrence, le Pr\u00e9sident Sall invite le priv\u00e9 S\u00e9n\u00e9galais \u00e0 s\u2019unir<\/p>\n","protected":false},"author":1,"featured_media":15914,"comment_status":"open","ping_status":"open","sticky":false,"template":"","format":"standard","meta":{"footnotes":""},"categories":[3],"tags":[],"class_list":["post-15913","post","type-post","status-publish","format-standard","has-post-thumbnail","hentry","category-event-more-news"],"_links":{"self":[{"href":"https:\/\/dekkbi.com\/index.php?rest_route=\/wp\/v2\/posts\/15913","targetHints":{"allow":["GET"]}}],"collection":[{"href":"https:\/\/dekkbi.com\/index.php?rest_route=\/wp\/v2\/posts"}],"about":[{"href":"https:\/\/dekkbi.com\/index.php?rest_route=\/wp\/v2\/types\/post"}],"author":[{"embeddable":true,"href":"https:\/\/dekkbi.com\/index.php?rest_route=\/wp\/v2\/users\/1"}],"replies":[{"embeddable":true,"href":"https:\/\/dekkbi.com\/index.php?rest_route=%2Fwp%2Fv2%2Fcomments&post=15913"}],"version-history":[{"count":1,"href":"https:\/\/dekkbi.com\/index.php?rest_route=\/wp\/v2\/posts\/15913\/revisions"}],"predecessor-version":[{"id":15915,"href":"https:\/\/dekkbi.com\/index.php?rest_route=\/wp\/v2\/posts\/15913\/revisions\/15915"}],"wp:featuredmedia":[{"embeddable":true,"href":"https:\/\/dekkbi.com\/index.php?rest_route=\/wp\/v2\/media\/15914"}],"wp:attachment":[{"href":"https:\/\/dekkbi.com\/index.php?rest_route=%2Fwp%2Fv2%2Fmedia&parent=15913"}],"wp:term":[{"taxonomy":"category","embeddable":true,"href":"https:\/\/dekkbi.com\/index.php?rest_route=%2Fwp%2Fv2%2Fcategories&post=15913"},{"taxonomy":"post_tag","embeddable":true,"href":"https:\/\/dekkbi.com\/index.php?rest_route=%2Fwp%2Fv2%2Ftags&post=15913"}],"curies":[{"name":"wp","href":"https:\/\/api.w.org\/{rel}","templated":true}]}}