{"id":15904,"date":"2023-07-07T11:32:48","date_gmt":"2023-07-07T11:32:48","guid":{"rendered":"https:\/\/dekkbi.com\/?p=15904"},"modified":"2023-07-07T11:32:49","modified_gmt":"2023-07-07T11:32:49","slug":"lintersyndicale-des-travailleurs-du-secteur-primaire-decrete-une-greve-generale-davertissement-de-48h","status":"publish","type":"post","link":"https:\/\/dekkbi.com\/?p=15904","title":{"rendered":"L\u2019intersyndicale des travailleurs du secteur primaire d\u00e9cr\u00e8te une gr\u00e8ve g\u00e9n\u00e9rale d\u2019avertissement de 48h&#8230;"},"content":{"rendered":"\n<p>iGFM &#8211; (Dakar) L\u2019intersyndicale des travailleurs du secteur primaire a organis\u00e9 ce jeudi 06 juillet 2023 \u00e0 10heure, une assembl\u00e9e g\u00e9n\u00e9rale (AG) d\u2019information \u00e0 la Sph\u00e8re minist\u00e9rielle Ousmane Tanor DIENG de Diamniadio.<\/p>\n\n\n\n<p>En effet, cette AG est organis\u00e9e dans le but de remobiliser les camarades du secteur en vue des prochaines actions que nous comptons d\u00e9rouler pour le respect du protocole d\u2019accord sign\u00e9 le 01 d\u00e9cembre 2022 entre le gouvernement du S\u00e9n\u00e9gal \u00e0 travers le Ministre de la Fonction publique et de la Transformation du service public, Monsieur Gallo BA et l\u2019intersyndicale du secteur primaire\u00a0: (Syndicat des Techniciens et Travailleurs de l\u2019Agriculture du S\u00e9n\u00e9gal, Syndicat national des Techniciens de l\u2019\u00c9levage, Syndicat des Travailleurs des P\u00eache et de l\u2019Aquaculture du S\u00e9n\u00e9gal, Syndicat des M\u00e9decins V\u00e9t\u00e9rinaires du S\u00e9n\u00e9gal, Syndicat Autonome des Travailleurs de l\u2019Elevage du S\u00e9n\u00e9gal).<\/p>\n\n\n\n<p>Nous rappelons \u00e0 l\u2019opinion nationale et internationale que l\u2019intersyndicale des travailleurs du secteur primaire apr\u00e8s trois mois de gr\u00e8ve en 2022, avait finalement trouv\u00e9 un accord avec l\u2019\u00c9tat du S\u00e9n\u00e9gal pour la restitution de leur prime \u00e0 hauteur de 60%. Il \u00e9tait pr\u00e9vu dans le protocole, la possibilit\u00e9 de mettre en place un fonds commun dans les six (6) mois qui suivent la signature du protocole d\u2019accord. C\u2018est dans ce sens qu\u2019une commission technique a \u00e9t\u00e9 mise en place. Cette derni\u00e8re est compos\u00e9e du Minist\u00e8re de la Fonction Publique et de la Transformation du Service public, du Minist\u00e8re des Finances et du Budget, du Minist\u00e8re du Travail, des Minist\u00e8res sectoriels \u00e0 savoir l\u2019Agriculture, la P\u00e8che, l\u2019Elevage, les M\u00e9decins V\u00e9t\u00e9rinaires, du Haut conseil du Dialogue social.<\/p>\n\n\n\n<p>Une premi\u00e8re r\u00e9union s\u2019est tenue le mardi 21 Mars 2023 avec toutes les parties prenantes sous la pr\u00e9sidence du Directeur g\u00e9n\u00e9ral de la Fonction publique, Monsieur Amadou Matar CISS\u00c9, pour \u00e9tablir un chronogramme des rencontres et activit\u00e9s \u00e0 mener.&nbsp; Il \u00e9tait retenu entre autre de mettre en place une sous-commission compos\u00e9e par les diff\u00e9rents syndicats et les Directeurs administratifs et Financiers des minist\u00e8res du secteur primaire afin de trouver les ressources qui devraient alimenter les fonds communs du secteur.<\/p>\n\n\n\n<p>Ensuite, il fallait faire valider les propositions retenues par les services du Minist\u00e8re des Finances et du Budget et enfin mettre en place des textes r\u00e8glementaires pour l\u2019utilisation des fonds.<\/p>\n\n\n\n<p>H\u00e9las, depuis maintenant trois (3) mois, nous sommes dans l\u2019attente d\u2019une nouvelle convocation pour la poursuite des travaux mais en vain. Nous ne comprenons pas cette inertie et ce dilatoire de l\u2019\u00c9tat qui ne sauraient \u00eatre accept\u00e9s. L\u2019intersyndicale consid\u00e8re cet \u00e9tat de fait comme le non-respect du protocole et c\u2019est dans cette perspective que nous avons d\u00e9cid\u00e9 de d\u00e9cr\u00e9ter une gr\u00e8ve g\u00e9n\u00e9rale d\u2019avertissement de 48h \u00e0 partir du mardi 11 juillet 2023.<\/p>\n","protected":false},"excerpt":{"rendered":"<p>iGFM &#8211; (Dakar) L\u2019intersyndicale des travailleurs du secteur primaire a organis\u00e9 ce jeudi 06 juillet 2023 \u00e0 10heure, une assembl\u00e9e<\/p>\n","protected":false},"author":1,"featured_media":12529,"comment_status":"open","ping_status":"open","sticky":false,"template":"","format":"standard","meta":{"footnotes":""},"categories":[21],"tags":[],"class_list":["post-15904","post","type-post","status-publish","format-standard","has-post-thumbnail","hentry","category-societe"],"_links":{"self":[{"href":"https:\/\/dekkbi.com\/index.php?rest_route=\/wp\/v2\/posts\/15904","targetHints":{"allow":["GET"]}}],"collection":[{"href":"https:\/\/dekkbi.com\/index.php?rest_route=\/wp\/v2\/posts"}],"about":[{"href":"https:\/\/dekkbi.com\/index.php?rest_route=\/wp\/v2\/types\/post"}],"author":[{"embeddable":true,"href":"https:\/\/dekkbi.com\/index.php?rest_route=\/wp\/v2\/users\/1"}],"replies":[{"embeddable":true,"href":"https:\/\/dekkbi.com\/index.php?rest_route=%2Fwp%2Fv2%2Fcomments&post=15904"}],"version-history":[{"count":1,"href":"https:\/\/dekkbi.com\/index.php?rest_route=\/wp\/v2\/posts\/15904\/revisions"}],"predecessor-version":[{"id":15905,"href":"https:\/\/dekkbi.com\/index.php?rest_route=\/wp\/v2\/posts\/15904\/revisions\/15905"}],"wp:featuredmedia":[{"embeddable":true,"href":"https:\/\/dekkbi.com\/index.php?rest_route=\/wp\/v2\/media\/12529"}],"wp:attachment":[{"href":"https:\/\/dekkbi.com\/index.php?rest_route=%2Fwp%2Fv2%2Fmedia&parent=15904"}],"wp:term":[{"taxonomy":"category","embeddable":true,"href":"https:\/\/dekkbi.com\/index.php?rest_route=%2Fwp%2Fv2%2Fcategories&post=15904"},{"taxonomy":"post_tag","embeddable":true,"href":"https:\/\/dekkbi.com\/index.php?rest_route=%2Fwp%2Fv2%2Ftags&post=15904"}],"curies":[{"name":"wp","href":"https:\/\/api.w.org\/{rel}","templated":true}]}}