{"id":15871,"date":"2023-07-07T10:39:30","date_gmt":"2023-07-07T10:39:30","guid":{"rendered":"https:\/\/dekkbi.com\/?p=15871"},"modified":"2023-07-07T10:39:30","modified_gmt":"2023-07-07T10:39:30","slug":"tunisie-le-desarroi-des-migrants-chasses-a-sfax-et-transferes-vers-les-frontieres","status":"publish","type":"post","link":"https:\/\/dekkbi.com\/?p=15871","title":{"rendered":"Tunisie: le d\u00e9sarroi des migrants chass\u00e9s \u00e0 Sfax et transf\u00e9r\u00e9s vers les fronti\u00e8res"},"content":{"rendered":"\n<p>\u00c0 Sfax, dans l&rsquo;est de la Tunisie, des centaines de migrants chass\u00e9s de leur logement ou effray\u00e9s par les violences des derni\u00e8res nuits se sont r\u00e9fugi\u00e9s devant une mosqu\u00e9e de la ville, o\u00f9 ils attendent une solution \u00e0 cette crise. D&rsquo;autres ont \u00e9t\u00e9 transport\u00e9s dans des zones d\u00e9sertiques \u00e0 la fronti\u00e8re libyenne et alg\u00e9rienne par les autorit\u00e9s tunisiennes selon les t\u00e9moignages, et livr\u00e9s \u00e0 leur sort.<\/p>\n\n\n\n<p><em>Avec notre envoy\u00e9e sp\u00e9ciale \u00e0 Sfax<\/em>,\u00a0<strong>Lilia Blaise<\/strong> SOURCE RFI<\/p>\n\n\n\n<p>C\u2019est devant la mosqu\u00e9e Sidi Lakhmi, au centre-ville de Sfax, qu\u2019Ousmane, originaire de Guin\u00e9e-Conakry, a trouv\u00e9 refuge jeudi 6 juillet au matin, apr\u00e8s avoir \u00e9t\u00e9 chass\u00e9 par le propri\u00e9taire de son logement deux jours plus t\u00f4t. \u00ab&nbsp;<em>On a pas le choix, il faut qu\u2019on vienne ici, qu\u2019on reste en groupe. Parce que si tu restes quelque part en nombre insuffisant, ils peuvent tomber sur vous, on vous blesse<\/em>&nbsp;\u00bb, explique-t-il.<\/p>\n\n\n\n<p>Dans l\u2019apr\u00e8s-midi, la d\u00e9l\u00e9gation r\u00e9gionale de Sfax est venue apporter de l\u2019eau et des sandwichs \u00e0 ces hommes et femmes regroup\u00e9s. Un geste de solidarit\u00e9 qui apaise temporairement Sidide, un Ivoirien de 30 ans&nbsp;: \u00ab&nbsp;<em>C\u2019est des gens de bonne volont\u00e9 qui viennent distribuer des choses. Sinon, il n&rsquo;y a pas d\u2019association qui vienne ici.<\/em>&nbsp;\u00bb Il ajoute que quelques Tunisiens viennent apporter leur aide aussi.<\/p>\n\n\n\n<p><\/p>\n\n\n\n<h2 class=\"wp-block-heading\">\u00ab&nbsp;<em>On est d\u00e9sesp\u00e9r\u00e9, on ne sait plus quoi faire<\/em>&nbsp;\u00bb<\/h2>\n\n\n\n<p>D\u2019autres migrants ont \u00e9t\u00e9 transf\u00e9r\u00e9s de force dans des no man\u2019s land \u00e0 proximit\u00e9 des fronti\u00e8res libyennes et alg\u00e9riennes. Sonia, Camerounaise, raconte son calvaire par note vocale dans une zone montagneuse pr\u00e8s de la fronti\u00e8re alg\u00e9rienne. Selon les vid\u00e9os, ils sont une cinquantaine sur place&nbsp;:<\/p>\n\n\n\n<p>\u00ab&nbsp;<em>On se disait que la police allait nous mettre \u00e0 l\u2019abri. Mais au contraire, la police nous a plut\u00f4t refoul\u00e9s au d\u00e9sert. \u00c7a fait trois jours qu\u2019on est entre la fronti\u00e8re de la Tunisie et de l\u2019Alg\u00e9rie. Vraiment, on est d\u00e9sesp\u00e9r\u00e9, on ne sait plus quoi faire. Un monsieur avec nous a trouv\u00e9 un puits. C\u2019est l\u00e0 o\u00f9 on s\u2019est ressourc\u00e9. On a pris un peu d\u2019eau, on a bu.<\/em>&nbsp;\u00bb<\/p>\n\n\n\n<p>Ils seraient plus d\u2019une centaine dans une zone tampon pr\u00e8s de la Libye, \u00e0 350 kilom\u00e8tres de Sfax. Les autorit\u00e9s tunisiennes nient avoir jou\u00e9 un r\u00f4le dans\u00a0<strong>ces d\u00e9parts forc\u00e9s<\/strong>. L&rsquo;ONG Human Rights Watch, elle, a condamn\u00e9 dans un rapport le 6 juillet ces expulsions vers la fronti\u00e8re libyenne. Elle estime \u00e0 plus de 500 le nombre de migrants refoul\u00e9s de cette mani\u00e8re depuis le 2 juillet.<\/p>\n","protected":false},"excerpt":{"rendered":"<p>\u00c0 Sfax, dans l&rsquo;est de la Tunisie, des centaines de migrants chass\u00e9s de leur logement ou effray\u00e9s par les violences<\/p>\n","protected":false},"author":1,"featured_media":15872,"comment_status":"open","ping_status":"open","sticky":false,"template":"","format":"standard","meta":{"footnotes":""},"categories":[26],"tags":[],"class_list":["post-15871","post","type-post","status-publish","format-standard","has-post-thumbnail","hentry","category-fait-divers"],"_links":{"self":[{"href":"https:\/\/dekkbi.com\/index.php?rest_route=\/wp\/v2\/posts\/15871","targetHints":{"allow":["GET"]}}],"collection":[{"href":"https:\/\/dekkbi.com\/index.php?rest_route=\/wp\/v2\/posts"}],"about":[{"href":"https:\/\/dekkbi.com\/index.php?rest_route=\/wp\/v2\/types\/post"}],"author":[{"embeddable":true,"href":"https:\/\/dekkbi.com\/index.php?rest_route=\/wp\/v2\/users\/1"}],"replies":[{"embeddable":true,"href":"https:\/\/dekkbi.com\/index.php?rest_route=%2Fwp%2Fv2%2Fcomments&post=15871"}],"version-history":[{"count":1,"href":"https:\/\/dekkbi.com\/index.php?rest_route=\/wp\/v2\/posts\/15871\/revisions"}],"predecessor-version":[{"id":15873,"href":"https:\/\/dekkbi.com\/index.php?rest_route=\/wp\/v2\/posts\/15871\/revisions\/15873"}],"wp:featuredmedia":[{"embeddable":true,"href":"https:\/\/dekkbi.com\/index.php?rest_route=\/wp\/v2\/media\/15872"}],"wp:attachment":[{"href":"https:\/\/dekkbi.com\/index.php?rest_route=%2Fwp%2Fv2%2Fmedia&parent=15871"}],"wp:term":[{"taxonomy":"category","embeddable":true,"href":"https:\/\/dekkbi.com\/index.php?rest_route=%2Fwp%2Fv2%2Fcategories&post=15871"},{"taxonomy":"post_tag","embeddable":true,"href":"https:\/\/dekkbi.com\/index.php?rest_route=%2Fwp%2Fv2%2Ftags&post=15871"}],"curies":[{"name":"wp","href":"https:\/\/api.w.org\/{rel}","templated":true}]}}