{"id":15859,"date":"2023-07-07T10:19:05","date_gmt":"2023-07-07T10:19:05","guid":{"rendered":"https:\/\/dekkbi.com\/?p=15859"},"modified":"2023-07-07T10:19:06","modified_gmt":"2023-07-07T10:19:06","slug":"en-tournee-en-europe-orientale-zelensky-demande-une-invitation-a-entrer-dans-lotan-pour-lukraine","status":"publish","type":"post","link":"https:\/\/dekkbi.com\/?p=15859","title":{"rendered":"En tourn\u00e9e en Europe orientale, Zelensky demande une invitation \u00e0 entrer dans l&rsquo;Otan pour l&rsquo;Ukraine"},"content":{"rendered":"\n<p><strong>En visite \u00e0 Prague apr\u00e8s une escale en Bulgarie, le pr\u00e9sident ukrainien a r\u00e9clam\u00e9 de \u00ab\u00a0<\/strong><em>l&rsquo;honn\u00eatet\u00e9<\/em><strong>\u00a0\u00bb dans les relations de l&rsquo;Ukraine avec l&rsquo;Otan et une invitation \u00e0 rejoindre l&rsquo;alliance Atlantique. Tant la Bulgarie que la R\u00e9publique tch\u00e8que sont membres de l&rsquo;Otan dont un sommet se tient la semaine prochaine \u00e0 Vilnius.\u00a0\u00a0<\/strong><\/p>\n\n\n\n<p>\u00c0 quelques jours d&rsquo;un sommet crucial de l&rsquo;Alliance atlantique en Lituanie, lors d&rsquo;une conf\u00e9rence de presse \u00e0 Prague aux c\u00f4t\u00e9s du pr\u00e9sident tch\u00e8que, Volodymyr Zelensky a demand\u00e9 un \u00ab&nbsp;<em>signal clair<\/em>&nbsp;\u00bb de la part de l&rsquo;organisation atlantique. \u00ab&nbsp;<em>Nous avons besoin d&rsquo;honn\u00eatet\u00e9 dans nos relations&nbsp;<\/em>\u00bb, a martel\u00e9 Volodymyr Zelensky aux c\u00f4t\u00e9s du pr\u00e9sident tch\u00e8que Petr Pavel.&nbsp;Il est temps de d\u00e9montrer \u00ab<em>&nbsp;le courage et la force de cette alliance<\/em>&nbsp;\u00bb, a-t-il ajout\u00e9. \u00ab&nbsp;<em>Nous avons besoin de cette motivation&nbsp;<\/em>\u00bb, a-t-il insist\u00e9 tandis que la contre-offensive men\u00e9e par les troupes ukrainiennes avance avec difficult\u00e9. \u00ab<em>&nbsp;L&rsquo;offensive n&rsquo;est pas rapide, c&rsquo;est un fait \u00bb<\/em>, a reconnu le pr\u00e9sident ukrainien, \u00ab<em>&nbsp;Mais n\u00e9anmoins, nous avan\u00e7ons, nous ne reculons pas, comme les Russes \u00bb<\/em>.<\/p>\n\n\n\n<p>Les paroles assurant que les portes \u00e9taient ouvertes \u00e0 l&rsquo;Ukraine ne sont pas \u00ab&nbsp;<em>suffisantes&nbsp;<\/em>\u00bb, selon le pr\u00e9sident ukrainien. \u00ab&nbsp;<em>L&rsquo;Ukraine n&rsquo;a pas re\u00e7u d&rsquo;invitation sous une forme ou une autre<\/em>&nbsp;\u00bb, a rappel\u00e9 M. Zelensky.&nbsp;Le pr\u00e9sident ukrainien a dit comprendre qu&rsquo;il pourrait \u00eatre difficile d&rsquo;obtenir le soutien de tous les membres de l&rsquo;Otan car certains ont \u00ab&nbsp;<em>peur de la Russie&nbsp;<\/em>\u00bb.&nbsp;<\/p>\n\n\n\n<p>Les Alli\u00e9s cherchent encore une ligne commune sur les garanties de s\u00e9curit\u00e9 qu&rsquo;ils sont pr\u00eats \u00e0 accorder \u00e0 Kiev ainsi que sur l&rsquo;invitation \u00e0 l&rsquo;Ukraine \u00e0 rejoindre \u00e0 terme l&rsquo;Otan.&nbsp;Au sommet de Vilnius, l&rsquo;Otan souhaite tenir la premi\u00e8re r\u00e9union du nouveau conseil Otan-Ukraine avec Volodymyr Zelensky.<\/p>\n\n\n\n<h2 class=\"wp-block-heading\">Changement de ton \u00e0 Sofia<\/h2>\n\n\n\n<p>Volodymyr Zelensky est arriv\u00e9 \u00e0 Prague jeudi soir, apr\u00e8s une visite en Bulgarie pour discuter aussi de l&rsquo;adh\u00e9sion \u00e0 l&rsquo;Otan et plaider pour une acc\u00e9l\u00e9ration de la livraison d&rsquo;armes par ce pays grand producteur de munitions, en pleine contre-offensive de Kiev.&nbsp;A Sofia, une \u00ab<em>&nbsp;d\u00e9claration commune&nbsp;<\/em>\u00bb a \u00e9t\u00e9 sign\u00e9e en faveur de l&rsquo;adh\u00e9sion de Kiev \u00e0 l&rsquo;Otan, en amont du sommet de Vilnius, pr\u00e9vu les 11 et 12 juillet.<\/p>\n\n\n\n<p>\u00ab\u00a0<em>Nous sommes reconnaissants pour le soutien apport\u00e9 par la Bulgarie<\/em>\u00a0\u00bb, a d\u00e9clar\u00e9 le chef d&rsquo;Etat aux c\u00f4t\u00e9s du nouveau Premier ministre Nikolay Denkov, qui a impuls\u00e9 un changement de ton en appuyant ouvertement Kiev. Car la Bulgarie, membre de l&rsquo;UE et de l&rsquo;Otan, mais historiquement et culturellement proche de Moscou, est profond\u00e9ment divis\u00e9e sur le sujet.\u00a0Au pr\u00e9sident bulgare Roumen Radev qui est farouchement oppos\u00e9 \u00e0 tout envoi d&rsquo;aide militaire par crainte d&rsquo;une escalade, Volodymyr Zelensky a r\u00e9torqu\u00e9 qu&rsquo;il s&rsquo;agissait de \u00ab se d\u00e9fendre \u00bb pour \u00e9viter que la guerre ne se propage au reste de l&rsquo;Europe.<\/p>\n\n\n\n<p>Dans les faits cependant, les usines d&rsquo;armement de l&rsquo;\u00e8re communiste tournent \u00e0 plein r\u00e9gime depuis l&rsquo;invasion russe de l&rsquo;Ukraine.&nbsp;L&rsquo;an dernier, les exportations de l&rsquo;industrie militaire bulgare ont fr\u00f4l\u00e9 les 4 milliards d&rsquo;euros, selon des estimations &#8211; soit le triple du pr\u00e9c\u00e9dent record de 2017.&nbsp;Jusqu&rsquo;\u00e0 pr\u00e9sent, des pays tiers faisaient office d&rsquo;interm\u00e9diaires, une solution trouv\u00e9e au d\u00e9but de la guerre par l&rsquo;ex-Premier ministre Kiril Petkov. \u00ab&nbsp;<em>Quasiment tout ce que nous avons re\u00e7u dans les premiers jours du conflit venait de nos partenaires bulgares<\/em>&nbsp;\u00bb, a r\u00e9cemment d\u00e9clar\u00e9 le conseiller pr\u00e9sidentiel Mikha\u00eflo Podoliak sur la t\u00e9l\u00e9vision bulgare Nova.<\/p>\n\n\n\n<p>Volodymy Zelensky poursuit sa tourn\u00e9e en Turquie ce vendredi. \u00c0 Istanbul, il doit rencontrer le chef de l&rsquo;\u00c9tat turc Recep Tayyip Erdogan avec en toile de fond la prolongation de l&rsquo;accord c\u00e9r\u00e9alier en mer Noire avec la Russie.<\/p>\n\n\n\n<p>(avec AFP)<\/p>\n","protected":false},"excerpt":{"rendered":"<p>En visite \u00e0 Prague apr\u00e8s une escale en Bulgarie, le pr\u00e9sident ukrainien a r\u00e9clam\u00e9 de \u00ab\u00a0l&rsquo;honn\u00eatet\u00e9\u00a0\u00bb dans les relations de<\/p>\n","protected":false},"author":1,"featured_media":15860,"comment_status":"open","ping_status":"open","sticky":false,"template":"","format":"standard","meta":{"footnotes":""},"categories":[51],"tags":[],"class_list":["post-15859","post","type-post","status-publish","format-standard","has-post-thumbnail","hentry","category-general"],"_links":{"self":[{"href":"https:\/\/dekkbi.com\/index.php?rest_route=\/wp\/v2\/posts\/15859","targetHints":{"allow":["GET"]}}],"collection":[{"href":"https:\/\/dekkbi.com\/index.php?rest_route=\/wp\/v2\/posts"}],"about":[{"href":"https:\/\/dekkbi.com\/index.php?rest_route=\/wp\/v2\/types\/post"}],"author":[{"embeddable":true,"href":"https:\/\/dekkbi.com\/index.php?rest_route=\/wp\/v2\/users\/1"}],"replies":[{"embeddable":true,"href":"https:\/\/dekkbi.com\/index.php?rest_route=%2Fwp%2Fv2%2Fcomments&post=15859"}],"version-history":[{"count":1,"href":"https:\/\/dekkbi.com\/index.php?rest_route=\/wp\/v2\/posts\/15859\/revisions"}],"predecessor-version":[{"id":15861,"href":"https:\/\/dekkbi.com\/index.php?rest_route=\/wp\/v2\/posts\/15859\/revisions\/15861"}],"wp:featuredmedia":[{"embeddable":true,"href":"https:\/\/dekkbi.com\/index.php?rest_route=\/wp\/v2\/media\/15860"}],"wp:attachment":[{"href":"https:\/\/dekkbi.com\/index.php?rest_route=%2Fwp%2Fv2%2Fmedia&parent=15859"}],"wp:term":[{"taxonomy":"category","embeddable":true,"href":"https:\/\/dekkbi.com\/index.php?rest_route=%2Fwp%2Fv2%2Fcategories&post=15859"},{"taxonomy":"post_tag","embeddable":true,"href":"https:\/\/dekkbi.com\/index.php?rest_route=%2Fwp%2Fv2%2Ftags&post=15859"}],"curies":[{"name":"wp","href":"https:\/\/api.w.org\/{rel}","templated":true}]}}