{"id":15846,"date":"2023-07-07T09:49:30","date_gmt":"2023-07-07T09:49:30","guid":{"rendered":"https:\/\/dekkbi.com\/?p=15846"},"modified":"2023-07-07T12:39:27","modified_gmt":"2023-07-07T12:39:27","slug":"mbappe-en-visite-au-cameroun-pour-la-premiere-fois-le-menu-de-son-voyage","status":"publish","type":"post","link":"https:\/\/dekkbi.com\/?p=15846","title":{"rendered":"Kylian Mbapp\u00e9 en visite au Cameroun pour la premi\u00e8re fois : le menu de son voyage"},"content":{"rendered":"\n<p>iGFM (Dakar) L&rsquo;attaquant du Paris Saint-Germain et de l&rsquo;\u00e9quipe de France, Kylian Mbapp\u00e9, a \u00e9t\u00e9 ovationn\u00e9 par des centaines de fans jeudi \u00e0 son arriv\u00e9e au Cameroun pour une visite consacr\u00e9e \u00e0 des \u0153uvres de charit\u00e9 et un d\u00e9tour dans le village de son p\u00e8re. RMC nous donne les d\u00e9tails.<\/p>\n\n\n\n<p>Un groupe de 400 personnes environ, arborant pour beaucoup le maillot du PSG, hurlait son nom quand il est apparu \u00e0 la sortie de l&rsquo;a\u00e9roport de Yaound\u00e9, la capitale, a constat\u00e9 un journaliste de l&rsquo;AFP. Kylian Mbapp\u00e9 a salu\u00e9 une centaine de danseurs traditionnels qui se produisaient \u00e0 son arriv\u00e9e, un \u00e9v\u00e9nement encadr\u00e9 par une centaine de policiers et gendarmes.<\/p>\n\n\n\n<p><\/p>\n\n\n\n<p>iGFM (Dakar) L&rsquo;attaquant du Paris Saint-Germain et de l&rsquo;\u00e9quipe de France, Kylian Mbapp\u00e9, a \u00e9t\u00e9 ovationn\u00e9 par des centaines de fans jeudi \u00e0 son arriv\u00e9e au Cameroun pour une visite consacr\u00e9e \u00e0 des \u0153uvres de charit\u00e9 et un d\u00e9tour dans le village de son p\u00e8re. RMC nous donne les d\u00e9tails.<\/p>\n\n\n\n<p>Un groupe de 400 personnes environ, arborant pour beaucoup le maillot du PSG, hurlait son nom quand il est apparu \u00e0 la sortie de l&rsquo;a\u00e9roport de Yaound\u00e9, la capitale, a constat\u00e9 un journaliste de l&rsquo;AFP. Kylian Mbapp\u00e9 a salu\u00e9 une centaine de danseurs traditionnels qui se produisaient \u00e0 son arriv\u00e9e, un \u00e9v\u00e9nement encadr\u00e9 par une centaine de policiers et gendarmes.<\/p>\n\n\n\n<p>Il s\u00e9journera durant sa visite de quelques jours dans un complexe h\u00f4telier appartenant \u00e0 la famille de l&rsquo;ancien tennisman Yannick Noah, dernier vainqueur fran\u00e7ais du tournoi de Roland-Garros, en 1983, qui a \u00e9lu domicile \u00e0 Yaound\u00e9 et fait partie des organisateurs de la tourn\u00e9e de Mbapp\u00e9.<br><br><strong>Un match de basket face \u00e0 Joakim Noah au programme<\/strong><br><br>Tout sourire, la star mondiale du football a salu\u00e9 la foule tenue \u00e0 distance par les policiers, puis s&rsquo;est rapidement engouffr\u00e9e dans un SUV aux vitres teint\u00e9es qui a pris la direction de Yaound\u00e9.<\/p>\n\n\n\n<p>Un programme pr\u00e9voit qu&rsquo;il visite vendredi matin l&rsquo;\u00e9cole pour enfants sourds et malentendants de la Fondation pour l&rsquo;\u00e9ducation et la promotion des personnes d\u00e9ficientes auditives (FEPPDA) \u00e0 Yaound\u00e9, puis participe \u00e0 un \u00ab\u00a0match de basket Mbapp\u00e9 vs Joakim\u00a0\u00bb, le fils de Yannick et ancien joueur de NBA.<\/p>\n\n\n\n<p>Vendredi apr\u00e8s-midi, il participera \u00e0 un match de football contre le FC Vent d&rsquo;Etoudi, club de D2 camerounaise que pr\u00e9side Yannick Noah. Il ira samedi \u00e0 Douala, la capitale \u00e9conomique du Cameroun, o\u00f9 il doit visiter une \u00e9cole puis se rendra \u00e0 Djebal\u00e9, le village de son p\u00e8re Wilfrid Mbapp\u00e9, n\u00e9 \u00e0 Douala mais qui a quitt\u00e9 tr\u00e8s t\u00f4t le Cameroun pour la France.<\/p>\n\n\n\n<p>\u00ab\u00a0C&rsquo;est une occasion pour lui de visiter \u00e0 Yaound\u00e9 et \u00e0 Douala les deux \u00e9coles r\u00e9habilit\u00e9es par son association Inspired By KM (IBKM), d&rsquo;aller sur les traces de ses anc\u00eatres \u00e0 Djebal\u00e9, de passer du temps avec les jeunes Camerounais\u00a0\u00bb, a d\u00e9taill\u00e9 son entourage \u00e0 Paris. \u00ab\u00a0C&rsquo;est une fiert\u00e9 en tant que Camerounais car c&rsquo;est un Camerounais d&rsquo;origine, mais c&rsquo;est aussi un honneur de pouvoir voir le meilleur joueur du monde\u00a0\u00bb, s&rsquo;enthousiasmait \u00e0 l&rsquo;a\u00e9roport Ars\u00e8ne Pinlap, 37 ans, pr\u00e9sident du fan club du PSG \u00e0 Yaound\u00e9, venu en d\u00e9l\u00e9gation.<br><br><strong>Une rencontre avec le Premier ministre du Cameroun<\/strong><br><br>\u00ab\u00a0Nous sommes fiers de voir notre fr\u00e8re camerounais. Nous voulons lui offrir un accueil tr\u00e8s chaleureux\u00a0\u00bb, a rench\u00e9ri Vannel Kunde, un lyc\u00e9en de 16 ans. \u00ab\u00a0C&rsquo;est une joie immense pour nous les enfants qui aimons le football\u00a0\u00bb d&rsquo;accueillir Kylian Mbapp\u00e9 dans notre pays, s&rsquo;\u00e9tranglait Armelle Ntsama, lyc\u00e9enne de 18 ans. La star fran\u00e7aise rencontrera \u00e9galement \u00ab\u00a0certaines autorit\u00e9s du pays\u00a0\u00bb, dont le Premier ministre Joseph Dion Ngute, pour \u00ab\u00a0\u00e9changer sur tous les projets qu&rsquo;il souhaite mettre en place au Cameroun\u00a0\u00bb, selon le communiqu\u00e9 de l&rsquo;entourage de l&rsquo;attaquant parisien.<br><br>Ce d\u00e9placement au Cameroun intervient alors que les relations entre la star et le PSG traversent une phase compliqu\u00e9e depuis plusieurs semaines. Mbapp\u00e9 a prolong\u00e9 en mai 2022 au PSG pour deux saisons, jusqu&rsquo;en mai 2024 donc, plus une suppl\u00e9mentaire, jusqu&rsquo;en 2025, une option qu&rsquo;il est libre d&rsquo;activer d&rsquo;ici au 31 juillet. L&rsquo;attaquant vedette a indiqu\u00e9 son souhait de ne pas le faire.<\/p>\n","protected":false},"excerpt":{"rendered":"<p>iGFM (Dakar) L&rsquo;attaquant du Paris Saint-Germain et de l&rsquo;\u00e9quipe de France, Kylian Mbapp\u00e9, a \u00e9t\u00e9 ovationn\u00e9 par des centaines de<\/p>\n","protected":false},"author":1,"featured_media":15847,"comment_status":"open","ping_status":"open","sticky":false,"template":"","format":"standard","meta":{"footnotes":""},"categories":[9],"tags":[],"class_list":["post-15846","post","type-post","status-publish","format-standard","has-post-thumbnail","hentry","category-sports"],"_links":{"self":[{"href":"https:\/\/dekkbi.com\/index.php?rest_route=\/wp\/v2\/posts\/15846","targetHints":{"allow":["GET"]}}],"collection":[{"href":"https:\/\/dekkbi.com\/index.php?rest_route=\/wp\/v2\/posts"}],"about":[{"href":"https:\/\/dekkbi.com\/index.php?rest_route=\/wp\/v2\/types\/post"}],"author":[{"embeddable":true,"href":"https:\/\/dekkbi.com\/index.php?rest_route=\/wp\/v2\/users\/1"}],"replies":[{"embeddable":true,"href":"https:\/\/dekkbi.com\/index.php?rest_route=%2Fwp%2Fv2%2Fcomments&post=15846"}],"version-history":[{"count":2,"href":"https:\/\/dekkbi.com\/index.php?rest_route=\/wp\/v2\/posts\/15846\/revisions"}],"predecessor-version":[{"id":15927,"href":"https:\/\/dekkbi.com\/index.php?rest_route=\/wp\/v2\/posts\/15846\/revisions\/15927"}],"wp:featuredmedia":[{"embeddable":true,"href":"https:\/\/dekkbi.com\/index.php?rest_route=\/wp\/v2\/media\/15847"}],"wp:attachment":[{"href":"https:\/\/dekkbi.com\/index.php?rest_route=%2Fwp%2Fv2%2Fmedia&parent=15846"}],"wp:term":[{"taxonomy":"category","embeddable":true,"href":"https:\/\/dekkbi.com\/index.php?rest_route=%2Fwp%2Fv2%2Fcategories&post=15846"},{"taxonomy":"post_tag","embeddable":true,"href":"https:\/\/dekkbi.com\/index.php?rest_route=%2Fwp%2Fv2%2Ftags&post=15846"}],"curies":[{"name":"wp","href":"https:\/\/api.w.org\/{rel}","templated":true}]}}