{"id":15783,"date":"2023-07-06T11:49:55","date_gmt":"2023-07-06T11:49:55","guid":{"rendered":"https:\/\/dekkbi.com\/?p=15783"},"modified":"2023-07-06T11:49:56","modified_gmt":"2023-07-06T11:49:56","slug":"concert-dapplaudissement-devant-le-palais-macky-sall-ko-dimo","status":"publish","type":"post","link":"https:\/\/dekkbi.com\/?p=15783","title":{"rendered":"Concert d\u2019applaudissement devant le Palais : \u00abMacky Sall ko dimo\u00bb"},"content":{"rendered":"\n<h2 class=\"wp-block-heading\">Dans une annonce surprenante, le pr\u00e9sident de la R\u00e9publique du S\u00e9n\u00e9gal, Macky Sall, a d\u00e9clar\u00e9 qu\u2019il ne sera pas candidat \u00e0 la pr\u00e9sidentielle 2024, le lundi 03 juillet. Sur ce, les militants de l\u2019Alliance pour la R\u00e9publique (APR) ont voulu rendre un vibrant hommage au Chef de l\u2019Etat, devant le Palais, ce mercredi 05 juillet 2023.<\/h2>\n\n\n\n<p>Macky Sall pour lui rendre un vibrant hommage pour mission accomplir. Mais, le concert d\u2019applaudissement a \u00e9t\u00e9 interdit.<\/p>\n\n\n\n<p>Malgr\u00e9 cette interdiction, des S\u00e9n\u00e9galais se sont d\u00e9plac\u00e9s pour dire merci au chef de l\u2019Etat.<\/p>\n\n\n\n<p>Au micro de Senego, beaucoup d\u2019entre eux, disent qu\u2019ils sont derri\u00e8re le pr\u00e9sident de la R\u00e9publique.<\/p>\n\n\n\n<p>SOURCE SENEGO<\/p>\n\n\n\n<p><\/p>\n\n\n\n<figure class=\"wp-block-embed is-type-rich is-provider-prise-en-charge-des-contenus-embarques wp-block-embed-prise-en-charge-des-contenus-embarques wp-embed-aspect-16-9 wp-has-aspect-ratio\"><div class=\"wp-block-embed__wrapper\">\n<iframe loading=\"lazy\" title=\"Sargal Pr\u00e9sident : Macky Sall ko Dima\" width=\"800\" height=\"450\" src=\"https:\/\/www.youtube.com\/embed\/a7y-IQ4yQOI?feature=oembed\" frameborder=\"0\" allow=\"accelerometer; autoplay; clipboard-write; encrypted-media; gyroscope; picture-in-picture; web-share\" allowfullscreen><\/iframe>\n<\/div><\/figure>\n","protected":false},"excerpt":{"rendered":"<p>Dans une annonce surprenante, le pr\u00e9sident de la R\u00e9publique du S\u00e9n\u00e9gal, Macky Sall, a d\u00e9clar\u00e9 qu\u2019il ne sera pas candidat<\/p>\n","protected":false},"author":1,"featured_media":15785,"comment_status":"open","ping_status":"open","sticky":false,"template":"","format":"standard","meta":{"footnotes":""},"categories":[21],"tags":[],"class_list":["post-15783","post","type-post","status-publish","format-standard","has-post-thumbnail","hentry","category-societe"],"_links":{"self":[{"href":"https:\/\/dekkbi.com\/index.php?rest_route=\/wp\/v2\/posts\/15783","targetHints":{"allow":["GET"]}}],"collection":[{"href":"https:\/\/dekkbi.com\/index.php?rest_route=\/wp\/v2\/posts"}],"about":[{"href":"https:\/\/dekkbi.com\/index.php?rest_route=\/wp\/v2\/types\/post"}],"author":[{"embeddable":true,"href":"https:\/\/dekkbi.com\/index.php?rest_route=\/wp\/v2\/users\/1"}],"replies":[{"embeddable":true,"href":"https:\/\/dekkbi.com\/index.php?rest_route=%2Fwp%2Fv2%2Fcomments&post=15783"}],"version-history":[{"count":1,"href":"https:\/\/dekkbi.com\/index.php?rest_route=\/wp\/v2\/posts\/15783\/revisions"}],"predecessor-version":[{"id":15786,"href":"https:\/\/dekkbi.com\/index.php?rest_route=\/wp\/v2\/posts\/15783\/revisions\/15786"}],"wp:featuredmedia":[{"embeddable":true,"href":"https:\/\/dekkbi.com\/index.php?rest_route=\/wp\/v2\/media\/15785"}],"wp:attachment":[{"href":"https:\/\/dekkbi.com\/index.php?rest_route=%2Fwp%2Fv2%2Fmedia&parent=15783"}],"wp:term":[{"taxonomy":"category","embeddable":true,"href":"https:\/\/dekkbi.com\/index.php?rest_route=%2Fwp%2Fv2%2Fcategories&post=15783"},{"taxonomy":"post_tag","embeddable":true,"href":"https:\/\/dekkbi.com\/index.php?rest_route=%2Fwp%2Fv2%2Ftags&post=15783"}],"curies":[{"name":"wp","href":"https:\/\/api.w.org\/{rel}","templated":true}]}}