{"id":15780,"date":"2023-07-06T11:39:31","date_gmt":"2023-07-06T11:39:31","guid":{"rendered":"https:\/\/dekkbi.com\/?p=15780"},"modified":"2023-07-06T11:39:33","modified_gmt":"2023-07-06T11:39:33","slug":"meta-lance-officiellement-threads-le-nouveau-reseau-social-concurrent-de-twitter","status":"publish","type":"post","link":"https:\/\/dekkbi.com\/?p=15780","title":{"rendered":"Meta lance officiellement \u00abThreads\u00bb, le nouveau r\u00e9seau social concurrent de Twitter"},"content":{"rendered":"\n<p>La multinationale am\u00e9ricaine Meta a inaugur\u00e9 mercredi 5 juillet \u00ab\u00a0Threads\u00a0\u00bb, son tout nouveau r\u00e9seau social, largement inspir\u00e9 de Twitter. Apr\u00e8s sa mise en ligne, son fondateur, Mark Zuckerberg, a annonc\u00e9 cinq millions d\u2019inscriptions en \u00e0 peine quatre heures.<\/p>\n\n\n\n<p>La nouvelle plate-forme de \u00ab&nbsp;microblogging&nbsp;\u00bb Threads, aux caract\u00e9ristiques et au fonctionnement proches de ceux de Twitter, vient d\u2019\u00eatre lanc\u00e9e ce mercredi soir par Meta, dans 100 pays.&nbsp;\u00ab&nbsp;<em>Allons-y. Bienvenue sur Threads<\/em>&nbsp;\u00bb, pouvait-on lire sur le compte du PDG de Meta, Mark Zuckerberg. Un message qui a recueilli plusieurs milliers de \u00ab&nbsp;<em>likes<\/em>&nbsp;\u00bb en quelques minutes, signe du d\u00e9marrage en trombe de ce nouveau venu des r\u00e9seaux sociaux.<\/p>\n\n\n\n<p>Apr\u00e8s sept heures de mise en ligne, dix millions d\u2019inscriptions ont d\u00e9j\u00e0 \u00e9t\u00e9 enregistr\u00e9es. Threads est pr\u00e9sent\u00e9e comme l&rsquo;application de conversation \u00e9crite d&rsquo;Instagram, autre r\u00e9seau social de Meta, sans publicit\u00e9s. La plate-forme permet aux utilisateurs d&rsquo;Instagram d&rsquo;\u00eatre authentifi\u00e9s avec leurs identifiants existants pour poster du contenu sur leur compte.&nbsp;Avec ses plus de deux milliards d&rsquo;utilisateurs actifs, Instagram offre \u00e0 Threads une v\u00e9ritable rampe de lancement dont n&rsquo;auraient pu r\u00eaver les petits comp\u00e9titeurs de Twitter, de Mastodon \u00e0 Bluesky.<\/p>\n\n\n\n<p>Plusieurs c\u00e9l\u00e9brit\u00e9s disposaient d\u00e9j\u00e0 de comptes certifi\u00e9s d\u00e8s l\u2019ouverture du r\u00e9seau : la chanteuse Shakira, l\u2019acteur Jack Black ou encore le chef cuisinier britannique Gordon Ramsay, rappelle notre correspondant&nbsp;<strong>Guillaume Naudin<\/strong>. Des influenceurs susceptibles de ramener rapidement de l\u2019audience, et donc des revenus publicitaires.<\/p>\n\n\n\n<p>Un b\u00e9mol toutefois : pour des raisons r\u00e9glementaires, le service ne sera dans un premier temps pas disponible en Europe, ce qui risque de ralentir son d\u00e9veloppement.<\/p>\n\n\n\n<h2 class=\"wp-block-heading\">Une menace pour l\u2019oiseau bleu<\/h2>\n\n\n\n<p>Threads \u00e9tait un projet attendu\u00a0<strong>depuis plusieurs mois<\/strong>\u00a0et fait directement concurrence \u00e0 Twitter. Depuis son rachat par le milliardaire Elon Musk, les annonceurs, une partie des abonn\u00e9s et le reste du secteur, observent la direction erratique et souvent toxique prise par Twitter, qui se veut une place publique mondiale.<\/p>\n\n\n\n<p>R\u00e9cemment,&nbsp;Elon Musk a annonc\u00e9 la mise en place d&rsquo;une limite au nombre de messages consultables par compte et par jour. Le tableau de bord TweetDeck, tr\u00e8s populaire chez les utilisateurs actifs, ne sera aussi bient\u00f4t plus accessible qu\u2019aux comptes v\u00e9rifi\u00e9s, donc payants. Une d\u00e9cision qui a pris \u00e0 rebrousse-poil usagers et d\u00e9veloppeurs.<\/p>\n\n\n\n<p>N\u00e9anmoins, l&rsquo;impact imm\u00e9diat de Threads comme menace pour Twitter pourrait \u00eatre limit\u00e9 par le fait que Meta devra attendre avant de proposer le r\u00e9seau aux r\u00e9sidents de l&rsquo;Union europ\u00e9enne.<\/p>\n\n\n\n<h2 class=\"wp-block-heading\">Pourquoi Threads n\u2019est pour l\u2019instant pas disponible en Europe&nbsp;?<\/h2>\n\n\n\n<p>Pour une raison simple : Meta a peur de la r\u00e9gulation europ\u00e9enne en mati\u00e8re de protection des donn\u00e9es. En l\u2019\u00e9tat, l\u2019application pourrait exposer Meta \u00e0 des poursuites.<\/p>\n\n\n\n<p>En mai dernier, le groupe de Mark Zuckerberg a \u00e9cop\u00e9 d&rsquo;une\u00a0<strong>amende \u00e0 la somme record<\/strong>\u00a0de 1,2 milliard d&rsquo;euros, inflig\u00e9e par le r\u00e9gulateur irlandais, alors que le si\u00e8ge europ\u00e9en de Meta se trouve \u00e0 Dublin, en Irlande. L\u2019amende avait \u00e9t\u00e9 appliqu\u00e9e pour ne pas avoir respect\u00e9 les r\u00e8gles de Bruxelles en envoyant les donn\u00e9es personnelles des utilisateurs europ\u00e9ens de Facebook.<\/p>\n\n\n\n<p>L&rsquo;Union Europ\u00e9enne est en effet devenue le standard mondial de r\u00e9f\u00e9rence en mati\u00e8re de protection des donn\u00e9es, avec le R\u00e8glement g\u00e9n\u00e9ral sur la protection des donn\u00e9es (RGPD) qui vient de f\u00eater ses 5 ans. Ce r\u00e8glement force tous les sites internet \u00e0 la transparence sur les informations r\u00e9colt\u00e9es, et les oblige \u00e0 laisser l\u2019utilisateur choisir lesquelles il accepte de c\u00e9der.<\/p>\n\n\n\n<p>Pour concurrencer Twitter, Threads compte s&rsquo;appuyer sur la masse des usagers d\u2019Instagram, et va donc extraire des donn\u00e9es du r\u00e9seau de partage de photos. En attendant de savoir comment r\u00e9agirait Bruxelles, Meta semble pr\u00e9f\u00e9rer prendre son temps.<\/p>\n\n\n\n<p>(<em>Et avec&nbsp;<\/em>AFP)<\/p>\n","protected":false},"excerpt":{"rendered":"<p>La multinationale am\u00e9ricaine Meta a inaugur\u00e9 mercredi 5 juillet \u00ab\u00a0Threads\u00a0\u00bb, son tout nouveau r\u00e9seau social, largement inspir\u00e9 de Twitter. Apr\u00e8s<\/p>\n","protected":false},"author":1,"featured_media":15781,"comment_status":"open","ping_status":"open","sticky":false,"template":"","format":"standard","meta":{"footnotes":""},"categories":[46],"tags":[],"class_list":["post-15780","post","type-post","status-publish","format-standard","has-post-thumbnail","hentry","category-technology"],"_links":{"self":[{"href":"https:\/\/dekkbi.com\/index.php?rest_route=\/wp\/v2\/posts\/15780","targetHints":{"allow":["GET"]}}],"collection":[{"href":"https:\/\/dekkbi.com\/index.php?rest_route=\/wp\/v2\/posts"}],"about":[{"href":"https:\/\/dekkbi.com\/index.php?rest_route=\/wp\/v2\/types\/post"}],"author":[{"embeddable":true,"href":"https:\/\/dekkbi.com\/index.php?rest_route=\/wp\/v2\/users\/1"}],"replies":[{"embeddable":true,"href":"https:\/\/dekkbi.com\/index.php?rest_route=%2Fwp%2Fv2%2Fcomments&post=15780"}],"version-history":[{"count":1,"href":"https:\/\/dekkbi.com\/index.php?rest_route=\/wp\/v2\/posts\/15780\/revisions"}],"predecessor-version":[{"id":15782,"href":"https:\/\/dekkbi.com\/index.php?rest_route=\/wp\/v2\/posts\/15780\/revisions\/15782"}],"wp:featuredmedia":[{"embeddable":true,"href":"https:\/\/dekkbi.com\/index.php?rest_route=\/wp\/v2\/media\/15781"}],"wp:attachment":[{"href":"https:\/\/dekkbi.com\/index.php?rest_route=%2Fwp%2Fv2%2Fmedia&parent=15780"}],"wp:term":[{"taxonomy":"category","embeddable":true,"href":"https:\/\/dekkbi.com\/index.php?rest_route=%2Fwp%2Fv2%2Fcategories&post=15780"},{"taxonomy":"post_tag","embeddable":true,"href":"https:\/\/dekkbi.com\/index.php?rest_route=%2Fwp%2Fv2%2Ftags&post=15780"}],"curies":[{"name":"wp","href":"https:\/\/api.w.org\/{rel}","templated":true}]}}