{"id":15774,"date":"2023-07-06T11:26:55","date_gmt":"2023-07-06T11:26:55","guid":{"rendered":"https:\/\/dekkbi.com\/?p=15774"},"modified":"2023-07-06T11:26:57","modified_gmt":"2023-07-06T11:26:57","slug":"mort-de-nahel-le-policier-responsable-du-tir-mortel-maintenu-en-detention-provisoire","status":"publish","type":"post","link":"https:\/\/dekkbi.com\/?p=15774","title":{"rendered":"Mort de Nahel: le policier responsable du tir mortel maintenu en d\u00e9tention provisoire"},"content":{"rendered":"\n<p>La chambre de l&rsquo;instruction de la cour d&rsquo;appel de Versailles a pris sa d\u00e9cision\u00a0: conform\u00e9ment aux r\u00e9quisitions du parquet,\u00a0Florian M., le policier qui a tir\u00e9 sur Nahel \u00e0 Nanterre lors d&rsquo;un contr\u00f4le routier, sera maintenu en d\u00e9tention provisoire, comme l\u2019a indiqu\u00e9 \u00e0 l&rsquo;AFP une source proche du dossier.\u00a0<\/p>\n\n\n\n<p>Le procureur de Nanterre avait r\u00e9clam\u00e9 la d\u00e9tention &nbsp;\u00ab&nbsp;<em>au regard des faits et de la n\u00e9cessit\u00e9 de pr\u00e9server les investigations<\/em>&nbsp;\u00bb.&nbsp;Incarc\u00e9r\u00e9 \u00e0 la prison de la Sant\u00e9 \u00e0 Paris, o\u00f9 il le restera, Florian M. est apparu en visioconf\u00e9rence lors de l&rsquo;audience,&nbsp;\u00e0 la suite d&rsquo;une demande de remise en libert\u00e9 \u00e9mise par son avocat,&nbsp;Me Laurent-Franck Li\u00e9nard.&nbsp;\u00ab<em>&nbsp;Pour lui<\/em>&nbsp;\u00bb, son maintien en prison est \u00ab&nbsp;<em>totalement d\u00e9sesp\u00e9rant<\/em>&nbsp;\u00bb, a r\u00e9agi l\u2019avocat au micro de BFMTV.<\/p>\n\n\n\n<p>Dans cette affaire, sa mise en examen pour homicide volontaire \u00e9tait d\u00e9j\u00e0 exceptionnelle : le motard de Nanterre n&rsquo;est que le 2\u00e8me fonctionnaire \u00e0 \u00eatre poursuivi pour ces faits.<\/p>\n\n\n\n<h2 class=\"wp-block-heading\">La version des faits selon Florian M.&nbsp;<\/h2>\n\n\n\n<p>Florian M. a partag\u00e9 son r\u00e9cit et sa version des faits.&nbsp;Le brigadier de 38 ans a soulign\u00e9&nbsp;d&#8217;embl\u00e9e que ce jour-l\u00e0, il en est \u00e0 son 9\u00e8me jour de travail cons\u00e9cutif.&nbsp;Tout commence quand, avec son co\u00e9quipier, ils remarquent \u00ab&nbsp;<em>une Mercedes dont&nbsp;le moteur vrombissait et qui circulait dans la voie de bus&nbsp;\u00bb.&nbsp;<\/em>Les deux policiers prennent alors la voiture en chasse; tentent une premi\u00e8re fois de l&rsquo;arr\u00eater, en vain.<\/p>\n\n\n\n<p>Dans ses notes, le parquet pr\u00e9cise que d&rsquo;apr\u00e8s la vid\u00e9o de surveillance, au cours de son p\u00e9riple, la voiture de location\u00a0 a \u00ab\u00a0<em>failli percuter un cycliste\u00a0<\/em>\u00bb et contraint un pi\u00e9ton \u00e0 se mettre \u00e0 l&rsquo;abri.\u00a0Les deux motards ont fini par retrouver la voiture, bloqu\u00e9e dans la circulation, \u00e0 proximit\u00e9 de la place Nelson-Mandela. Florian M. et son co\u00e9quipier se sont approch\u00e9s, armes \u00e0 la main. La suite de la sc\u00e8ne a \u00e9t\u00e9 film\u00e9e.\u00a0<\/p>\n\n\n\n<p>Pourquoi alors a-t-il tir\u00e9? Le brigadier affirme s&rsquo;\u00eatre senti accul\u00e9 et avoir craint que la voiture, en red\u00e9marrant, n&rsquo;entra\u00eene son coll\u00e8gue. Mais \u00ab&nbsp;<em>il n&rsquo;a pas voulu viser le haut du corps<\/em>&nbsp;\u00bb, pr\u00e9cise-t-il. Selon l&rsquo;autopsie, la balle a travers\u00e9 le pare-brise avant de se loger dans le thorax de Nahel.<\/p>\n\n\n\n<p>Devant l&rsquo;Inspection g\u00e9n\u00e9rale de la police nationale (IGPN), Florian M. a ni\u00e9 avoir prononc\u00e9 la phrase \u00ab\u00a0<em>tu vas prendre une balle dans la t\u00eate<\/em>\u00a0\u00bb, selon un compte rendu de ses d\u00e9clarations en garde \u00e0 vue cit\u00e9 par\u00a0<em><strong>Le Parisien<\/strong><\/em>. Le policier a assur\u00e9 avoir hurl\u00e9 \u00e0 Nahel de couper le contact et frapp\u00e9 \u00e0 plusieurs reprises le pare-brise de la voiture \u00ab\u00a0<em>afin d&rsquo;attirer l&rsquo;attention du conducteur<\/em>\u00a0\u00bb.<\/p>\n\n\n\n<p>De mani\u00e8re g\u00e9n\u00e9rale, la d\u00e9tention provisoire est requise pour \u00e9viter que les acteurs d&rsquo;un dossier ne communiquent entre eux ou subissent des pressions. L&rsquo;autre crit\u00e8re souvent cit\u00e9 est le risque de trouble \u00e0 l&rsquo;ordre public.&nbsp;Sans doute l&rsquo;une des motivations de la cour d&rsquo;appel de Versailles, alors que la France vient de vivre plusieurs jours de violences urbaines.&nbsp;<\/p>\n\n\n\n<p>(<em>Et avec&nbsp;<\/em>AFP)<\/p>\n","protected":false},"excerpt":{"rendered":"<p>La chambre de l&rsquo;instruction de la cour d&rsquo;appel de Versailles a pris sa d\u00e9cision\u00a0: conform\u00e9ment aux r\u00e9quisitions du parquet,\u00a0Florian M.,<\/p>\n","protected":false},"author":1,"featured_media":15775,"comment_status":"open","ping_status":"open","sticky":false,"template":"","format":"standard","meta":{"footnotes":""},"categories":[51],"tags":[],"class_list":["post-15774","post","type-post","status-publish","format-standard","has-post-thumbnail","hentry","category-general"],"_links":{"self":[{"href":"https:\/\/dekkbi.com\/index.php?rest_route=\/wp\/v2\/posts\/15774","targetHints":{"allow":["GET"]}}],"collection":[{"href":"https:\/\/dekkbi.com\/index.php?rest_route=\/wp\/v2\/posts"}],"about":[{"href":"https:\/\/dekkbi.com\/index.php?rest_route=\/wp\/v2\/types\/post"}],"author":[{"embeddable":true,"href":"https:\/\/dekkbi.com\/index.php?rest_route=\/wp\/v2\/users\/1"}],"replies":[{"embeddable":true,"href":"https:\/\/dekkbi.com\/index.php?rest_route=%2Fwp%2Fv2%2Fcomments&post=15774"}],"version-history":[{"count":1,"href":"https:\/\/dekkbi.com\/index.php?rest_route=\/wp\/v2\/posts\/15774\/revisions"}],"predecessor-version":[{"id":15776,"href":"https:\/\/dekkbi.com\/index.php?rest_route=\/wp\/v2\/posts\/15774\/revisions\/15776"}],"wp:featuredmedia":[{"embeddable":true,"href":"https:\/\/dekkbi.com\/index.php?rest_route=\/wp\/v2\/media\/15775"}],"wp:attachment":[{"href":"https:\/\/dekkbi.com\/index.php?rest_route=%2Fwp%2Fv2%2Fmedia&parent=15774"}],"wp:term":[{"taxonomy":"category","embeddable":true,"href":"https:\/\/dekkbi.com\/index.php?rest_route=%2Fwp%2Fv2%2Fcategories&post=15774"},{"taxonomy":"post_tag","embeddable":true,"href":"https:\/\/dekkbi.com\/index.php?rest_route=%2Fwp%2Fv2%2Ftags&post=15774"}],"curies":[{"name":"wp","href":"https:\/\/api.w.org\/{rel}","templated":true}]}}