{"id":15768,"date":"2023-07-06T11:12:16","date_gmt":"2023-07-06T11:12:16","guid":{"rendered":"https:\/\/dekkbi.com\/?p=15768"},"modified":"2023-07-06T11:12:17","modified_gmt":"2023-07-06T11:12:17","slug":"tunisie-precaire-retour-au-calme-a-sfax-des-ong-sinquietent-des-retours-forces-a-la-frontiere-avec-la-libye","status":"publish","type":"post","link":"https:\/\/dekkbi.com\/?p=15768","title":{"rendered":"Tunisie: pr\u00e9caire retour au calme \u00e0 Sfax, des ONG s&rsquo;inqui\u00e8tent des retours forc\u00e9s \u00e0 la fronti\u00e8re avec la Libye"},"content":{"rendered":"\n<p>\u00c0\u00a0Sfax, apr\u00e8s une troisi\u00e8me nuit de violences contre les Subsahariens \u00e0 la suite de la mort d\u2019un Tunisien poignard\u00e9 lors d\u2019une altercation avec des migrants le lundi 3 juillet, le calme est revenu, mais la situation restait tr\u00e8s tendue mercredi. De nombreux migrants se clo\u00eetrent chez eux, d\u2019autres ont \u00e9t\u00e9 escort\u00e9s par la police hors de leur domicile sous les clameurs des habitants leur intimant de d\u00e9gager, d\u2019autres encore se sont retrouv\u00e9s \u00e0 devoir fuir la ville par tous les moyens.\u00a0<\/p>\n\n\n\n<p><em>Avec notre envoy\u00e9e sp\u00e9ciale \u00e0 Sfax,\u00a0<\/em><strong>Lilia Blaise<\/strong> SOURCE RFI<\/p>\n\n\n\n<p>\u00c0 la gare de Sfax, en centre-ville, plus d\u2019une centaine de migrants subsahariens attendent avec inqui\u00e9tude le d\u00e9part du train pour la capitale. C&rsquo;est le cas de Mohamed Mansari, originaire de Freetown en Sierra Leone.<\/p>\n\n\n\n<p>Arriv\u00e9 en Tunisie sept mois plus t\u00f4t, il veut d\u00e9sormais fuir la ville de Sfax \u00e0 tout prix.&nbsp;\u00ab&nbsp;<em>On a besoin d\u2019aide, nous avons vraiment besoin d\u2019aide ! Ce n\u2019est pas du tout facile actuellement pour nous. On souffre beaucoup ! Il y a des jeunes Tunisiens qui sont venus chez nous prendre notre argent, nos t\u00e9l\u00e9phones. Certains avec des armes blanches.<\/em>&nbsp;\u00bb&nbsp;Il part avec, pour seul bagage, un petit carnet o\u00f9 il a not\u00e9 les num\u00e9ros de ses amis, car il s\u2019est fait voler son t\u00e9l\u00e9phone.<\/p>\n\n\n\n<p><\/p>\n\n\n\n<p>Dans les rues de Sfax, d\u2019autres migrants tentent de trouver de l\u2019ombre sous les arbres et palmiers.<\/p>\n\n\n\n<p>Ousmane Koroma, Guin\u00e9en, est en Tunisie depuis trois ans. En l\u2019espace d\u2019une nuit, il a \u00e9t\u00e9 chass\u00e9 de son domicile par des habitants de son quartier et a \u00e9t\u00e9 bless\u00e9 \u00e0 la main lors d\u2019altercations.&nbsp;\u00ab&nbsp;<em>On est dans la rue&#8230; On n&rsquo;a ni \u00e0 manger, ni de l\u2019eau, rien. On souffre. Je suis d\u00e9sesp\u00e9r\u00e9, j&rsquo;ai peur..<\/em>. \u00bb&nbsp;<\/p>\n\n\n\n<p>L\u2019inqui\u00e9tude et la peur sont tr\u00e8s palpables chez les migrants subsahariens, d&rsquo;autant que plusieurs t\u00e9moignages font \u00e9tat de migrants arr\u00eat\u00e9s par la police et transport\u00e9s dans des bus vers la fronti\u00e8re tuniso-libyenne pour y \u00eatre abandonn\u00e9s.<\/p>\n\n\n\n<h2 class=\"wp-block-heading\">Inqui\u00e9tude des ONG&nbsp;<\/h2>\n\n\n\n<p>Un groupe d\u2019ONG tunisiennes et internationales ont publi\u00e9 un communiqu\u00e9 ce mercredi pour d\u00e9noncer ces pratiques et appeler \u00e0 porter assistance \u00e0 ces migrants. Dans le texte, les organisations signataires \u00ab&nbsp;<em>d\u00e9noncent les violations de droits humains dont sont victimes les personnes migrantes, demandeuses d\u2019asile et r\u00e9fugi\u00e9es et demandent aux autorit\u00e9s tunisiennes de donner des clarifications sur ces faits et d\u2019intervenir en urgence pour assurer une prise en charge de ces personnes<\/em>&nbsp;\u00bb.<\/p>\n","protected":false},"excerpt":{"rendered":"<p>\u00c0\u00a0Sfax, apr\u00e8s une troisi\u00e8me nuit de violences contre les Subsahariens \u00e0 la suite de la mort d\u2019un Tunisien poignard\u00e9 lors<\/p>\n","protected":false},"author":1,"featured_media":15769,"comment_status":"open","ping_status":"open","sticky":false,"template":"","format":"standard","meta":{"footnotes":""},"categories":[51],"tags":[],"class_list":["post-15768","post","type-post","status-publish","format-standard","has-post-thumbnail","hentry","category-general"],"_links":{"self":[{"href":"https:\/\/dekkbi.com\/index.php?rest_route=\/wp\/v2\/posts\/15768","targetHints":{"allow":["GET"]}}],"collection":[{"href":"https:\/\/dekkbi.com\/index.php?rest_route=\/wp\/v2\/posts"}],"about":[{"href":"https:\/\/dekkbi.com\/index.php?rest_route=\/wp\/v2\/types\/post"}],"author":[{"embeddable":true,"href":"https:\/\/dekkbi.com\/index.php?rest_route=\/wp\/v2\/users\/1"}],"replies":[{"embeddable":true,"href":"https:\/\/dekkbi.com\/index.php?rest_route=%2Fwp%2Fv2%2Fcomments&post=15768"}],"version-history":[{"count":1,"href":"https:\/\/dekkbi.com\/index.php?rest_route=\/wp\/v2\/posts\/15768\/revisions"}],"predecessor-version":[{"id":15770,"href":"https:\/\/dekkbi.com\/index.php?rest_route=\/wp\/v2\/posts\/15768\/revisions\/15770"}],"wp:featuredmedia":[{"embeddable":true,"href":"https:\/\/dekkbi.com\/index.php?rest_route=\/wp\/v2\/media\/15769"}],"wp:attachment":[{"href":"https:\/\/dekkbi.com\/index.php?rest_route=%2Fwp%2Fv2%2Fmedia&parent=15768"}],"wp:term":[{"taxonomy":"category","embeddable":true,"href":"https:\/\/dekkbi.com\/index.php?rest_route=%2Fwp%2Fv2%2Fcategories&post=15768"},{"taxonomy":"post_tag","embeddable":true,"href":"https:\/\/dekkbi.com\/index.php?rest_route=%2Fwp%2Fv2%2Ftags&post=15768"}],"curies":[{"name":"wp","href":"https:\/\/api.w.org\/{rel}","templated":true}]}}