{"id":15762,"date":"2023-07-06T11:02:36","date_gmt":"2023-07-06T11:02:36","guid":{"rendered":"https:\/\/dekkbi.com\/?p=15762"},"modified":"2023-07-06T12:31:02","modified_gmt":"2023-07-06T12:31:02","slug":"neuf-terroristes-arretes-aux-pays-bas-et-en-allemagne-perquisitions-en-belgique-ils-preparaient-des-attentats-de-grande-envergure","status":"publish","type":"post","link":"https:\/\/dekkbi.com\/?p=15762","title":{"rendered":"Neuf terroristes arr\u00eat\u00e9s aux Pays-Bas et en Allemagne, perquisitions en Belgique"},"content":{"rendered":"\n<p><strong>Les forces de s\u00e9curit\u00e9 n\u00e9erlandaises et allemandes ont arr\u00eat\u00e9 jeudi neuf personnes soup\u00e7onn\u00e9es de pr\u00e9parer des attentats terroristes. Selon les m\u00e9dias allemands, les suspects sont arriv\u00e9s en Allemagne avec de faux papiers en provenance d\u2019Ukraine et se sont fait passer pour des r\u00e9fugi\u00e9s. Des perquisitions ont \u00e9galement eu lieu chez nous, \u00e0 Verviers, nous apprennent nos confr\u00e8res de la RTBF.<\/strong><\/p>\n\n\n\n<p>Un homme de 29 ans originaire du Tadjikistan et une femme de 31 ans originaire du Kirghizistan ont \u00e9t\u00e9 arr\u00eat\u00e9s aux Pays-Bas. Selon les autorit\u00e9s, le premier avait pr\u00eat\u00e9 all\u00e9geance \u00e0 l\u2019\u00c9tat islamique (EI) et avait re\u00e7u l\u2019ordre de pr\u00e9parer un attentat. \u201cLes plans n\u2019\u00e9taient pas encore concrets, mais le procureur les a jug\u00e9s suffisamment s\u00e9rieux pour intervenir\u201d, peut-on lire dans un communiqu\u00e9.<\/p>\n\n\n\n<p>En Allemagne, sept hommes \u00e2g\u00e9s de 20 \u00e0 45 ans ont \u00e9t\u00e9 arr\u00eat\u00e9s jeudi, respectivement \u00e0 D\u00fcsseldorf, Gladbeck et Gelsenkirchen. Il s\u2019agit \u00e9galement de suspects originaires du Tadjikistan, du Kirghizstan et du Turkm\u00e9nistan. Selon les services de s\u00e9curit\u00e9 allemands, ils entretenaient des contacts avec la branche afghano-pakistanaise de l\u2019EI.<\/p>\n\n\n\n<h2 class=\"wp-block-heading\">Faux r\u00e9fugi\u00e9s de la guerre en Ukraine<\/h2>\n\n\n\n<p>\u201cLes sept suspects se connaissent depuis un certain temps et partagent une id\u00e9ologie islamique radicale. Peu apr\u00e8s le d\u00e9clenchement de la guerre en Ukraine au printemps 2022, ils ont voyag\u00e9 presque simultan\u00e9ment de ce pays vers l\u2019Allemagne\u201d, rapportent les procureurs allemands. \u201cFin juin 2022, ils ont form\u00e9 une organisation terroriste en Allemagne dans le but de perp\u00e9trer des attentats de grande envergure.\u201d<\/p>\n\n\n\n<p>Selon le quotidien allemand Bild, les Tadjiks se seraient fait passer pour des r\u00e9fugi\u00e9s de guerre et auraient utilis\u00e9 des faux papiers pour entrer en Allemagne via l\u2019Ukraine.<\/p>\n\n\n\n<h2 class=\"wp-block-heading\">Cibles, reconnaissances et procuration d\u2019armes<\/h2>\n\n\n\n<p>D\u2019apr\u00e8s les autorit\u00e9s allemandes, l\u2019homme arr\u00eat\u00e9 aux Pays-Bas faisait \u00e9galement partie de cette organisation. Le groupe aurait d\u00e9j\u00e0 discut\u00e9 de cibles allemandes, effectu\u00e9 des reconnaissances et tent\u00e9 de se procurer des armes. Six d\u2019entre eux collectaient \u00e9galement de l\u2019argent pour l\u2019EI depuis avril de l\u2019ann\u00e9e derni\u00e8re.<\/p>\n\n\n\n<p>Les deux suspects aux Pays-Bas compara\u00eetront devant le juge d\u2019instruction de Rotterdam vendredi. Ils ne peuvent entretenir aucun contact, si ce n\u2019est avec leur avocat. Selon une porte-parole du minist\u00e8re public, ils sont poursuivis aux Pays-Bas et ne seront pas remis \u00e0 l\u2019Allemagne.<\/p>\n\n\n\n<h2 class=\"wp-block-heading\">Perquisitions en Belgique<\/h2>\n\n\n\n<p>Alexandre Loffet, \u00e9chevin et bourgmestre int\u00e9rimaire de Verviers, a \u00e9t\u00e9 inform\u00e9 que la rue de Dison serait ferm\u00e9e entre 06h00 et 06h20 ce jeudi matin \u201cpour permettre \u00e0 la police f\u00e9d\u00e9rale d\u2019effectuer des perquisitions\u201d, explique-t-il \u00e0 la RTBF.<\/p>\n\n\n\n<p>\u201cTrois perquisitions ont \u00e9t\u00e9 effectu\u00e9es, deux \u00e0 Verviers et une en r\u00e9gion li\u00e9geoise\u201d, indique son porte-parole Eric Van Duyse. Le parquet f\u00e9d\u00e9ral ne souhaite pas communiquer sur d\u2019\u00e9ventuelles interpellations. L&rsquo;op\u00e9ration est li\u00e9e aux actions men\u00e9es aux Pays-Bas et en Allemagne.<\/p>\n","protected":false},"excerpt":{"rendered":"<p>Les forces de s\u00e9curit\u00e9 n\u00e9erlandaises et allemandes ont arr\u00eat\u00e9 jeudi neuf personnes soup\u00e7onn\u00e9es de pr\u00e9parer des attentats terroristes. Selon les<\/p>\n","protected":false},"author":1,"featured_media":15763,"comment_status":"open","ping_status":"open","sticky":false,"template":"","format":"standard","meta":{"footnotes":""},"categories":[51],"tags":[],"class_list":["post-15762","post","type-post","status-publish","format-standard","has-post-thumbnail","hentry","category-general"],"_links":{"self":[{"href":"https:\/\/dekkbi.com\/index.php?rest_route=\/wp\/v2\/posts\/15762","targetHints":{"allow":["GET"]}}],"collection":[{"href":"https:\/\/dekkbi.com\/index.php?rest_route=\/wp\/v2\/posts"}],"about":[{"href":"https:\/\/dekkbi.com\/index.php?rest_route=\/wp\/v2\/types\/post"}],"author":[{"embeddable":true,"href":"https:\/\/dekkbi.com\/index.php?rest_route=\/wp\/v2\/users\/1"}],"replies":[{"embeddable":true,"href":"https:\/\/dekkbi.com\/index.php?rest_route=%2Fwp%2Fv2%2Fcomments&post=15762"}],"version-history":[{"count":2,"href":"https:\/\/dekkbi.com\/index.php?rest_route=\/wp\/v2\/posts\/15762\/revisions"}],"predecessor-version":[{"id":15802,"href":"https:\/\/dekkbi.com\/index.php?rest_route=\/wp\/v2\/posts\/15762\/revisions\/15802"}],"wp:featuredmedia":[{"embeddable":true,"href":"https:\/\/dekkbi.com\/index.php?rest_route=\/wp\/v2\/media\/15763"}],"wp:attachment":[{"href":"https:\/\/dekkbi.com\/index.php?rest_route=%2Fwp%2Fv2%2Fmedia&parent=15762"}],"wp:term":[{"taxonomy":"category","embeddable":true,"href":"https:\/\/dekkbi.com\/index.php?rest_route=%2Fwp%2Fv2%2Fcategories&post=15762"},{"taxonomy":"post_tag","embeddable":true,"href":"https:\/\/dekkbi.com\/index.php?rest_route=%2Fwp%2Fv2%2Ftags&post=15762"}],"curies":[{"name":"wp","href":"https:\/\/api.w.org\/{rel}","templated":true}]}}