{"id":15746,"date":"2023-07-06T10:34:48","date_gmt":"2023-07-06T10:34:48","guid":{"rendered":"https:\/\/dekkbi.com\/?p=15746"},"modified":"2023-07-06T10:34:49","modified_gmt":"2023-07-06T10:34:49","slug":"lambassadeur-de-la-france-annonce-son-depart-du-senegal","status":"publish","type":"post","link":"https:\/\/dekkbi.com\/?p=15746","title":{"rendered":"L\u2019ambassadeur de la France annonce son d\u00e9part du S\u00e9n\u00e9gal"},"content":{"rendered":"\n<p>Dakar,  (APS) \u2013 L\u2019ambassadeur de France au S\u00e9n\u00e9gal, Philippe Lalliot, en poste \u00e0 Dakar depuis 4 ans, a d\u00e9clar\u00e9, mercredi, qu\u2019il allait bient\u00f4t quitter le pays.<\/p>\n\n\n\n<p>\u2018\u2019Cela fait quatre ans, c\u2019est tr\u00e8s rapide. Traditionnellement les ambassadeurs de France font trois ans parfois quatre, cela d\u00e9pend des circonstances et l\u00e0 les circonstances ont \u00e9t\u00e9 un peu particuliers\u2019\u2019, a-t-il d\u00e9clar\u00e9 \u00e0 l\u2019APS en marge du vernissage d\u2019une exposition \u00e0 la r\u00e9sidence de l\u2019ambassade de France<\/p>\n\n\n\n<p>Le diplomate confie \u00eatre \u2018\u2019tr\u00e8s heureux\u2019\u2019 de son s\u00e9jour au S\u00e9n\u00e9gal.<\/p>\n\n\n\n<p>\u2018\u2019Je suis arriv\u00e9 en ao\u00fbt 2019. Six mois apr\u00e8s, il y a eu le Covid qui a dur\u00e9 un peu plus de deux ans. Il nous a vol\u00e9 presque deux ans \u00e0 tous, car on avait l\u2019habitude et le plaisir de se voir &nbsp;(\u2026) \u00bb, a soulign\u00e9 le diplomate.<\/p>\n\n\n\n<p>\u2018\u2019Le temps passe tr\u00e8s vite, j\u2019ai \u00e9t\u00e9 tr\u00e8s heureux. Je boucle ce s\u00e9jour avec un peu de nostalgie d\u00e9j\u00e0, mais je ne suis pas encore parti\u2019\u2019, a expliqu\u00e9 Phillippe Lalliot.<\/p>\n\n\n\n<p>Il d\u00e9clare ainsi \u00eatre heureux d\u2019avoir travaill\u00e9 avec tous les interlocuteurs, notamment le pr\u00e9sident de la R\u00e9publique, le gouvernement et puis tous les professionnels qu\u2019il a eu la chance de rencontrer.<\/p>\n\n\n\n<p>\u2018\u2019Cela a \u00e9t\u00e9 un temps tr\u00e8s marquant de ma carri\u00e8re, mais aussi \u00e0 titre personnel, je me suis beaucoup d\u00e9plac\u00e9 au S\u00e9n\u00e9gal, j\u2019ai rencontr\u00e9 des gens absolument passionnants auxquels j\u2019esp\u00e8re garder une relation tr\u00e8s \u00e9troite et tr\u00e8s amicale\u2019\u2019, a rappel\u00e9 l\u2019ambassadeur fran\u00e7ais.<\/p>\n\n\n\n<p>Il dit repartir avec \u2018\u2019pleines d\u2019images du S\u00e9n\u00e9gal de Dakar \u00e0 Matam en passant par Kanel, Podor, Saint-Louis, l\u2019\u00eele de Gor\u00e9e, Ziguinchor, de Kaolack, de Fatick, etc., et des souvenirs de moments pass\u00e9s\u2019\u2019.<\/p>\n\n\n\n<p>FKS\/AKS<\/p>\n","protected":false},"excerpt":{"rendered":"<p>Dakar, (APS) \u2013 L\u2019ambassadeur de France au S\u00e9n\u00e9gal, Philippe Lalliot, en poste \u00e0 Dakar depuis 4 ans, a d\u00e9clar\u00e9, mercredi,<\/p>\n","protected":false},"author":1,"featured_media":15747,"comment_status":"open","ping_status":"open","sticky":false,"template":"","format":"standard","meta":{"footnotes":""},"categories":[6],"tags":[],"class_list":["post-15746","post","type-post","status-publish","format-standard","has-post-thumbnail","hentry","category-politics"],"_links":{"self":[{"href":"https:\/\/dekkbi.com\/index.php?rest_route=\/wp\/v2\/posts\/15746","targetHints":{"allow":["GET"]}}],"collection":[{"href":"https:\/\/dekkbi.com\/index.php?rest_route=\/wp\/v2\/posts"}],"about":[{"href":"https:\/\/dekkbi.com\/index.php?rest_route=\/wp\/v2\/types\/post"}],"author":[{"embeddable":true,"href":"https:\/\/dekkbi.com\/index.php?rest_route=\/wp\/v2\/users\/1"}],"replies":[{"embeddable":true,"href":"https:\/\/dekkbi.com\/index.php?rest_route=%2Fwp%2Fv2%2Fcomments&post=15746"}],"version-history":[{"count":1,"href":"https:\/\/dekkbi.com\/index.php?rest_route=\/wp\/v2\/posts\/15746\/revisions"}],"predecessor-version":[{"id":15748,"href":"https:\/\/dekkbi.com\/index.php?rest_route=\/wp\/v2\/posts\/15746\/revisions\/15748"}],"wp:featuredmedia":[{"embeddable":true,"href":"https:\/\/dekkbi.com\/index.php?rest_route=\/wp\/v2\/media\/15747"}],"wp:attachment":[{"href":"https:\/\/dekkbi.com\/index.php?rest_route=%2Fwp%2Fv2%2Fmedia&parent=15746"}],"wp:term":[{"taxonomy":"category","embeddable":true,"href":"https:\/\/dekkbi.com\/index.php?rest_route=%2Fwp%2Fv2%2Fcategories&post=15746"},{"taxonomy":"post_tag","embeddable":true,"href":"https:\/\/dekkbi.com\/index.php?rest_route=%2Fwp%2Fv2%2Ftags&post=15746"}],"curies":[{"name":"wp","href":"https:\/\/api.w.org\/{rel}","templated":true}]}}