{"id":15743,"date":"2023-07-06T10:30:35","date_gmt":"2023-07-06T10:30:35","guid":{"rendered":"https:\/\/dekkbi.com\/?p=15743"},"modified":"2023-07-06T10:51:03","modified_gmt":"2023-07-06T10:51:03","slug":"economie-uemoa-bissau-hote-dune-session-extraordinaire-de-la-conference-des-chefs-detat-et-de-gouvernement","status":"publish","type":"post","link":"https:\/\/dekkbi.com\/?p=15743","title":{"rendered":"UEMOA : Bissau h\u00f4te d\u2019une session extraordinaire de la Conf\u00e9rence des chefs d\u2019Etat et de gouvernement"},"content":{"rendered":"\n<p>Dakar, 6 juil (APS) \u2013 La capitale bissau-guin\u00e9enne abrite samedi une session extraordinaire de la Conf\u00e9rence des chefs d\u2019Etat et de gouvernement de l\u2019Union \u00e9conomique et mon\u00e9taire ouest-africaine (UEMOA), a-t-on appris de source officielle.<\/p>\n\n\n\n<p>L\u2019\u00e9volution r\u00e9cente de la situation \u00e9conomique et financi\u00e8re de l\u2019Union et ses perspectives ainsi que la note sur le processus d\u2019\u00e9laboration de la vision prospective de l\u2019UEMOA \u00e0 l\u2019horizon 2040 seront entre autres examin\u00e9s, indique la direction de la communication de l\u2019organisation dans un communiqu\u00e9.<\/p>\n\n\n\n<p>Les membres du Conseil des ministres statutaires et les chefs des institutions de l\u2019UEMOA prendront part \u00e0 cette session pr\u00e9vue samedi \u00e0 partir de 15 heures au minist\u00e8res des Affaires \u00e9trang\u00e8res de la Guin\u00e9e Bissau, fait-on savoir.<\/p>\n\n\n\n<p>AKS<\/p>\n","protected":false},"excerpt":{"rendered":"<p>Dakar, 6 juil (APS) \u2013 La capitale bissau-guin\u00e9enne abrite samedi une session extraordinaire de la Conf\u00e9rence des chefs d\u2019Etat et<\/p>\n","protected":false},"author":1,"featured_media":15744,"comment_status":"open","ping_status":"open","sticky":false,"template":"","format":"standard","meta":{"footnotes":""},"categories":[3],"tags":[],"class_list":["post-15743","post","type-post","status-publish","format-standard","has-post-thumbnail","hentry","category-event-more-news"],"_links":{"self":[{"href":"https:\/\/dekkbi.com\/index.php?rest_route=\/wp\/v2\/posts\/15743","targetHints":{"allow":["GET"]}}],"collection":[{"href":"https:\/\/dekkbi.com\/index.php?rest_route=\/wp\/v2\/posts"}],"about":[{"href":"https:\/\/dekkbi.com\/index.php?rest_route=\/wp\/v2\/types\/post"}],"author":[{"embeddable":true,"href":"https:\/\/dekkbi.com\/index.php?rest_route=\/wp\/v2\/users\/1"}],"replies":[{"embeddable":true,"href":"https:\/\/dekkbi.com\/index.php?rest_route=%2Fwp%2Fv2%2Fcomments&post=15743"}],"version-history":[{"count":2,"href":"https:\/\/dekkbi.com\/index.php?rest_route=\/wp\/v2\/posts\/15743\/revisions"}],"predecessor-version":[{"id":15754,"href":"https:\/\/dekkbi.com\/index.php?rest_route=\/wp\/v2\/posts\/15743\/revisions\/15754"}],"wp:featuredmedia":[{"embeddable":true,"href":"https:\/\/dekkbi.com\/index.php?rest_route=\/wp\/v2\/media\/15744"}],"wp:attachment":[{"href":"https:\/\/dekkbi.com\/index.php?rest_route=%2Fwp%2Fv2%2Fmedia&parent=15743"}],"wp:term":[{"taxonomy":"category","embeddable":true,"href":"https:\/\/dekkbi.com\/index.php?rest_route=%2Fwp%2Fv2%2Fcategories&post=15743"},{"taxonomy":"post_tag","embeddable":true,"href":"https:\/\/dekkbi.com\/index.php?rest_route=%2Fwp%2Fv2%2Ftags&post=15743"}],"curies":[{"name":"wp","href":"https:\/\/api.w.org\/{rel}","templated":true}]}}