{"id":15741,"date":"2023-07-06T10:23:16","date_gmt":"2023-07-06T10:23:16","guid":{"rendered":"https:\/\/dekkbi.com\/?p=15741"},"modified":"2023-07-06T10:23:17","modified_gmt":"2023-07-06T10:23:17","slug":"diffamation-contre-un-chef-detat-etranger-birame-souleye-diop-en-garde-a-vue-a-la-su","status":"publish","type":"post","link":"https:\/\/dekkbi.com\/?p=15741","title":{"rendered":"\u00abDiffamation contre un chef d\u2019\u00c9tat \u00e9tranger\u00bb: Birame Souleye Diop en garde \u00e0 vue \u00e0 la SU"},"content":{"rendered":"\n<p>Convoqu\u00e9 ce mercredi sur instruction du Procureur de la R\u00e9publique \u00e0 la suite des propos tenus mardi au cours d\u2019un point de presse de \u00ab\u00a0Yewwi Askan Wi\u00a0\u00bb, le d\u00e9put\u00e9 Birame Souleye Diop est finalement plac\u00e9 en position de garde \u00e0 vue. Ce, au terme de son face-\u00e0-face avec les enqu\u00eateurs de la S\u00fbret\u00e9 urbaine (Su) du Commissariat central de Dakar.<\/p>\n\n\n\n<p><br>Selon Me Moussa Sarr, un de ses avocats, le maire de Thi\u00e8s-Nord\u00a0est poursuivi pour \u00ab\u00a0diffamation commise par un membre de l\u2019Assembl\u00e9e nationale contre un chef d\u2019\u00c9tat \u00e9tranger de nature \u00e0 saper les relations diplomatiques de l\u2019\u00c9tat, discr\u00e9dit sur une institution de la R\u00e9publique\u00a0\u00bb.<\/p>\n\n\n\n<p>Ce d\u00e9lit est pr\u00e9vu et puni par l\u2019article 254 du Code p\u00e9nal s\u00e9n\u00e9galais relatif \u00e0 l\u2019offense au chef de l\u2019\u00c9tat et la loi n\u00b02977\/87 d\u2019ao\u00fbt 1977 qui dispose: \u00abL\u2019offense commise publiquement envers les chefs d\u2019\u00c9tat \u00e9trangers, les chefs de gouvernement \u00e9trangers et les ministres d\u2019un gouvernement \u00e9tranger sera punie d\u2019une peine d\u2019emprisonnement de six mois \u00e0 deux ans&nbsp;\u00bb.<\/p>\n\n\n\n<p>La sortie du pr\u00e9sident du groupe parlementaire de \u00ab&nbsp;Yewwi Askan wi&nbsp;\u00bb a suscit\u00e9 de vives r\u00e9actions, notamment du c\u00f4t\u00e9 de la soci\u00e9t\u00e9 civile.<\/p>\n\n\n\n<p>Le Forum civil et le Forum du justiciable ont tous d\u00e9nonc\u00e9 vigoureusement des \u00ab&nbsp;propos irresponsables&nbsp;\u00bb et \u00ab&nbsp;inacceptables&nbsp;\u00bb de M. Diop, invitant \u00e0 plus de responsabilit\u00e9 et surtout \u00ab&nbsp;au respect des fondamentaux de l\u2019Etat de droit&nbsp;\u00bb.<\/p>\n\n\n\n<p>Dans une vid\u00e9o largement&nbsp;partag\u00e9e sur les r\u00e9seaux sociaux, le d\u00e9put\u00e9 et responsable du parti Pastef (opposition) a admis que ses propos ont \u00e9t\u00e9 au-del\u00e0 de ses intentions, non sans pr\u00e9senter ses plates excuses au chef de l\u2019Etat, Macky Sall.<\/p>\n\n\n\n<p>&nbsp;\u00ab&nbsp;Voudrais-je pr\u00e9senter mes sinc\u00e8res excuses au Pr\u00e9sident de l\u2019Apr Macky Sall et \u00e0 toutes les personnes qui ont \u00e9t\u00e9 offusqu\u00e9es par mes paroles relativement \u00e0 l\u2019empoisonnement. En cons\u00e9quence, je les retire&nbsp;\u00bb, a regrett\u00e9 Birame Souleye Diop.<\/p>\n\n\n\n<p><strong>S.G<\/strong><\/p>\n\n\n\n<p>SOURCE LESOLEIL<\/p>\n","protected":false},"excerpt":{"rendered":"<p>Convoqu\u00e9 ce mercredi sur instruction du Procureur de la R\u00e9publique \u00e0 la suite des propos tenus mardi au cours d\u2019un<\/p>\n","protected":false},"author":1,"featured_media":15712,"comment_status":"open","ping_status":"open","sticky":false,"template":"","format":"standard","meta":{"footnotes":""},"categories":[26],"tags":[],"class_list":["post-15741","post","type-post","status-publish","format-standard","has-post-thumbnail","hentry","category-fait-divers"],"_links":{"self":[{"href":"https:\/\/dekkbi.com\/index.php?rest_route=\/wp\/v2\/posts\/15741","targetHints":{"allow":["GET"]}}],"collection":[{"href":"https:\/\/dekkbi.com\/index.php?rest_route=\/wp\/v2\/posts"}],"about":[{"href":"https:\/\/dekkbi.com\/index.php?rest_route=\/wp\/v2\/types\/post"}],"author":[{"embeddable":true,"href":"https:\/\/dekkbi.com\/index.php?rest_route=\/wp\/v2\/users\/1"}],"replies":[{"embeddable":true,"href":"https:\/\/dekkbi.com\/index.php?rest_route=%2Fwp%2Fv2%2Fcomments&post=15741"}],"version-history":[{"count":1,"href":"https:\/\/dekkbi.com\/index.php?rest_route=\/wp\/v2\/posts\/15741\/revisions"}],"predecessor-version":[{"id":15742,"href":"https:\/\/dekkbi.com\/index.php?rest_route=\/wp\/v2\/posts\/15741\/revisions\/15742"}],"wp:featuredmedia":[{"embeddable":true,"href":"https:\/\/dekkbi.com\/index.php?rest_route=\/wp\/v2\/media\/15712"}],"wp:attachment":[{"href":"https:\/\/dekkbi.com\/index.php?rest_route=%2Fwp%2Fv2%2Fmedia&parent=15741"}],"wp:term":[{"taxonomy":"category","embeddable":true,"href":"https:\/\/dekkbi.com\/index.php?rest_route=%2Fwp%2Fv2%2Fcategories&post=15741"},{"taxonomy":"post_tag","embeddable":true,"href":"https:\/\/dekkbi.com\/index.php?rest_route=%2Fwp%2Fv2%2Ftags&post=15741"}],"curies":[{"name":"wp","href":"https:\/\/api.w.org\/{rel}","templated":true}]}}