{"id":15722,"date":"2023-07-06T09:38:31","date_gmt":"2023-07-06T09:38:31","guid":{"rendered":"https:\/\/dekkbi.com\/?p=15722"},"modified":"2023-07-06T11:07:35","modified_gmt":"2023-07-06T11:07:35","slug":"le-domicile-du-president-du-psg-perquisitionne","status":"publish","type":"post","link":"https:\/\/dekkbi.com\/?p=15722","title":{"rendered":"Le domicile du pr\u00e9sident du PSG, Nasser Al-Khela\u00effi, perquisitionn\u00e9"},"content":{"rendered":"\n<p>Selon Mediapart, une information confirm\u00e9e par RMC Sport, des policiers de l&rsquo;Office central de lutte contre le crime organis\u00e9 attendaient Nasser Al-Khela\u00effi ce mercredi \u00e0 sa descente d&rsquo;avion pour perquisitionner son domicile dans le cadre de l\u2019affaire des soup\u00e7ons de trafic d\u2019influence autour du club de la capitale.<\/p>\n\n\n\n<p><\/p>\n\n\n\n<figure class=\"wp-block-image size-large\"><img loading=\"lazy\" decoding=\"async\" width=\"1024\" height=\"647\" src=\"https:\/\/dekkbi.com\/wp-content\/uploads\/2023\/07\/image-1-1024x647.png\" alt=\"\" class=\"wp-image-15723\" srcset=\"https:\/\/dekkbi.com\/wp-content\/uploads\/2023\/07\/image-1-1024x647.png 1024w, https:\/\/dekkbi.com\/wp-content\/uploads\/2023\/07\/image-1-300x189.png 300w, https:\/\/dekkbi.com\/wp-content\/uploads\/2023\/07\/image-1-768x485.png 768w, https:\/\/dekkbi.com\/wp-content\/uploads\/2023\/07\/image-1.png 1284w\" sizes=\"auto, (max-width: 1024px) 100vw, 1024px\" \/><\/figure>\n\n\n\n<p>Les officiers souhaitaient perquisitionner le domicile d\u2019Al-Khela\u00effi dans le cadre de l\u2019affaire des soup\u00e7ons de trafic d\u2019influence autour du club de la capitale. \u00ab\u00a0Comme pr\u00e9vu et conform\u00e9ment \u00e0 la proc\u00e9dure, le juge d&rsquo;instruction a demand\u00e9 davantage d&rsquo;informations et d&rsquo;acc\u00e8s, qui ont \u00e9t\u00e9 fournis de mani\u00e8re compl\u00e8te et ouverte, en coop\u00e9ration avec les autorit\u00e9s, comme cela a \u00e9t\u00e9 le cas depuis le premier jour, a indiqu\u00e9 un porte-parole du dirigeant \u00e0 RMC Sport. Aucune interview m\u00e9diatique ni aucun briefing d\u00e9sesp\u00e9r\u00e9 de la part de certains protagonistes ne changeront l&rsquo;\u00e9tat de droit ou l&rsquo;issue de cette affaire, dont nous attendons la conclusion avec impatience.\u00a0\u00bb<\/p>\n","protected":false},"excerpt":{"rendered":"<p>Selon Mediapart, une information confirm\u00e9e par RMC Sport, des policiers de l&rsquo;Office central de lutte contre le crime organis\u00e9 attendaient<\/p>\n","protected":false},"author":1,"featured_media":13763,"comment_status":"open","ping_status":"open","sticky":false,"template":"","format":"standard","meta":{"footnotes":""},"categories":[9],"tags":[],"class_list":["post-15722","post","type-post","status-publish","format-standard","has-post-thumbnail","hentry","category-sports"],"_links":{"self":[{"href":"https:\/\/dekkbi.com\/index.php?rest_route=\/wp\/v2\/posts\/15722","targetHints":{"allow":["GET"]}}],"collection":[{"href":"https:\/\/dekkbi.com\/index.php?rest_route=\/wp\/v2\/posts"}],"about":[{"href":"https:\/\/dekkbi.com\/index.php?rest_route=\/wp\/v2\/types\/post"}],"author":[{"embeddable":true,"href":"https:\/\/dekkbi.com\/index.php?rest_route=\/wp\/v2\/users\/1"}],"replies":[{"embeddable":true,"href":"https:\/\/dekkbi.com\/index.php?rest_route=%2Fwp%2Fv2%2Fcomments&post=15722"}],"version-history":[{"count":2,"href":"https:\/\/dekkbi.com\/index.php?rest_route=\/wp\/v2\/posts\/15722\/revisions"}],"predecessor-version":[{"id":15767,"href":"https:\/\/dekkbi.com\/index.php?rest_route=\/wp\/v2\/posts\/15722\/revisions\/15767"}],"wp:featuredmedia":[{"embeddable":true,"href":"https:\/\/dekkbi.com\/index.php?rest_route=\/wp\/v2\/media\/13763"}],"wp:attachment":[{"href":"https:\/\/dekkbi.com\/index.php?rest_route=%2Fwp%2Fv2%2Fmedia&parent=15722"}],"wp:term":[{"taxonomy":"category","embeddable":true,"href":"https:\/\/dekkbi.com\/index.php?rest_route=%2Fwp%2Fv2%2Fcategories&post=15722"},{"taxonomy":"post_tag","embeddable":true,"href":"https:\/\/dekkbi.com\/index.php?rest_route=%2Fwp%2Fv2%2Ftags&post=15722"}],"curies":[{"name":"wp","href":"https:\/\/api.w.org\/{rel}","templated":true}]}}