{"id":15717,"date":"2023-07-06T09:25:55","date_gmt":"2023-07-06T09:25:55","guid":{"rendered":"https:\/\/dekkbi.com\/?p=15717"},"modified":"2023-07-06T09:25:56","modified_gmt":"2023-07-06T09:25:56","slug":"assemblee-eligibilite-de-khalifa-et-karim-les-risques-de-blocage","status":"publish","type":"post","link":"https:\/\/dekkbi.com\/?p=15717","title":{"rendered":"Assembl\u00e9e \u2013 \u00c9ligibilit\u00e9 de Khalifa et Karim \u2013 Les risques de blocage"},"content":{"rendered":"\n<p><strong>Des membres de la coalition au pouvoir souhaitent secr\u00e8tement que l\u2019Assemble nationale fasse capoter les textes de loi qui pourraient rendre leur \u00e9ligibilit\u00e9 \u00e0 Khalifa Sall et Karim Wade. Ces gens estiment que ce n\u2019est pas au moment o\u00f9 il annonce son d\u00e9part que le Pr\u00e9sident Macky Sall devrait leur l\u00e9guer des adversaires aussi puissants.<\/strong><\/p>\n\n\n\n<p>Le pr\u00e9sident de la R\u00e9pu\u00adblique l\u2019avait annonc\u00e9 le lundi 3 juin dernier, et le gouvernement l\u2019a concr\u00e9tis\u00e9 hier&nbsp;: les textes portant r\u00e9vision de la Constitution et modification du Code \u00e9lectoral, destin\u00e9s \u00e0 permettre le retour dans le jeu \u00e9lectoral de Khalifa Ababacar Sall et Karim Me\u00efssa Wade, comme cela avait \u00e9t\u00e9 act\u00e9 lors du dialogue national. L\u2019\u00e9tape suivante, toujours selon les desiderata du Pr\u00e9sident Macky Sall, sera l\u2019approbation par l\u2019Assembl\u00e9e nationale de la nouvelle configuration.<\/p>\n\n\n\n<p>A premi\u00e8re vue, en regardant la composition de la 14\u00e8me l\u00e9gislature, au sein de laquelle la Coalition Benno bokk yaakaar a environ 82 d\u00e9put\u00e9s et Wallu, \u00e9manation du Pds, en a 24, auxquels on pourrait ajouter les 17 d\u00e9put\u00e9s membres de la Coalition Yewwi askan wi, mais qui sont des membres de Taxawu Senegaal de Khalifa Sall, on pourrait se dire que la loi pourrait passer comme un email sans spam.<\/p>\n\n\n\n<p>Car d\u00e9j\u00e0, comme not\u00e9 dans de nombreux m\u00e9dias, la renonciation de Macky Sall a laiss\u00e9 un gros vide aupr\u00e8s de ses partisans, et menace fortement les \u00e9quilibres au sein de la coalition au pouvoir.<\/p>\n\n\n\n<p>Beaucoup de cadres ne se g\u00eanent pas pour murmurer dans le revers de leur boubou, que Macky Sall est en train de leur faire un b\u00e9b\u00e9 dans le dos. Certains parmi ces gens se sont ouverts au journal Le Quotidien sur leurs \u00e9tats d\u2019\u00e2me&nbsp;:&nbsp;\u00abMacky Sall n\u2019a jamais voulu affronter, durant toutes ses mandatures, ni Karim Wade ni Khalifa Sall. Il s\u2019\u00e9tait arrang\u00e9 pour invalider leurs candidatures. Et il attend le moment o\u00f9 il s\u2019en va, pour nous mettre ces deux adversaires dans les pattes\u00bb, se lamentent certains. Ces responsables se demandent si, au moment o\u00f9 la coalition au pouvoir ne sait m\u00eame pas encore quel champion va porter ses couleurs pour la prochaine Pr\u00e9sidentielle, s\u2019il serait sage de lui opposer gracieusement deux poids lourds comme adversaires.<\/p>\n\n\n\n<p>D\u00e9clarant vouloir traduire la pens\u00e9e de leurs coll\u00e8gues d\u00e9put\u00e9s, ces personnes, qui ont \u00e9t\u00e9 parmi les plus bruyantes pour demander \u00e0 Macky Sall de se repr\u00e9senter pour un nouveau bail, affirment qu\u2019il y a parmi leurs \u00e9lus, ceux qui r\u00e9fl\u00e9chissent s\u00e9rieusement \u00e0 ne pas voter le projet de loi modifiant le Code \u00e9lectoral. A la remarque selon laquelle ce serait un camouflet inflig\u00e9 \u00e0 leur leader, ces ap\u00e9ristes r\u00e9torquent qu\u2019ils ne lui doivent plus grand-chose\u00a0:\u00a0\u00abNous lui avons toujours \u00e9t\u00e9 fid\u00e8les quand il a eu besoin de nous pour diriger. Mais nous ne pouvons concevoir qu\u2019il nous cr\u00e9e des probl\u00e8mes au moment o\u00f9 il annonce son d\u00e9part. Ce n\u2019est pas coh\u00e9rent.\u00bb En fran\u00e7ais facile, tout cela signifie que la prochaine session parlementaire, charg\u00e9e de voter le projet de loi que pr\u00e9sentera le gouvernement, sera \u00e0 surveiller attentivement.<\/p>\n\n\n\n<p><br><strong>mgueye@lequotidien.sn<\/strong><\/p>\n","protected":false},"excerpt":{"rendered":"<p>Des membres de la coalition au pouvoir souhaitent secr\u00e8tement que l\u2019Assemble nationale fasse capoter les textes de loi qui pourraient<\/p>\n","protected":false},"author":1,"featured_media":15720,"comment_status":"open","ping_status":"open","sticky":false,"template":"","format":"standard","meta":{"footnotes":""},"categories":[6],"tags":[],"class_list":["post-15717","post","type-post","status-publish","format-standard","has-post-thumbnail","hentry","category-politics"],"_links":{"self":[{"href":"https:\/\/dekkbi.com\/index.php?rest_route=\/wp\/v2\/posts\/15717","targetHints":{"allow":["GET"]}}],"collection":[{"href":"https:\/\/dekkbi.com\/index.php?rest_route=\/wp\/v2\/posts"}],"about":[{"href":"https:\/\/dekkbi.com\/index.php?rest_route=\/wp\/v2\/types\/post"}],"author":[{"embeddable":true,"href":"https:\/\/dekkbi.com\/index.php?rest_route=\/wp\/v2\/users\/1"}],"replies":[{"embeddable":true,"href":"https:\/\/dekkbi.com\/index.php?rest_route=%2Fwp%2Fv2%2Fcomments&post=15717"}],"version-history":[{"count":1,"href":"https:\/\/dekkbi.com\/index.php?rest_route=\/wp\/v2\/posts\/15717\/revisions"}],"predecessor-version":[{"id":15721,"href":"https:\/\/dekkbi.com\/index.php?rest_route=\/wp\/v2\/posts\/15717\/revisions\/15721"}],"wp:featuredmedia":[{"embeddable":true,"href":"https:\/\/dekkbi.com\/index.php?rest_route=\/wp\/v2\/media\/15720"}],"wp:attachment":[{"href":"https:\/\/dekkbi.com\/index.php?rest_route=%2Fwp%2Fv2%2Fmedia&parent=15717"}],"wp:term":[{"taxonomy":"category","embeddable":true,"href":"https:\/\/dekkbi.com\/index.php?rest_route=%2Fwp%2Fv2%2Fcategories&post=15717"},{"taxonomy":"post_tag","embeddable":true,"href":"https:\/\/dekkbi.com\/index.php?rest_route=%2Fwp%2Fv2%2Ftags&post=15717"}],"curies":[{"name":"wp","href":"https:\/\/api.w.org\/{rel}","templated":true}]}}