{"id":15675,"date":"2023-07-05T14:04:11","date_gmt":"2023-07-05T14:04:11","guid":{"rendered":"https:\/\/dekkbi.com\/?p=15675"},"modified":"2023-07-05T16:37:40","modified_gmt":"2023-07-05T16:37:40","slug":"bresil-carlo-ancelotti-confirme-au-poste-de-selectionneur-a-partir-de-la-copa-america-2024","status":"publish","type":"post","link":"https:\/\/dekkbi.com\/?p=15675","title":{"rendered":"Copa America 2024: Ancelotti sur le banc de la Sele\u00e7ao"},"content":{"rendered":"\n<p><strong>Pr\u00e9sident de la Conf\u00e9d\u00e9ration br\u00e9silienne de football, Ednaldo Rodrigues a confirm\u00e9 mardi soir l&rsquo;arriv\u00e9e de Carlo Ancelotti sur le banc de la Sele\u00e7ao \u00e0 partir de la Copa America 2024. Entra\u00eeneur de Fluminese, Fernando Diniz assurera l&rsquo;int\u00e9rim en attendant la venue du \u00ab\u00a0Mister\u00a0\u00bb.<br><\/strong><br>Le Br\u00e9sil attendra Carlo Ancelotti. Pr\u00e9sident de la Conf\u00e9d\u00e9ration br\u00e9silienne de football (CBF), Ednaldo Rodrigues a mis un terme mardi soir au feuilleton qui entourait le poste de s\u00e9lectionneur de la Sele\u00e7ao. Le technicien italien sera intronis\u00e9 dans ses nouvelles fonctions \u00e0 partir de la Copa America 2024, qui se jouera entre juin et juillet de la m\u00eame ann\u00e9e aux Etats-Unis.<br>En attendant, Carlo Ancelotti honorera sa derni\u00e8re ann\u00e9e de contrat avec le Real Madrid. Depuis le d\u00e9part de Tite \u00e0 l&rsquo;issue de la derni\u00e8re Coupe du monde, o\u00f9 le Br\u00e9sil a \u00e9t\u00e9 sorti en quarts de finale par la Croatie, Ramon Menezes, coach des U20, assurait l&rsquo;int\u00e9rim.<\/p>\n\n\n\n<p><strong>Fernando Diniz assurera l&rsquo;int\u00e9rim<\/strong>&nbsp;Apr\u00e8s Menezes, Fernando Diniz va prendre en charge la s\u00e9lection br\u00e9silienne comme l&rsquo;a annonc\u00e9 Ednaldo Rodrigues aupr\u00e8s de Globo: \u00ab\u00a0C&rsquo;est un entra\u00eeneur dont la proposition de jeu est presque similaire \u00e0 celle de celui qui prendra la rel\u00e8ve pour la Copa Am\u00e9rica: Carlo Ancelotti.\u00a0\u00bb<\/p>\n\n\n\n<p>Fernando Diniz, 49 ans, partagera son temps entre l&rsquo;\u00e9quipe nationale et Fluminese, o\u00f9 il a \u00e9t\u00e9 nomm\u00e9 en avril dernier. Quatre matchs sont encore pr\u00e9vus en cette ann\u00e9e 2023 pour Vinicius et ses compatriotes. Selon la presse locale, Diniz pourrait par ailleurs mener le Br\u00e9sil lors du tournoi des Jeux olympiques de Paris.&nbsp;De son c\u00f4t\u00e9, Carlo Ancelotti aura pour objectif de ramener une sixi\u00e8me \u00e9toile mondiale au Br\u00e9sil lors de la Coupe du monde 2026. Quatri\u00e8me \u00e9tranger \u00e0 prendre les r\u00eanes de la Sele\u00e7ao, le premier en pr\u00e8s de 60 ans, le \u00ab\u00a0Mister\u00a0\u00bb avait pourtant d\u00e9clar\u00e9 qu&rsquo;il comptait prendre sa retraite apr\u00e8s son deuxi\u00e8me passge au Real Madrid. &nbsp;<\/p>\n\n\n\n<p>Source &#8211; seneweb<\/p>\n","protected":false},"excerpt":{"rendered":"<p>Pr\u00e9sident de la Conf\u00e9d\u00e9ration br\u00e9silienne de football, Ednaldo Rodrigues a confirm\u00e9 mardi soir l&rsquo;arriv\u00e9e de Carlo Ancelotti sur le banc<\/p>\n","protected":false},"author":1,"featured_media":15676,"comment_status":"open","ping_status":"open","sticky":false,"template":"","format":"standard","meta":{"footnotes":""},"categories":[9],"tags":[],"class_list":["post-15675","post","type-post","status-publish","format-standard","has-post-thumbnail","hentry","category-sports"],"_links":{"self":[{"href":"https:\/\/dekkbi.com\/index.php?rest_route=\/wp\/v2\/posts\/15675","targetHints":{"allow":["GET"]}}],"collection":[{"href":"https:\/\/dekkbi.com\/index.php?rest_route=\/wp\/v2\/posts"}],"about":[{"href":"https:\/\/dekkbi.com\/index.php?rest_route=\/wp\/v2\/types\/post"}],"author":[{"embeddable":true,"href":"https:\/\/dekkbi.com\/index.php?rest_route=\/wp\/v2\/users\/1"}],"replies":[{"embeddable":true,"href":"https:\/\/dekkbi.com\/index.php?rest_route=%2Fwp%2Fv2%2Fcomments&post=15675"}],"version-history":[{"count":3,"href":"https:\/\/dekkbi.com\/index.php?rest_route=\/wp\/v2\/posts\/15675\/revisions"}],"predecessor-version":[{"id":15704,"href":"https:\/\/dekkbi.com\/index.php?rest_route=\/wp\/v2\/posts\/15675\/revisions\/15704"}],"wp:featuredmedia":[{"embeddable":true,"href":"https:\/\/dekkbi.com\/index.php?rest_route=\/wp\/v2\/media\/15676"}],"wp:attachment":[{"href":"https:\/\/dekkbi.com\/index.php?rest_route=%2Fwp%2Fv2%2Fmedia&parent=15675"}],"wp:term":[{"taxonomy":"category","embeddable":true,"href":"https:\/\/dekkbi.com\/index.php?rest_route=%2Fwp%2Fv2%2Fcategories&post=15675"},{"taxonomy":"post_tag","embeddable":true,"href":"https:\/\/dekkbi.com\/index.php?rest_route=%2Fwp%2Fv2%2Ftags&post=15675"}],"curies":[{"name":"wp","href":"https:\/\/api.w.org\/{rel}","templated":true}]}}