{"id":15668,"date":"2023-07-05T13:26:57","date_gmt":"2023-07-05T13:26:57","guid":{"rendered":"https:\/\/dekkbi.com\/?p=15668"},"modified":"2023-07-05T13:26:58","modified_gmt":"2023-07-05T13:26:58","slug":"2024-macky-out-apr-et-bby-dans-les-enjeux-dune-succession","status":"publish","type":"post","link":"https:\/\/dekkbi.com\/?p=15668","title":{"rendered":"2024 \u2013 Macky out: Apr et Bby dans les enjeux d\u2019une succession\u2026"},"content":{"rendered":"\n<h2 class=\"wp-block-heading\">Macky Sall ne candidatera pas \u00e0 un troisi\u00e8me mandat pr\u00e9sidentiel par respect pour sa parole. Si cette d\u00e9cision va contribuer \u00e0 apaiser un climat politique tr\u00e8s tendu, au sein de son parti, l\u2019Apr, et de sa coalition, Bby, la course \u00e0 sa succession sera \u00e2pre, vu le choc des ambitions, r\u00e9v\u00e9l\u00e9es comme tues.<\/h2>\n\n\n\n<figure class=\"wp-block-image\"><img decoding=\"async\" src=\"https:\/\/senego.com\/_next\/image?url=https%3A%2F%2Fsenego.com%2Fwp-content%2Fuploads%2F2023%2F07%2Fab-d-d-d-et-a-b.webp&amp;w=3840&amp;q=75\" alt=\"2024 \u2013 Macky out : Apr et Bby dans les enjeux d\u2019une succession\u2026\"\/><\/figure>\n\n\n\n<p><a href=\"https:\/\/www.facebook.com\/sharer\/sharer.php?u=https%3A%2F%2Fsenego.com%2F2024-macky-out-apr-et-bby-dans-les-enjeux-dune-succession_1569384.html\" target=\"_blank\" rel=\"noreferrer noopener\"><\/a><a href=\"https:\/\/twitter.com\/intent\/tweet?url=https%3A%2F%2Fsenego.com%2F2024-macky-out-apr-et-bby-dans-les-enjeux-dune-succession_1569384.html&amp;text=2024%20%E2%80%93%20Macky%20out%20%3A%20Apr%20et%20Bby%20dans%20les%20enjeux%20d%E2%80%99une%20succession%E2%80%A6\" target=\"_blank\" rel=\"noreferrer noopener\"><\/a><a href=\"\/\/send?text=2024%20%E2%80%93%20Macky%20out%20%3A%20Apr%20et%20Bby%20dans%20les%20enjeux%20d%E2%80%99une%20succession%E2%80%A6%20-%20https%3A%2F%2Fsenego.com%2F2024-macky-out-apr-et-bby-dans-les-enjeux-dune-succession_1569384.html\" target=\"_blank\" rel=\"noreferrer noopener\"><\/a>6<\/p>\n\n\n\n<p>La d\u00e9cision du chef de l\u2019Etat de renoncer au 3e mandat, \u00e0 la prochaine \u00e9lection, \u00ab&nbsp;longuement et m\u00fbrement r\u00e9fl\u00e9chie&nbsp;\u00bb, m\u00eame si \u00ab&nbsp;la Constitution lui en donne le droit&nbsp;\u00bb, a pris de court la majorit\u00e9 pr\u00e9sidentielle. D\u00e9livrance pour les S\u00e9n\u00e9galais, mais pas pour l\u2019Apr et la grande majorit\u00e9 Pr\u00e9sidentielle. Qui avaient fini de loger leur candidat, Macky Sall, sur les starting-blocks.<\/p>\n\n\n\n<p>Tout le monde est d\u2019avis qu\u2019une Pr\u00e9sidentielle se pr\u00e9pare au moins deux ans. Raison pour laquelle le renoncement du Pr\u00e9sident Sall, \u00e0 six mois de la joute fait d\u00e9sordre. Un impr\u00e9vu voire un vrai choc donnant cr\u00e9dit \u00e0 cette th\u00e8se d\u2019impr\u00e9paration, \u00e0 tous les niveaux de d\u00e9cision. A moins qu\u2019il lorgnerait son successeur en dehors de Bby au sein de laquelle la visibilit\u00e9 d\u2019un potentiel candidat n\u2019est pas encore bonne.<\/p>\n\n\n\n<p>M\u00eame si deux personnalit\u00e9s, le Premier ministre, Amadou B\u00e2, et le Pr\u00e9sident du Cese, Abdoulaye Daouda Diallo, sont d\u00e9j\u00e0 positionn\u00e9s sur la ligne de front par leurs partisans, \u00e0 peine l\u2019abandon de leur Boss sur la piste.<\/p>\n\n\n\n<p>La bataille de succession est lanc\u00e9e et l\u2019Apr \u00e0 la recherche de profils, \u00e9clairera certainement la lanterne des S\u00e9n\u00e9galais, \u00e0 l\u2019issue de sa r\u00e9union de ce mercredi apr\u00e8s-midi. Au cours de laquelle des agendas cach\u00e9s seraient r\u00e9v\u00e9l\u00e9s.<\/p>\n\n\n\n<p>Unit\u00e9 ou implosion, tout reste possible en perspective de cette mont\u00e9e des p\u00e9rils o\u00f9 Socialistes, autour de Khalifa Sall et Aminata Mbengue Ndiaye, et lib\u00e9raux, partisans Macky, Karim Wade et Idy, tenteront de se retrouver dans une cure de jouvence.<\/p>\n\n\n\n<p>Et si le Pr\u00e9sident Macky Sall validait toutes les candidatures de la majorit\u00e9 Pr\u00e9sidentielle prenant l\u2019engagement de soutenir le mieux plac\u00e9 en cas de 2e tour ?<\/p>\n\n\n\n<p>Pendant ce temps, la principale force de l\u2019opposition qui a mis en ballotage la coalition au pouvoir, lors des derni\u00e8res L\u00e9gislatives, se bat pour des \u00e9lections inclusives, faisant int\u00e9grer dans la course, l\u2019homme politique le plus charismatique de ces dix derni\u00e8res ann\u00e9es, Ousmane Sonko de Pastef, en d\u00e9boires judiciaires.<\/p>\n\n\n\n<p>SOURCE SENEGO<\/p>\n","protected":false},"excerpt":{"rendered":"<p>Macky Sall ne candidatera pas \u00e0 un troisi\u00e8me mandat pr\u00e9sidentiel par respect pour sa parole. Si cette d\u00e9cision va contribuer<\/p>\n","protected":false},"author":1,"featured_media":1931,"comment_status":"open","ping_status":"open","sticky":false,"template":"","format":"standard","meta":{"footnotes":""},"categories":[46],"tags":[],"class_list":["post-15668","post","type-post","status-publish","format-standard","has-post-thumbnail","hentry","category-technology"],"_links":{"self":[{"href":"https:\/\/dekkbi.com\/index.php?rest_route=\/wp\/v2\/posts\/15668","targetHints":{"allow":["GET"]}}],"collection":[{"href":"https:\/\/dekkbi.com\/index.php?rest_route=\/wp\/v2\/posts"}],"about":[{"href":"https:\/\/dekkbi.com\/index.php?rest_route=\/wp\/v2\/types\/post"}],"author":[{"embeddable":true,"href":"https:\/\/dekkbi.com\/index.php?rest_route=\/wp\/v2\/users\/1"}],"replies":[{"embeddable":true,"href":"https:\/\/dekkbi.com\/index.php?rest_route=%2Fwp%2Fv2%2Fcomments&post=15668"}],"version-history":[{"count":1,"href":"https:\/\/dekkbi.com\/index.php?rest_route=\/wp\/v2\/posts\/15668\/revisions"}],"predecessor-version":[{"id":15672,"href":"https:\/\/dekkbi.com\/index.php?rest_route=\/wp\/v2\/posts\/15668\/revisions\/15672"}],"wp:featuredmedia":[{"embeddable":true,"href":"https:\/\/dekkbi.com\/index.php?rest_route=\/wp\/v2\/media\/1931"}],"wp:attachment":[{"href":"https:\/\/dekkbi.com\/index.php?rest_route=%2Fwp%2Fv2%2Fmedia&parent=15668"}],"wp:term":[{"taxonomy":"category","embeddable":true,"href":"https:\/\/dekkbi.com\/index.php?rest_route=%2Fwp%2Fv2%2Fcategories&post=15668"},{"taxonomy":"post_tag","embeddable":true,"href":"https:\/\/dekkbi.com\/index.php?rest_route=%2Fwp%2Fv2%2Ftags&post=15668"}],"curies":[{"name":"wp","href":"https:\/\/api.w.org\/{rel}","templated":true}]}}