{"id":15657,"date":"2023-07-05T12:51:47","date_gmt":"2023-07-05T12:51:47","guid":{"rendered":"https:\/\/dekkbi.com\/?p=15657"},"modified":"2023-07-05T12:51:47","modified_gmt":"2023-07-05T12:51:47","slug":"independantistes-catalans-la-justice-de-lue-confirme-la-levee-de-limmunite-de-carles-puigdemont","status":"publish","type":"post","link":"https:\/\/dekkbi.com\/?p=15657","title":{"rendered":"Ind\u00e9pendantistes catalans\u00a0: la justice de l&rsquo;UE confirme la lev\u00e9e de l&rsquo;immunit\u00e9 de Carles Puigdemont"},"content":{"rendered":"\n<p><strong>Les recours de Carles Puigdemont et de deux autres eurod\u00e9put\u00e9s ind\u00e9pendantistes catalans contre la lev\u00e9e de leur immunit\u00e9 ont \u00e9t\u00e9 rejet\u00e9s mercredi par la justice europ\u00e9enne.\u00a0Tous sont dans le collimateur de la justice espagnole depuis la tentative de s\u00e9cession avort\u00e9e de la Catalogne en 2017.<\/strong><\/p>\n\n\n\n<p>Le Tribunal de l&rsquo;Union europ\u00e9enne\u00a0a rejet\u00e9, mercredi 5 juillet, les recours de trois eurod\u00e9put\u00e9s ind\u00e9pendantistes catalans, dont\u00a0Carles Puigdemont, qui contestaient la lev\u00e9e de leur immunit\u00e9 d\u00e9cid\u00e9e en 2021 par le\u00a0Parlement europ\u00e9en.<\/p>\n\n\n\n<p>La d\u00e9cision concerne \u00e9galement Clara Ponsati et Toni Comin, des proches de Carles Puigdemont. Tous sont dans le collimateur de la justice espagnole depuis la tentative de s\u00e9cession avort\u00e9e de la\u00a0Catalogne\u00a0en 2017. Ils demandaient au Tribunal de l&rsquo;UE d&rsquo;annuler les d\u00e9cisions de lev\u00e9e de leur immunit\u00e9 ouvrant la voie \u00e0 leur mise en cause devant la justice de leur pays.<\/p>\n\n\n\n<p>Apr\u00e8s une proc\u00e9dure en r\u00e9f\u00e9r\u00e9 li\u00e9e au recours intent\u00e9 d\u00e8s l&rsquo;\u00e9t\u00e9 2021 contre ces d\u00e9cisions, la juridiction \u00e9tablie \u00e0 Luxembourg statuait cette fois sur le fond.<\/p>\n\n\n\n<p>Le Tribunal a notamment rejet\u00e9 l&rsquo;argument de la suppos\u00e9e violation par le Parlement europ\u00e9en du principe d&rsquo;impartialit\u00e9, qui \u00e9tait brandi par les requ\u00e9rants.<\/p>\n\n\n\n<h2 class=\"wp-block-heading\">\u00ab\u00a0Le Tribunal rejette tous les moyens invoqu\u00e9s par les trois d\u00e9put\u00e9s\u00a0\u00bb<\/h2>\n\n\n\n<p>La juridiction estime aussi que, pour se prononcer sur les demandes de lev\u00e9e d&rsquo;immunit\u00e9 pr\u00e9sent\u00e9es par Madrid, le Parlement europ\u00e9en n&rsquo;avait \u00ab\u00a0pas \u00e0 examiner la l\u00e9galit\u00e9 des actes judiciaires espagnols\u00a0\u00bb. \u00ab\u00a0Cette question rel\u00e8ve en effet de la seule comp\u00e9tence des autorit\u00e9s nationales\u00a0\u00bb, indique le communiqu\u00e9.<\/p>\n\n\n\n<p>\u00ab\u00a0Le Tribunal rejette tous les moyens invoqu\u00e9s par les trois d\u00e9put\u00e9s, notamment leurs arguments selon lesquels le Parlement aurait commis des erreurs en concluant que les poursuites judiciaires en cause n&rsquo;ont pas \u00e9t\u00e9 engag\u00e9es dans l&rsquo;intention de nuire \u00e0 l&rsquo;activit\u00e9 des d\u00e9put\u00e9s\u00a0\u00bb, ajoute-t-il.<\/p>\n\n\n\n<p>Le gouvernement ind\u00e9pendantiste de Carles Puigdemont avait tent\u00e9 en octobre 2017 de faire s\u00e9cession de l&rsquo;Espagne\u00a0en organisant un r\u00e9f\u00e9rendum d&rsquo;autod\u00e9termination, interdit par la justice, avant que le Parlement local ne d\u00e9clare unilat\u00e9ralement l&rsquo;ind\u00e9pendance de la r\u00e9gion.<\/p>\n\n\n\n<p>Madrid avait alors suspendu l&rsquo;autonomie de la r\u00e9gion tandis que les dirigeants s\u00e9paratistes avaient \u00e9t\u00e9 incarc\u00e9r\u00e9s ou avaient fui \u00e0 l&rsquo;\u00e9tranger. Clara Ponsati, Carles Puigdemont et Toni Comin comptaient parmi les dirigeants ayant fui leur pays. Tous les trois sont actuellement \u00e9tablis en Belgique.<\/p>\n\n\n\n<p><em>Avec AFP<\/em><\/p>\n","protected":false},"excerpt":{"rendered":"<p>Les recours de Carles Puigdemont et de deux autres eurod\u00e9put\u00e9s ind\u00e9pendantistes catalans contre la lev\u00e9e de leur immunit\u00e9 ont \u00e9t\u00e9<\/p>\n","protected":false},"author":1,"featured_media":15658,"comment_status":"open","ping_status":"open","sticky":false,"template":"","format":"standard","meta":{"footnotes":""},"categories":[46],"tags":[],"class_list":["post-15657","post","type-post","status-publish","format-standard","has-post-thumbnail","hentry","category-technology"],"_links":{"self":[{"href":"https:\/\/dekkbi.com\/index.php?rest_route=\/wp\/v2\/posts\/15657","targetHints":{"allow":["GET"]}}],"collection":[{"href":"https:\/\/dekkbi.com\/index.php?rest_route=\/wp\/v2\/posts"}],"about":[{"href":"https:\/\/dekkbi.com\/index.php?rest_route=\/wp\/v2\/types\/post"}],"author":[{"embeddable":true,"href":"https:\/\/dekkbi.com\/index.php?rest_route=\/wp\/v2\/users\/1"}],"replies":[{"embeddable":true,"href":"https:\/\/dekkbi.com\/index.php?rest_route=%2Fwp%2Fv2%2Fcomments&post=15657"}],"version-history":[{"count":1,"href":"https:\/\/dekkbi.com\/index.php?rest_route=\/wp\/v2\/posts\/15657\/revisions"}],"predecessor-version":[{"id":15659,"href":"https:\/\/dekkbi.com\/index.php?rest_route=\/wp\/v2\/posts\/15657\/revisions\/15659"}],"wp:featuredmedia":[{"embeddable":true,"href":"https:\/\/dekkbi.com\/index.php?rest_route=\/wp\/v2\/media\/15658"}],"wp:attachment":[{"href":"https:\/\/dekkbi.com\/index.php?rest_route=%2Fwp%2Fv2%2Fmedia&parent=15657"}],"wp:term":[{"taxonomy":"category","embeddable":true,"href":"https:\/\/dekkbi.com\/index.php?rest_route=%2Fwp%2Fv2%2Fcategories&post=15657"},{"taxonomy":"post_tag","embeddable":true,"href":"https:\/\/dekkbi.com\/index.php?rest_route=%2Fwp%2Fv2%2Ftags&post=15657"}],"curies":[{"name":"wp","href":"https:\/\/api.w.org\/{rel}","templated":true}]}}