{"id":15607,"date":"2023-07-05T11:36:57","date_gmt":"2023-07-05T11:36:57","guid":{"rendered":"https:\/\/dekkbi.com\/?p=15607"},"modified":"2023-07-05T11:36:58","modified_gmt":"2023-07-05T11:36:58","slug":"succession-de-macky-sall-la-majorite-presidentielle-regorge-de-competences-et-profils-selon-lapr","status":"publish","type":"post","link":"https:\/\/dekkbi.com\/?p=15607","title":{"rendered":"Succession de Macky Sall : \u201cLa majorit\u00e9 pr\u00e9sidentielle regorge de comp\u00e9tences et profils\u201d, selon l\u2019APR"},"content":{"rendered":"\n<p><strong><strong>L\u2019Alliance Pour la R\u00e9publique (APR) affirme, dans un communiqu\u00e9, que \u201cla majorit\u00e9 pr\u00e9sidentielle regorge de suffisamment de comp\u00e9tences et profils de qualit\u00e9 pour poursuivre les programmes structurants du Plan S\u00e9n\u00e9gal Emergent (PSE) dans un contexte marqu\u00e9 par l\u2019entr\u00e9e de notre pays dans le cercle des producteurs de p\u00e9trole et de gaz\u201d. Cette sortie fait suite \u00e0 l\u2019annonce faite par le Pr\u00e9sident Macky Sall\u00a0 de ne pas se pr\u00e9senter \u00e0 la prochaine \u00e9lection pr\u00e9sidentielle pr\u00e9vue le 25 f\u00e9vrier 2024.<\/strong><\/strong><\/p>\n\n\n\n<p>\u201cLe Pr\u00e9sident Macky Sall a annonc\u00e9 ce lundi 3 juillet 2023 sa d\u00e9cision de ne pas se pr\u00e9senter \u00e0 la prochaine \u00e9lection Pr\u00e9sidentielle pr\u00e9vue le 25 f\u00e9vrier 2024.<\/p>\n\n\n\n<p>L\u2019Alliance pour la R\u00e9publique adresse ses f\u00e9licitations \u00e9mues \u00e0 Son Excellence Monsieur Macky Sall pour cette d\u00e9cision m\u00fbrement et longuement r\u00e9fl\u00e9chie, qui confirme son sens \u00e9lev\u00e9 de la responsabilit\u00e9 et du respect de la parole.<\/p>\n\n\n\n<p>L\u2019Alliance Pour la R\u00e9publique appr\u00e9cie \u00e0 sa juste valeur la port\u00e9e de cette d\u00e9cision qui conforte la trajectoire d\u00e9mocratique de notre pays et qui consacre la grandeur d\u2019un leadership reconnu \u00e0 travers le monde.<\/p>\n\n\n\n<p>L\u2019APR se r\u00e9jouit des hommages retentissant des quatre coins de la plan\u00e8te pour porter le Pr\u00e9sident Macky Sall au pinacle et saluer notre pays, pour sa maturit\u00e9 d\u00e9mocratique, la solidit\u00e9 de ses institutions r\u00e9publicaines et le g\u00e9nie de notre peuple. Des hommes d\u2019\u00c9tat, aux citoyens des villes et du monde rural, en passant par les jeunes, les femmes, toutes les forces vives de la nation ont salu\u00e9 d\u2019un m\u00eame \u00e9lan, cette d\u00e9cision empreinte de la sagesse qui distingue les grands hommes dont le destin chemine avec les hauts faits de l\u2019histoire.<\/p>\n\n\n\n<p>L\u2019APR se f\u00e9licite que S\u00e9n\u00e9gal sous le Pr\u00e9sident Macky Sall soit un S\u00e9n\u00e9gal de tous, un S\u00e9n\u00e9gal des espoirs et des esp\u00e9rances, un S\u00e9n\u00e9gal des r\u00e9alisations, des performances et des vainqueurs. En effet, le bilan mat\u00e9riel et immat\u00e9riel du Pr\u00e9sident Macky Sall sera marqu\u00e9, d\u2019abord, par une politique de rattrapage, puis une action acc\u00e9l\u00e9r\u00e9e pour plus d\u2019\u00e9quit\u00e9 et de justice sociale qui a valu au S\u00e9n\u00e9gal la confiance des partenaires techniques et plusieurs distinctions et reconnaissances internationales. L\u2019octroi de DTS lors de la pand\u00e9mie \u00e0 covid 19, l\u2019acquisition d\u2019un si\u00e8ge pour l\u2019Afrique au Conseil de S\u00e9curit\u00e9 de l\u2019ONU ou encore la lev\u00e9e de l\u2019embargo sur les c\u00e9r\u00e9ales et l\u2019engrais bloqu\u00e9s par le conflit russo-ukrainien, entre autres, r\u00e9v\u00e8lent combien le leadership du Pr\u00e9sident Macky SALL a pes\u00e9 dans la r\u00e9solution des grandes questions dict\u00e9es par le nouvel ordre mondial, avec une Afrique des solutions, d\u00e9complex\u00e9e et consciente de ses potentialit\u00e9s.<\/p>\n\n\n\n<p>En outre, consid\u00e9rant toute la port\u00e9e des enjeux et d\u00e9fis futurs, l\u2019APR, \u00e0 la suite du Pr\u00e9sident Macky Sall, appelle tous ses sympathisants et militants \u00e0 consolider l\u2019unit\u00e9 et la coh\u00e9sion qui font l\u2019identit\u00e9 du parti au sein BBY et de la Grande Coalition de la Majorit\u00e9 Pr\u00e9sidentielle. En effet, la majorit\u00e9 pr\u00e9sidentielle regorge de suffisamment de comp\u00e9tences et profils de qualit\u00e9 pour poursuivre les programmes structurants du Plan S\u00e9n\u00e9gal Emergent (PSE) dans un contexte marqu\u00e9 par l\u2019entr\u00e9e de notre pays dans le cercle des producteurs de p\u00e9trole et de gaz.&nbsp;&nbsp; &nbsp;<\/p>\n\n\n\n<p>A cet effet, l\u2019APR renouvelle sa confiance au Pr\u00e9sident Macky Sall et appelle toutes ses instances \u00e0 rester \u00e0 l\u2019\u00e9coute des instructions du Pr\u00e9sident Macky Sall en vue de d\u2019\u00e9largir et&nbsp; de consolider les bases, pour une \u00e9clatante victoire de la grande majorit\u00e9 pr\u00e9sidentielle au soir du 25 f\u00e9vrier 2024.\u201d<\/p>\n\n\n\n<p><strong>Fait \u00e0 Dakar, le 04 juillet 2023<\/strong><\/p>\n\n\n\n<p><strong>Le Secr\u00e9tariat Ex\u00e9cutif National<\/strong><\/p>\n\n\n\n<p>Source &#8211; igfm<\/p>\n","protected":false},"excerpt":{"rendered":"<p>L\u2019Alliance Pour la R\u00e9publique (APR) affirme, dans un communiqu\u00e9, que \u201cla majorit\u00e9 pr\u00e9sidentielle regorge de suffisamment de comp\u00e9tences et profils<\/p>\n","protected":false},"author":1,"featured_media":15608,"comment_status":"open","ping_status":"open","sticky":false,"template":"","format":"standard","meta":{"footnotes":""},"categories":[6],"tags":[],"class_list":["post-15607","post","type-post","status-publish","format-standard","has-post-thumbnail","hentry","category-politics"],"_links":{"self":[{"href":"https:\/\/dekkbi.com\/index.php?rest_route=\/wp\/v2\/posts\/15607","targetHints":{"allow":["GET"]}}],"collection":[{"href":"https:\/\/dekkbi.com\/index.php?rest_route=\/wp\/v2\/posts"}],"about":[{"href":"https:\/\/dekkbi.com\/index.php?rest_route=\/wp\/v2\/types\/post"}],"author":[{"embeddable":true,"href":"https:\/\/dekkbi.com\/index.php?rest_route=\/wp\/v2\/users\/1"}],"replies":[{"embeddable":true,"href":"https:\/\/dekkbi.com\/index.php?rest_route=%2Fwp%2Fv2%2Fcomments&post=15607"}],"version-history":[{"count":1,"href":"https:\/\/dekkbi.com\/index.php?rest_route=\/wp\/v2\/posts\/15607\/revisions"}],"predecessor-version":[{"id":15609,"href":"https:\/\/dekkbi.com\/index.php?rest_route=\/wp\/v2\/posts\/15607\/revisions\/15609"}],"wp:featuredmedia":[{"embeddable":true,"href":"https:\/\/dekkbi.com\/index.php?rest_route=\/wp\/v2\/media\/15608"}],"wp:attachment":[{"href":"https:\/\/dekkbi.com\/index.php?rest_route=%2Fwp%2Fv2%2Fmedia&parent=15607"}],"wp:term":[{"taxonomy":"category","embeddable":true,"href":"https:\/\/dekkbi.com\/index.php?rest_route=%2Fwp%2Fv2%2Fcategories&post=15607"},{"taxonomy":"post_tag","embeddable":true,"href":"https:\/\/dekkbi.com\/index.php?rest_route=%2Fwp%2Fv2%2Ftags&post=15607"}],"curies":[{"name":"wp","href":"https:\/\/api.w.org\/{rel}","templated":true}]}}