{"id":15570,"date":"2023-07-05T10:37:50","date_gmt":"2023-07-05T10:37:50","guid":{"rendered":"https:\/\/dekkbi.com\/?p=15570"},"modified":"2023-07-05T10:37:50","modified_gmt":"2023-07-05T10:37:50","slug":"trois-questions-sur-les-dessous-du-depart-du-president-macky-sall","status":"publish","type":"post","link":"https:\/\/dekkbi.com\/?p=15570","title":{"rendered":"Trois questions sur les dessous du d\u00e9part du pr\u00e9sident Macky Sall"},"content":{"rendered":"\n<p><strong>Le pr\u00e9sident s\u00e9n\u00e9galais Macky Sall, \u00e9lu en 2012 puis r\u00e9\u00e9lu en 2019, a surpris lundi soir en annon\u00e7ant sa d\u00e9cision de ne pas se repr\u00e9senter \u00e0 l&rsquo;\u00e9lection pr\u00e9sidentielle de 2024. Quels en sont les ressorts et quelles perspectives ouvre-t-elle pour sa succession ?<\/strong><br><strong>Pourquoi Macky Sall a-t-il cr\u00e9\u00e9 la surprise ?<\/strong><\/p>\n\n\n\n<p>Malgr\u00e9 sa promesse en 2019 qu&rsquo;il effectuait son deuxi\u00e8me et dernier mandat, le pr\u00e9sident Sall entretenait le mutisme sur sa candidature depuis des mois, sur fond d&rsquo;appels pressants de ses partisans \u00e0 se pr\u00e9senter.<\/p>\n\n\n\n<p>Des actes qu&rsquo;il posait &#8211; en sanctionnant notamment des responsables de son parti contestant son \u00e9ventuelle candidature &#8211; ont \u00e9t\u00e9 lus comme des signes d&rsquo;une volont\u00e9 de rester au pouvoir.<\/p>\n\n\n\n<p>En outre, m\u00eame si la Constitution impose au pr\u00e9sident de ne pas faire plus de deux mandats cons\u00e9cutifs, il avait affirm\u00e9 qu&rsquo;il avait juridiquement la possibilit\u00e9 de se repr\u00e9senter, une r\u00e9vision de la loi fondamentale ayant remis, selon lui, le compteur \u00e0 z\u00e9ro \u00e0 partir de 2019.<\/p>\n\n\n\n<p>Malgr\u00e9 un climat politique tr\u00e8s tendu et les troubles les plus graves de ces derni\u00e8res ann\u00e9es au S\u00e9n\u00e9gal, li\u00e9s \u00e0 la condamnation d&rsquo;un de ses principaux opposants, M. Sall a donc attendu lundi soir pour exposer ses intentions. \u00ab\u00a0Je n\u2019ai jamais voulu \u00eatre l\u2019otage de cette injonction permanente \u00e0 parler avant l\u2019heure\u00a0\u00bb, a-t-il dit dans son adresse \u00e0 la nation.<\/p>\n\n\n\n<p>Il avait re\u00e7u samedi &#8211; sans livrer son secret &#8211; des \u00e9lus locaux qui lui ont instamment demand\u00e9 de se pr\u00e9senter. Sa d\u00e9cision de ne pas se pr\u00e9senter, il l&rsquo;a cach\u00e9e jusqu&rsquo;au dernier moment, y compris \u00e0 certains proches collaborateurs.<\/p>\n\n\n\n<p>\u00ab\u00a0J&rsquo;ai un code d&rsquo;honneur et un sens de la responsabilit\u00e9 historique qui me commandent de pr\u00e9server ma dignit\u00e9 et ma parole\u00a0\u00bb, a-t-il expliqu\u00e9 pour justifier son choix.<\/p>\n\n\n\n<p>M. Sall a vu sa base \u00e9lectorale s&rsquo;\u00e9roder apr\u00e8s les l\u00e9gislatives de juillet 2022, marqu\u00e9es pour la premi\u00e8re fois par la perte au Parlement de la majorit\u00e9 absolue par le camp pr\u00e9sidentiel.<\/p>\n\n\n\n<p>Des observateurs et des opposants estiment que la pression de la rue a pes\u00e9 dans sa d\u00e9cision, ainsi que la d\u00e9faite \u00e9lectorale en 2012 de l&rsquo;ex-pr\u00e9sident Abdoulaye Wade, qui avait forc\u00e9 pour un troisi\u00e8me mandat.<br><strong>Qui pourrait \u00eatre le prochain pr\u00e9sident ?<\/strong><\/p>\n\n\n\n<p>La non-candidature de Macky Sall ouvre comme jamais le jeu politique. Nul dans son parti n&rsquo;a d\u00e9voil\u00e9 ses ambitions et il n&rsquo;a adoub\u00e9 aucun dauphin.<\/p>\n\n\n\n<p>La coalition pr\u00e9sidentielle, unie derri\u00e8re lui, doit se r\u00e9unir prochainement pour choisir un candidat qui aura le soutien de Macky Sall. Des divisions sont possibles et pourraient l&rsquo;affaiblir, selon un membre de la majorit\u00e9.<\/p>\n\n\n\n<p>Dans ce camp, un trio se d\u00e9gage, form\u00e9 de l&rsquo;actuel Premier ministre Amadou B\u00e2, du pr\u00e9sident du Conseil \u00e9conomique, social et environnemental (Cese) Abdoulaye Diallo Diallo, et du ministre de l&rsquo;Agriculture Aly Ngouille Ndiaye.<\/p>\n\n\n\n<p>Les deux premiers \u00e9taient inspecteurs des imp\u00f4ts avant leur carri\u00e8re politique, le troisi\u00e8me est dipl\u00f4m\u00e9 en g\u00e9nie civil et en finance. Ils sont r\u00e9put\u00e9s disposer d&rsquo;un large r\u00e9seau de partisans et d&rsquo;influents chefs religieux musulmans.<\/p>\n\n\n\n<p>Un autre inspecteur des imp\u00f4ts est dans la galaxie des potentiels successeurs: le plus farouche opposant de Macky Sall, Ousmane Sonko, tr\u00e8s populaire aupr\u00e8s des jeunes mais dont la candidature est en suspens, en raison d&rsquo;une condamnation \u00e0 deux ans de prison dans une affaire de moeurs et d&rsquo;une autre pour diffamation d&rsquo;un ministre.<\/p>\n\n\n\n<p>Trois autres candidats sont en vue pour l&rsquo;\u00e9lection, l&rsquo;ancien Premier ministre Idrissa Seck, deuxi\u00e8me de la pr\u00e9sidentielle de 2019, ainsi que l&rsquo;ancien ministre Karim Wade et l&rsquo;ancien maire de Dakar Khalifa Sall, issus de l&rsquo;opposition.<br><strong>Quelles sont les prochaines \u00e9tapes avant la pr\u00e9sidentielle ?<\/strong><\/p>\n\n\n\n<p>Le pr\u00e9sident Sall a annonc\u00e9 lundi la saisie cette semaine de l&rsquo;Assembl\u00e9e nationale pour des r\u00e9formes \u00e9lectorales devant permettre \u00e0 Karim Wade et Khalifa Sall, emp\u00each\u00e9s de se pr\u00e9senter en 2019 par des condamnations judiciaires ant\u00e9rieures, d&rsquo;\u00eatre candidats en 2024.<\/p>\n\n\n\n<p>Ces r\u00e9formes sont issues d&rsquo;une r\u00e9cente concertation nationale, \u00e0 laquelle M. Sonko n&rsquo;a pas particip\u00e9 et qui n&rsquo;a pas abord\u00e9 son cas.<\/p>\n\n\n\n<p>Ousmane Sonko est en l&rsquo;\u00e9tat in\u00e9ligible. Il a appel\u00e9 ses partisans \u00e0 la mobilisation pour \u00ab\u00a0un combat d\u00e9finitif\u00a0\u00bb, mais il est bloqu\u00e9 par les forces de s\u00e9curit\u00e9 chez lui \u00e0 Dakar &#8211; \u00ab\u00a0s\u00e9questr\u00e9\u00a0\u00bb selon lui &#8211; depuis le 28 mai.<\/p>\n\n\n\n<p>Une vingtaine de candidats se sont d\u00e9clar\u00e9s pour la pr\u00e9sidentielle du 25 f\u00e9vrier 2024.<\/p>\n\n\n\n<p>La collecte des parrainages est ouverte \u00e0 partir d&rsquo;ao\u00fbt, ce qui devrait pousser les candidats \u00e0 se d\u00e9voiler dans les deux mois. Le d\u00e9p\u00f4t des candidatures est pr\u00e9vu du 11 au 26 d\u00e9cembre.<\/p>\n\n\n\n<p>Source &#8211; seneweb<\/p>\n","protected":false},"excerpt":{"rendered":"<p>Le pr\u00e9sident s\u00e9n\u00e9galais Macky Sall, \u00e9lu en 2012 puis r\u00e9\u00e9lu en 2019, a surpris lundi soir en annon\u00e7ant sa d\u00e9cision<\/p>\n","protected":false},"author":1,"featured_media":15571,"comment_status":"open","ping_status":"open","sticky":false,"template":"","format":"standard","meta":{"footnotes":""},"categories":[6],"tags":[],"class_list":["post-15570","post","type-post","status-publish","format-standard","has-post-thumbnail","hentry","category-politics"],"_links":{"self":[{"href":"https:\/\/dekkbi.com\/index.php?rest_route=\/wp\/v2\/posts\/15570","targetHints":{"allow":["GET"]}}],"collection":[{"href":"https:\/\/dekkbi.com\/index.php?rest_route=\/wp\/v2\/posts"}],"about":[{"href":"https:\/\/dekkbi.com\/index.php?rest_route=\/wp\/v2\/types\/post"}],"author":[{"embeddable":true,"href":"https:\/\/dekkbi.com\/index.php?rest_route=\/wp\/v2\/users\/1"}],"replies":[{"embeddable":true,"href":"https:\/\/dekkbi.com\/index.php?rest_route=%2Fwp%2Fv2%2Fcomments&post=15570"}],"version-history":[{"count":1,"href":"https:\/\/dekkbi.com\/index.php?rest_route=\/wp\/v2\/posts\/15570\/revisions"}],"predecessor-version":[{"id":15572,"href":"https:\/\/dekkbi.com\/index.php?rest_route=\/wp\/v2\/posts\/15570\/revisions\/15572"}],"wp:featuredmedia":[{"embeddable":true,"href":"https:\/\/dekkbi.com\/index.php?rest_route=\/wp\/v2\/media\/15571"}],"wp:attachment":[{"href":"https:\/\/dekkbi.com\/index.php?rest_route=%2Fwp%2Fv2%2Fmedia&parent=15570"}],"wp:term":[{"taxonomy":"category","embeddable":true,"href":"https:\/\/dekkbi.com\/index.php?rest_route=%2Fwp%2Fv2%2Fcategories&post=15570"},{"taxonomy":"post_tag","embeddable":true,"href":"https:\/\/dekkbi.com\/index.php?rest_route=%2Fwp%2Fv2%2Ftags&post=15570"}],"curies":[{"name":"wp","href":"https:\/\/api.w.org\/{rel}","templated":true}]}}