{"id":15488,"date":"2023-07-04T11:34:47","date_gmt":"2023-07-04T11:34:47","guid":{"rendered":"https:\/\/dekkbi.com\/?p=15488"},"modified":"2023-07-04T11:34:48","modified_gmt":"2023-07-04T11:34:48","slug":"renoncement-a-un-troisieme-mandat-a-la-tete-de-letat-le-pds-salue-la-decision-du-president-macky-sall","status":"publish","type":"post","link":"https:\/\/dekkbi.com\/?p=15488","title":{"rendered":"Renoncement \u00e0 un troisi\u00e8me mandat \u00e0 la t\u00eate de l\u2019\u00c9tat : Le PDS salue la d\u00e9cision du Pr\u00e9sident Macky Sall"},"content":{"rendered":"\n<p>Le Parti D\u00e9mocratique S\u00e9n\u00e9galais (PDS) salue la d\u00e9cision du Pr\u00e9sident Macky Sall, de ne pas solliciter un troisi\u00e8me mandat \u00e0 la t\u00eate de l\u2019\u00c9tat.<\/p>\n\n\n\n<p>Nous f\u00e9licitons le Pr\u00e9sident pour sa d\u00e9cision courageuse, qui doit permettre au peuple s\u00e9n\u00e9galais de renforcer son unit\u00e9 et de continuer \u00e0 progresser sur le chemin de la d\u00e9mocratie. Nous sommes convaincus que, dans le prolongement du Dialogue national qu\u2019il a initi\u00e9, cette d\u00e9cision contribuera \u00e0 pr\u00e9server la s\u00e9r\u00e9nit\u00e9 et la paix dont notre pays a tant besoin et \u00e0 garantir des \u00e9lections justes et transparentes.<\/p>\n\n\n\n<p>Les S\u00e9n\u00e9galaises et les S\u00e9n\u00e9galais attach\u00e9s au respect des libert\u00e9s et de l\u2019\u00c9tat de droit, \u00e0 la stabilit\u00e9 et \u00e0 la prosp\u00e9rit\u00e9 de notre pays, sont appel\u00e9s \u00e0 rejoindre Karim Wade et \u00e0 soutenir sa candidature. Karim Wade incarne pour le S\u00e9n\u00e9gal, le renouveau politique et une ambition forte, fond\u00e9e sur le d\u00e9veloppement \u00e9conomique, la justice sociale et la pr\u00e9servation des acquis d\u00e9mocratiques.<\/p>\n\n\n\n<p>Nous donnons rendez-vous \u00e0 tous nos militants et sympathisants au prochain congr\u00e8s d&rsquo;investiture, o\u00f9 nous officialiserons la candidature de Karim Wade. Cette manifestation consacrera l\u2019union de toutes les forces vives de la Nation, autour du projet de notre candidat pour un S\u00e9n\u00e9gal rassembl\u00e9 et prosp\u00e8re.<\/p>\n\n\n\n<p>Karim Wade sera le Pr\u00e9sident dont notre pays a besoin pour faire face aux nombreux d\u00e9fis auxquels il est confront\u00e9.. Son exp\u00e9rience, sa vision et son engagement envers le peuple s\u00e9n\u00e9galais, sont des atouts pr\u00e9cieux pour l\u2019\u00e9dification d\u2019un avenir meilleur.<\/p>\n\n\n\n<p>Le PDS invite notamment tous ceux qui croient aux libert\u00e9s et \u00e0 la patrie, quelle que soit leur affiliation politique d\u2019aujourd\u2019hui, \u00e0 le rejoindre pour d\u00e9fendre les valeurs d\u00e9mocratiques, l&rsquo;\u00c9tat de droit et le progr\u00e8s \u00e9conomique et social.<\/p>\n\n\n\n<p>Il a pleine confiance dans le peuple s\u00e9n\u00e9galais, rassembl\u00e9 autour de Karim Wade. Notre candidat conduira les transformations significatives au profit de la population.<\/p>\n\n\n\n<p>Le PDS appelle toutes les S\u00e9n\u00e9galaises et tous les S\u00e9n\u00e9galais, \u00e0 se mobiliser autour de son candidat Karim Wade, afin de conduire le pays \u00e0 la victoire.<br>Source &#8211; l\u00e9ral<\/p>\n","protected":false},"excerpt":{"rendered":"<p>Le Parti D\u00e9mocratique S\u00e9n\u00e9galais (PDS) salue la d\u00e9cision du Pr\u00e9sident Macky Sall, de ne pas solliciter un troisi\u00e8me mandat \u00e0<\/p>\n","protected":false},"author":1,"featured_media":15489,"comment_status":"open","ping_status":"open","sticky":false,"template":"","format":"standard","meta":{"footnotes":""},"categories":[26],"tags":[],"class_list":["post-15488","post","type-post","status-publish","format-standard","has-post-thumbnail","hentry","category-fait-divers"],"_links":{"self":[{"href":"https:\/\/dekkbi.com\/index.php?rest_route=\/wp\/v2\/posts\/15488","targetHints":{"allow":["GET"]}}],"collection":[{"href":"https:\/\/dekkbi.com\/index.php?rest_route=\/wp\/v2\/posts"}],"about":[{"href":"https:\/\/dekkbi.com\/index.php?rest_route=\/wp\/v2\/types\/post"}],"author":[{"embeddable":true,"href":"https:\/\/dekkbi.com\/index.php?rest_route=\/wp\/v2\/users\/1"}],"replies":[{"embeddable":true,"href":"https:\/\/dekkbi.com\/index.php?rest_route=%2Fwp%2Fv2%2Fcomments&post=15488"}],"version-history":[{"count":1,"href":"https:\/\/dekkbi.com\/index.php?rest_route=\/wp\/v2\/posts\/15488\/revisions"}],"predecessor-version":[{"id":15490,"href":"https:\/\/dekkbi.com\/index.php?rest_route=\/wp\/v2\/posts\/15488\/revisions\/15490"}],"wp:featuredmedia":[{"embeddable":true,"href":"https:\/\/dekkbi.com\/index.php?rest_route=\/wp\/v2\/media\/15489"}],"wp:attachment":[{"href":"https:\/\/dekkbi.com\/index.php?rest_route=%2Fwp%2Fv2%2Fmedia&parent=15488"}],"wp:term":[{"taxonomy":"category","embeddable":true,"href":"https:\/\/dekkbi.com\/index.php?rest_route=%2Fwp%2Fv2%2Fcategories&post=15488"},{"taxonomy":"post_tag","embeddable":true,"href":"https:\/\/dekkbi.com\/index.php?rest_route=%2Fwp%2Fv2%2Ftags&post=15488"}],"curies":[{"name":"wp","href":"https:\/\/api.w.org\/{rel}","templated":true}]}}