{"id":15465,"date":"2023-07-04T10:43:52","date_gmt":"2023-07-04T10:43:52","guid":{"rendered":"https:\/\/dekkbi.com\/?p=15465"},"modified":"2023-07-04T10:43:53","modified_gmt":"2023-07-04T10:43:53","slug":"afghanistan-les-talibans-ordonnent-la-fermeture-des-salons-de-beaute","status":"publish","type":"post","link":"https:\/\/dekkbi.com\/?p=15465","title":{"rendered":"Afghanistan: les talibans ordonnent la fermeture des salons de beaut\u00e9"},"content":{"rendered":"\n<p>Le gouvernement taliban a annonc\u00e9 mardi avoir ordonn\u00e9 la fermeture des salons de beaut\u00e9 d&rsquo;ici un mois en Afghanistan, une nouvelle mesure visant \u00e0 tenir les femmes toujours plus \u00e0 l&rsquo;\u00e9cart de la vie publique.<br>Depuis leur retour au pouvoir en ao\u00fbt 2021, les talibans ont exclu les femmes de la plupart des \u00e9tablissements d&rsquo;enseignement secondaire, des universit\u00e9s et des administrations publiques. Ils leur ont aussi tr\u00e8s largement interdit de travailler avec l&rsquo;ONU et les ONG internationales.<br>Les femmes pas non plus le droit d&rsquo;entrer dans les parcs, jardins, salles de sport et bains publics, de voyager sans \u00eatre accompagn\u00e9es d&rsquo;un parent masculin et doivent se couvrir int\u00e9gralement lorsqu&rsquo;elles sortent de chez elles.<br>Mohammad Sadeq Akif Muhajir, le porte-parole du minist\u00e8re de la Pr\u00e9vention du vice et de la Promotion de la vertu, a confirm\u00e9 mardi \u00e0 l&rsquo;AFP la fermeture des salons de beaut\u00e9, \u00e9voqu\u00e9e depuis quelques jours sur les r\u00e9seaux sociaux.<br>Il n&rsquo;a pas justifi\u00e9 cette d\u00e9cision. \u00ab\u00a0Une fois qu&rsquo;ils auront \u00e9t\u00e9 ferm\u00e9s, nous en donnerons la raison aux m\u00e9dias\u00a0\u00bb, a-t-il d\u00e9clar\u00e9.<br>Un mois a \u00e9t\u00e9 accord\u00e9 aux salons pour fermer, afin qu&rsquo;ils puissent \u00e9couler leur stock sans conna\u00eetre de pertes, a-t-il expliqu\u00e9.<br>Selon une copie \u00e9crite du d\u00e9cret consult\u00e9e par l&rsquo;AFP, la d\u00e9cision \u00ab\u00a0s&rsquo;appuie sur une instruction verbale \u00e9manant du chef supr\u00eame\u00a0\u00bb de l&rsquo;Afghanistan, Hibatullah Akhundzada.<br>Les instituts de beaut\u00e9 avaient prolif\u00e9r\u00e9 \u00e0 Kaboul et dans les grandes villes afghanes pendant les 20 ann\u00e9es d&rsquo;occupation par les forces am\u00e9ricaines et de l&rsquo;Otan, avant le retour au pouvoir des talibans.<br>Ils \u00e9taient consid\u00e9r\u00e9s comme des endroits s\u00fbrs pour que les femmes puissent se rencontrer en l&rsquo;absence d&rsquo;hommes, et avaient aussi permis \u00e0 de nombreuses femmes de cr\u00e9er leur propre commerce.<br>Dans un rapport pr\u00e9sent\u00e9 la semaine derni\u00e8re au Conseil des droits de l&rsquo;homme des Nations unies, Richard Bennett, rapporteur sp\u00e9cial pour l&rsquo;Afghanistan, a estim\u00e9 que la situation des femmes et des jeunes filles dans le pays \u00ab\u00a0\u00e9tait l&rsquo;une des pires au monde\u00a0\u00bb.<br>La \u00ab\u00a0discrimination grave, syst\u00e9matique et institutionnalis\u00e9e \u00e0 l&rsquo;encontre des femmes et des filles est au coeur de l&rsquo;id\u00e9ologie et du pouvoir des talibans\u00a0\u00bb, a assur\u00e9 M. Bennett.<br>Hibatullah Akhundzada a affirm\u00e9 fin juin que les femmes vivant dans le pays avaient \u00e9t\u00e9 sauv\u00e9es de l'\u00a0\u00bboppression\u00a0\u00bb par le gouvernement taliban et que leur statut d'\u00a0\u00bb\u00eatres humains libres et dignes\u00a0\u00bb avait \u00e9t\u00e9 r\u00e9tabli.<br>Le chef supr\u00eame, dont les apparitions en public sont tr\u00e8s rares et qui g\u00e8re le pays par d\u00e9crets depuis Kandahar (Sud), berceau des talibans, avait expliqu\u00e9 que tout \u00e9tait fait pour garantir aux femmes \u00ab\u00a0une vie confortable et prosp\u00e8re conform\u00e9ment \u00e0 la charia\u00a0\u00bb (loi islamique).<\/p>\n\n\n\n<p>Source &#8211; APS<\/p>\n","protected":false},"excerpt":{"rendered":"<p>Le gouvernement taliban a annonc\u00e9 mardi avoir ordonn\u00e9 la fermeture des salons de beaut\u00e9 d&rsquo;ici un mois en Afghanistan, une<\/p>\n","protected":false},"author":1,"featured_media":15466,"comment_status":"open","ping_status":"open","sticky":false,"template":"","format":"standard","meta":{"footnotes":""},"categories":[51],"tags":[],"class_list":["post-15465","post","type-post","status-publish","format-standard","has-post-thumbnail","hentry","category-general"],"_links":{"self":[{"href":"https:\/\/dekkbi.com\/index.php?rest_route=\/wp\/v2\/posts\/15465","targetHints":{"allow":["GET"]}}],"collection":[{"href":"https:\/\/dekkbi.com\/index.php?rest_route=\/wp\/v2\/posts"}],"about":[{"href":"https:\/\/dekkbi.com\/index.php?rest_route=\/wp\/v2\/types\/post"}],"author":[{"embeddable":true,"href":"https:\/\/dekkbi.com\/index.php?rest_route=\/wp\/v2\/users\/1"}],"replies":[{"embeddable":true,"href":"https:\/\/dekkbi.com\/index.php?rest_route=%2Fwp%2Fv2%2Fcomments&post=15465"}],"version-history":[{"count":1,"href":"https:\/\/dekkbi.com\/index.php?rest_route=\/wp\/v2\/posts\/15465\/revisions"}],"predecessor-version":[{"id":15467,"href":"https:\/\/dekkbi.com\/index.php?rest_route=\/wp\/v2\/posts\/15465\/revisions\/15467"}],"wp:featuredmedia":[{"embeddable":true,"href":"https:\/\/dekkbi.com\/index.php?rest_route=\/wp\/v2\/media\/15466"}],"wp:attachment":[{"href":"https:\/\/dekkbi.com\/index.php?rest_route=%2Fwp%2Fv2%2Fmedia&parent=15465"}],"wp:term":[{"taxonomy":"category","embeddable":true,"href":"https:\/\/dekkbi.com\/index.php?rest_route=%2Fwp%2Fv2%2Fcategories&post=15465"},{"taxonomy":"post_tag","embeddable":true,"href":"https:\/\/dekkbi.com\/index.php?rest_route=%2Fwp%2Fv2%2Ftags&post=15465"}],"curies":[{"name":"wp","href":"https:\/\/api.w.org\/{rel}","templated":true}]}}