{"id":15462,"date":"2023-07-04T10:38:01","date_gmt":"2023-07-04T10:38:01","guid":{"rendered":"https:\/\/dekkbi.com\/?p=15462"},"modified":"2023-07-04T10:38:02","modified_gmt":"2023-07-04T10:38:02","slug":"developpement-numerique-mondial-inclusif-une-reunion-dexamen-regional-se-tient-en-afrique-du-sud-les-4-et-5-juillet","status":"publish","type":"post","link":"https:\/\/dekkbi.com\/?p=15462","title":{"rendered":"D\u00e9veloppement num\u00e9rique mondial inclusif : Une r\u00e9union d&rsquo;examen r\u00e9gional se tient en Afrique du Sud les 4 et 5 juillet"},"content":{"rendered":"\n<p><strong>Dans le cadre des efforts visant \u00e0 assurer un d\u00e9veloppement num\u00e9rique mondial inclusif, une r\u00e9union d&rsquo;examen r\u00e9gional sur les contributions de l&rsquo;Afrique au Pacte num\u00e9rique mondial se tient du 4 au 5 juillet 2023 au Cap, en Afrique du Sud.<\/strong><\/p>\n\n\n\n<p>Organis\u00e9e par le Centre d&rsquo;excellence num\u00e9rique de la Commission \u00e9conomique pour l&rsquo;Afrique (Cea), la r\u00e9union vise \u00e0 fournir une plate-forme pour proposer et examiner les contributions de l&rsquo;Afrique au Pacte num\u00e9rique mondial en r\u00e9unissant des repr\u00e9sentants d&rsquo;institutions gouvernementales, de d\u00e9cideurs politiques, d&rsquo;entit\u00e9s du secteur priv\u00e9 et d&rsquo;organisations de la soci\u00e9t\u00e9 civile.<br>\u00a0<br>Via un communiqu\u00e9 de la Cea, les Nations Unies disent reconna\u00eetre l&rsquo;immense potentiel des technologies num\u00e9riques dans la transformation des soci\u00e9t\u00e9s dans le monde entier tout en reconnaissant la n\u00e9cessit\u00e9 d&rsquo;une coop\u00e9ration internationale pour exploiter efficacement leurs avantages et att\u00e9nuer leurs risques.<br>\u00a0<br>Le communiqu\u00e9 rappelle qu\u2019en comm\u00e9moration du 75e anniversaire des Nations Unies, une d\u00e9claration a \u00e9t\u00e9 adopt\u00e9e, soulignant l&rsquo;importance de la coop\u00e9ration num\u00e9rique et l&rsquo;exigence urgente de forger une vision commune pour un avenir num\u00e9rique s\u00fbr et avantageux.<br>\u00a0<br>A l\u2019en croire, la proposition du Secr\u00e9taire g\u00e9n\u00e9ral des Nations Unies d&rsquo;\u00e9tablir le Pacte num\u00e9rique mondial d\u00e9crit les principes de la promotion d&rsquo;un environnement num\u00e9rique ouvert, libre et s\u00e9curis\u00e9. Pour diriger le processus intergouvernemental sur ce pacte, le Rwanda et la Su\u00e8de ont \u00e9t\u00e9 nomm\u00e9s co-facilitateurs.<br>\u00a0<br>Dans le cadre du processus consultatif, l&rsquo;ONU sollicite la contribution d&rsquo;individus, d&rsquo;organisations et d&rsquo;entit\u00e9s du monde entier, dans le but de rassembler diverses perspectives et de fa\u00e7onner un accord global.<br>\u00a0<br>Cette r\u00e9union de r\u00e9vision est l&rsquo;occasion pour l&rsquo;Afrique de participer activement \u00e0 l&rsquo;\u00e9laboration d&rsquo;un avenir num\u00e9rique plus inclusif et plus \u00e9quitable. En collaborant avec diverses parties prenantes et en int\u00e9grant des perspectives africaines, le continent devrait contribuer de mani\u00e8re significative au d\u00e9veloppement du Pacte num\u00e9rique mondial des Nations Unies.<br>\u00a0<br>Le Pacte num\u00e9rique mondial vise \u00e0 aborder des questions critiques, notamment la connexion des personnes non connect\u00e9es, la pr\u00e9vention de la fragmentation d&rsquo;Internet, la protection des droits \u00e0 la vie priv\u00e9e, la garantie des droits de l&rsquo;homme en ligne, la lutte contre la discrimination et le contenu trompeur, et la r\u00e9glementation de l&rsquo;intelligence artificielle. Son objectif principal est de co-cr\u00e9er un avenir num\u00e9rique ouvert, libre et s\u00e9curis\u00e9 pour tous.<br>\u00a0<br>La r\u00e9union d&rsquo;examen r\u00e9gional de l&rsquo;Afrique a pour but d&rsquo;orienter la contribution de l&rsquo;Afrique vers un certain nombre de priorit\u00e9s notamment assurer un acc\u00e8s universel \u00e0 Internet, prot\u00e9ger la vie priv\u00e9e des gens et la cybers\u00e9curit\u00e9, prot\u00e9ger les droits de l&rsquo;homme en ligne et \u00e9liminer la violence cybern\u00e9tique.<br>\u00a0<br>Il s\u2019agit \u00e9galement de favoriser les comp\u00e9tences num\u00e9riques, y compris les comp\u00e9tences num\u00e9riques de base, interm\u00e9diaires et avanc\u00e9es et enfin promouvoir l&rsquo;inclusion num\u00e9rique et s&rsquo;attaquer \u00e0 la fracture num\u00e9rique, en particulier le foss\u00e9 entre les sexes et les zones rurales et urbaines.<br>\u00a0<br>Source &#8211; <strong>Bassirou MBAYE<\/strong> &#8211; lejecos<\/p>\n","protected":false},"excerpt":{"rendered":"<p>Dans le cadre des efforts visant \u00e0 assurer un d\u00e9veloppement num\u00e9rique mondial inclusif, une r\u00e9union d&rsquo;examen r\u00e9gional sur les contributions<\/p>\n","protected":false},"author":1,"featured_media":15463,"comment_status":"open","ping_status":"open","sticky":false,"template":"","format":"standard","meta":{"footnotes":""},"categories":[46],"tags":[],"class_list":["post-15462","post","type-post","status-publish","format-standard","has-post-thumbnail","hentry","category-technology"],"_links":{"self":[{"href":"https:\/\/dekkbi.com\/index.php?rest_route=\/wp\/v2\/posts\/15462","targetHints":{"allow":["GET"]}}],"collection":[{"href":"https:\/\/dekkbi.com\/index.php?rest_route=\/wp\/v2\/posts"}],"about":[{"href":"https:\/\/dekkbi.com\/index.php?rest_route=\/wp\/v2\/types\/post"}],"author":[{"embeddable":true,"href":"https:\/\/dekkbi.com\/index.php?rest_route=\/wp\/v2\/users\/1"}],"replies":[{"embeddable":true,"href":"https:\/\/dekkbi.com\/index.php?rest_route=%2Fwp%2Fv2%2Fcomments&post=15462"}],"version-history":[{"count":1,"href":"https:\/\/dekkbi.com\/index.php?rest_route=\/wp\/v2\/posts\/15462\/revisions"}],"predecessor-version":[{"id":15464,"href":"https:\/\/dekkbi.com\/index.php?rest_route=\/wp\/v2\/posts\/15462\/revisions\/15464"}],"wp:featuredmedia":[{"embeddable":true,"href":"https:\/\/dekkbi.com\/index.php?rest_route=\/wp\/v2\/media\/15463"}],"wp:attachment":[{"href":"https:\/\/dekkbi.com\/index.php?rest_route=%2Fwp%2Fv2%2Fmedia&parent=15462"}],"wp:term":[{"taxonomy":"category","embeddable":true,"href":"https:\/\/dekkbi.com\/index.php?rest_route=%2Fwp%2Fv2%2Fcategories&post=15462"},{"taxonomy":"post_tag","embeddable":true,"href":"https:\/\/dekkbi.com\/index.php?rest_route=%2Fwp%2Fv2%2Ftags&post=15462"}],"curies":[{"name":"wp","href":"https:\/\/api.w.org\/{rel}","templated":true}]}}