{"id":15384,"date":"2023-07-03T16:20:00","date_gmt":"2023-07-03T16:20:00","guid":{"rendered":"https:\/\/dekkbi.com\/?p=15384"},"modified":"2023-07-03T16:20:01","modified_gmt":"2023-07-03T16:20:01","slug":"violences-en-france-un-bilan-economique-deja-tres-lourd","status":"publish","type":"post","link":"https:\/\/dekkbi.com\/?p=15384","title":{"rendered":"Violences en France: un bilan \u00e9conomique d\u00e9j\u00e0 tr\u00e8s lourd"},"content":{"rendered":"\n<p><strong>En France, les violences urbaines ont baiss\u00e9 d&rsquo;un cran la nuit du dimanche au lundi 3 juillet alors que des \u00e9meutes agitent de nombreuses villes depuis la mort du jeune Nahel le mardi 27 juin. Si le retour au calme semble se dessiner \u00e0 l&rsquo;horizon, le bilan \u00e9conomique, lui, s&rsquo;annonce d\u00e9j\u00e0 tr\u00e8s lourd avec des centaines de destructions et de pillages. Du commerce au tourisme, de nombreux secteurs sont touch\u00e9s \u00e0 court et moyen terme.<\/strong><\/p>\n\n\n\n<p>S&rsquo;il est encore trop t\u00f4t pour chiffrer pr\u00e9cis\u00e9ment les d\u00e9g\u00e2ts des nuits d&rsquo;\u00e9meutes, la facture s\u2019annonce d&rsquo;ores et d\u00e9j\u00e0 sal\u00e9e. C\u2019est d\u2019abord le cas pour les collectivit\u00e9s publiques puisque de nombreux b\u00e2timents publics ont \u00e9t\u00e9 d\u00e9grad\u00e9s comme des \u00e9coles, des biblioth\u00e8ques et des mairies. Du mobilier urbain et des transports publics ont aussi \u00e9t\u00e9 d\u00e9truits, comme des bus ou des trams.<\/p>\n\n\n\n<p>L\u2019autre victime majeure, c&rsquo;est le secteur du commerce. Les images qui circulent sur les r\u00e9seaux sociaux le montrent bien&nbsp;: de nombreux magasins ont \u00e9t\u00e9 pill\u00e9s et vandalis\u00e9s. Le ministre de l&rsquo;\u00c9conomie, Bruno Le Maire, a dress\u00e9 un premier bilan samedi 1er juillet, parlant d&rsquo;au moins 200 magasins de grande distribution, de 250 bureaux de tabac et de 250 agences bancaires attaqu\u00e9es partout en France. \u00c0 cela s&rsquo;ajoutent \u00e9galement les commerces de proximit\u00e9 qui ont \u00e9t\u00e9 vis\u00e9s.&nbsp;<\/p>\n\n\n\n<p>Rien que dans la r\u00e9gion de Marseille, ville particuli\u00e8rement touch\u00e9e par les violences, les pertes pour les commer\u00e7ants sont d\u00e9j\u00e0 estim\u00e9es \u00e0 plus de 100\u00a0millions d&rsquo;euros par la chambre de commerce et d&rsquo;industrie Marseille-Provence. Un coup dur en pleine p\u00e9riode des soldes, pour un secteur d\u00e9j\u00e0 fragilis\u00e9 par l&rsquo;inflation.\u00a0<\/p>\n\n\n\n<h2 class=\"wp-block-heading\">La difficile question des indemnisations<\/h2>\n\n\n\n<p>Pour les commerces touch\u00e9s par les \u00e9meutes, les vols et les d\u00e9g\u00e2ts de type vitres cass\u00e9es ou devantures br\u00fbl\u00e9es sont normalement pris en compte par les assurances puisque ces d\u00e9gradations sont inscrites dans la majorit\u00e9 des contrats souscrits par les professionnels.<\/p>\n\n\n\n<p>Ce qui pose davantage probl\u00e8me, c&rsquo;est le manque \u00e0 gagner li\u00e9 \u00e0 la fermeture prolong\u00e9e de ces commerces, autrement appel\u00e9 les pertes d&rsquo;exploitation. Pour \u00e7a, les assurances proposent la plupart du temps un contrat sp\u00e9cifique. Or seulement un commer\u00e7ant sur deux serait couvert d&rsquo;apr\u00e8s France Assureurs.<\/p>\n\n\n\n<p>Pour limiter la casse, Bruno Le Maire a demand\u00e9 aux assureurs d&rsquo;acc\u00e9l\u00e9rer les indemnisations et de r\u00e9duire les franchises. Plusieurs mesures ont aussi \u00e9t\u00e9 prises, parmi lesquelles figurent le report du paiement des charges sociales et fiscales, la simplification des d\u00e9marches d&rsquo;assurances ou encore la prolongation d&rsquo;une semaine des soldes.<\/p>\n\n\n\n<p>Un coup de pouce insuffisant selon l&rsquo;Alliance du commerce qui r\u00e9clame de l&rsquo;\u00c9tat la cr\u00e9ation d&rsquo;un fonds d&rsquo;indemnisation. Le Medef parle de son c\u00f4t\u00e9 de \u00ab<em>&nbsp;pertes irr\u00e9parables&nbsp;<\/em>\u00bb qui pourraient se solder par \u00ab&nbsp;<em>du ch\u00f4mage partiel, voire des destructions d\u2019emplois&nbsp;<\/em>\u00bb.<\/p>\n","protected":false},"excerpt":{"rendered":"<p>En France, les violences urbaines ont baiss\u00e9 d&rsquo;un cran la nuit du dimanche au lundi 3 juillet alors que des<\/p>\n","protected":false},"author":1,"featured_media":15385,"comment_status":"open","ping_status":"open","sticky":false,"template":"","format":"standard","meta":{"footnotes":""},"categories":[46],"tags":[],"class_list":["post-15384","post","type-post","status-publish","format-standard","has-post-thumbnail","hentry","category-technology"],"_links":{"self":[{"href":"https:\/\/dekkbi.com\/index.php?rest_route=\/wp\/v2\/posts\/15384","targetHints":{"allow":["GET"]}}],"collection":[{"href":"https:\/\/dekkbi.com\/index.php?rest_route=\/wp\/v2\/posts"}],"about":[{"href":"https:\/\/dekkbi.com\/index.php?rest_route=\/wp\/v2\/types\/post"}],"author":[{"embeddable":true,"href":"https:\/\/dekkbi.com\/index.php?rest_route=\/wp\/v2\/users\/1"}],"replies":[{"embeddable":true,"href":"https:\/\/dekkbi.com\/index.php?rest_route=%2Fwp%2Fv2%2Fcomments&post=15384"}],"version-history":[{"count":1,"href":"https:\/\/dekkbi.com\/index.php?rest_route=\/wp\/v2\/posts\/15384\/revisions"}],"predecessor-version":[{"id":15386,"href":"https:\/\/dekkbi.com\/index.php?rest_route=\/wp\/v2\/posts\/15384\/revisions\/15386"}],"wp:featuredmedia":[{"embeddable":true,"href":"https:\/\/dekkbi.com\/index.php?rest_route=\/wp\/v2\/media\/15385"}],"wp:attachment":[{"href":"https:\/\/dekkbi.com\/index.php?rest_route=%2Fwp%2Fv2%2Fmedia&parent=15384"}],"wp:term":[{"taxonomy":"category","embeddable":true,"href":"https:\/\/dekkbi.com\/index.php?rest_route=%2Fwp%2Fv2%2Fcategories&post=15384"},{"taxonomy":"post_tag","embeddable":true,"href":"https:\/\/dekkbi.com\/index.php?rest_route=%2Fwp%2Fv2%2Ftags&post=15384"}],"curies":[{"name":"wp","href":"https:\/\/api.w.org\/{rel}","templated":true}]}}