{"id":15359,"date":"2023-07-03T13:00:34","date_gmt":"2023-07-03T13:00:34","guid":{"rendered":"https:\/\/dekkbi.com\/?p=15359"},"modified":"2023-07-03T15:30:52","modified_gmt":"2023-07-03T15:30:52","slug":"visas-les-precisions-et-explications-du-consulat-de-france-a-dakar","status":"publish","type":"post","link":"https:\/\/dekkbi.com\/?p=15359","title":{"rendered":"Visas: Les pr\u00e9cisions et explications du Consulat de France \u00e0 Dakar"},"content":{"rendered":"\n<p>iGFM &#8211; (Dakar) &#8211;  L\u2019information selon laquelle le consulat g\u00e9n\u00e9ral de France \u00e0 Dakar a suspendu la d\u00e9livrance des visas est fausse. C\u2019est en tout cas ce qu\u2019a pr\u00e9cis\u00e9 le consulat g\u00e9n\u00e9ral de la France au S\u00e9n\u00e9gal. Il en a profit\u00e9 pour s\u2019exprimer sur les d\u00e9lais interminables de traitement des dossiers.<\/p>\n\n\n\n<p>\u00abLa d\u00e9livrance de visas, de quelque cat\u00e9gorie que ce soit, n\u2019est pas suspendue au S\u00e9n\u00e9gal\u00bb, a pr\u00e9cis\u00e9 le consulat g\u00e9n\u00e9ral de France \u00e0 Dakar. Ce dernier informe, dans\u00a0<strong>une note<\/strong>\u00a0datant de ce 28 juin, que 47 000 dossiers seront trait\u00e9s d\u2019ici fin 2023. Le Consulat souligne, cependant, que cette ann\u00e9e, il devra traiter de mani\u00e8re prioritaire, d\u2019ici la rentr\u00e9e universitaire de septembre, environ 11000 demandes de visa \u00e9tudiant, soit une croissance de la demande de 39% par rapport \u00e0 2019.<br><br>\u00abCette forte demande n\u00e9cessite un ajustement de la capacit\u00e9 de traitement du service des visas. C\u2019est pourquoi le consulat g\u00e9n\u00e9ral de France \u00e0 Dakar a b\u00e9n\u00e9fici\u00e9 de l\u2019aide de personnels envoy\u00e9s en renfort depuis Paris l\u2019an dernier, et en b\u00e9n\u00e9ficiera encore cet \u00e9t\u00e9. Ses effectifs permanents seront d\u00e8s septembre les m\u00eames qu\u2019en 2019, ann\u00e9e record pour les demandes de visas, avec 65 000 demandes examin\u00e9es\u00bb, explique-t-il.<br><br>Quant aux\u00a0<strong>d\u00e9lais de traitement<\/strong>, ils ont tendance, notamment au moment des pics de demande, \u00e0 s\u2019allonger. Ils se situent autour de 2 \u00e0 15 jours dit le consulat. Et cette situation \u00abest fortement aggrav\u00e9e par l\u2019action d\u00e9l\u00e9t\u00e8re d\u2019interm\u00e9diaires, qui pr\u00e9emptent les milliers de cr\u00e9neaux de rendez-vous mis en ligne et se livrent souvent \u00e0 des pratiques frauduleuses, en vendant des documents contrefaits pour la constitution des dossiers\u00bb.<\/p>\n","protected":false},"excerpt":{"rendered":"<p>iGFM &#8211; (Dakar) &#8211; L\u2019information selon laquelle le consulat g\u00e9n\u00e9ral de France \u00e0 Dakar a suspendu la d\u00e9livrance des visas<\/p>\n","protected":false},"author":1,"featured_media":15360,"comment_status":"open","ping_status":"open","sticky":false,"template":"","format":"standard","meta":{"footnotes":""},"categories":[3],"tags":[],"class_list":["post-15359","post","type-post","status-publish","format-standard","has-post-thumbnail","hentry","category-event-more-news"],"_links":{"self":[{"href":"https:\/\/dekkbi.com\/index.php?rest_route=\/wp\/v2\/posts\/15359","targetHints":{"allow":["GET"]}}],"collection":[{"href":"https:\/\/dekkbi.com\/index.php?rest_route=\/wp\/v2\/posts"}],"about":[{"href":"https:\/\/dekkbi.com\/index.php?rest_route=\/wp\/v2\/types\/post"}],"author":[{"embeddable":true,"href":"https:\/\/dekkbi.com\/index.php?rest_route=\/wp\/v2\/users\/1"}],"replies":[{"embeddable":true,"href":"https:\/\/dekkbi.com\/index.php?rest_route=%2Fwp%2Fv2%2Fcomments&post=15359"}],"version-history":[{"count":2,"href":"https:\/\/dekkbi.com\/index.php?rest_route=\/wp\/v2\/posts\/15359\/revisions"}],"predecessor-version":[{"id":15363,"href":"https:\/\/dekkbi.com\/index.php?rest_route=\/wp\/v2\/posts\/15359\/revisions\/15363"}],"wp:featuredmedia":[{"embeddable":true,"href":"https:\/\/dekkbi.com\/index.php?rest_route=\/wp\/v2\/media\/15360"}],"wp:attachment":[{"href":"https:\/\/dekkbi.com\/index.php?rest_route=%2Fwp%2Fv2%2Fmedia&parent=15359"}],"wp:term":[{"taxonomy":"category","embeddable":true,"href":"https:\/\/dekkbi.com\/index.php?rest_route=%2Fwp%2Fv2%2Fcategories&post=15359"},{"taxonomy":"post_tag","embeddable":true,"href":"https:\/\/dekkbi.com\/index.php?rest_route=%2Fwp%2Fv2%2Ftags&post=15359"}],"curies":[{"name":"wp","href":"https:\/\/api.w.org\/{rel}","templated":true}]}}