{"id":15332,"date":"2023-07-03T11:06:37","date_gmt":"2023-07-03T11:06:37","guid":{"rendered":"https:\/\/dekkbi.com\/?p=15332"},"modified":"2023-07-03T11:06:38","modified_gmt":"2023-07-03T11:06:38","slug":"environnement-sommet-du-mercosur-sans-reponse-a-lue-en-vue","status":"publish","type":"post","link":"https:\/\/dekkbi.com\/?p=15332","title":{"rendered":"Environnement: sommet du Mercosur sans r\u00e9ponse \u00e0 l&rsquo;UE en vue"},"content":{"rendered":"\n<p>Les chefs d&rsquo;Etat du Mercosur se retrouvent lundi et mardi \u00e0 Port Igua\u00e7u, dans le nord-est de l&rsquo;Argentine, sans projet d\u00e9taill\u00e9 leur permettant de r\u00e9pondre aux pr\u00e9occupations europ\u00e9ennes concernant l&rsquo;environnement et d&rsquo;obtenir ainsi la ratification de l&rsquo;accord commercial UE-Mercosur.<\/p>\n\n\n\n<p>\u00ab\u00a0Nous serons bient\u00f4t en mesure de pr\u00e9senter nos \u00e9valuations aux membres du Mercosur\u00a0\u00bb, a d\u00e9clar\u00e9 le directeur des Affaires \u00e9conomiques et financi\u00e8res du minist\u00e8re des Affaires \u00e9trang\u00e8res du Br\u00e9sil, Mauricio Carvalho, reconnaissant tacitement qu&rsquo;un projet d\u00e9taill\u00e9 ne pourrait pas \u00eatre pr\u00eat pour ce sommet.<\/p>\n\n\n\n<p>Le pr\u00e9sident argentin Alberto Fernandez doit accueillir, dans le paysage imposant des Chutes d&rsquo;Igua\u00e7u, ses homologues d&rsquo;Uruguay, Luis Lacalle Pou, du Paraguay, Mario Abdo, et du Br\u00e9sil Luiz In\u00e1cio Lula da Silva, qui doit prendre la pr\u00e9sidence tournante du bloc jusqu&rsquo;\u00e0 la fin de l&rsquo;ann\u00e9e.<\/p>\n\n\n\n<p>Lula avait estim\u00e9 le 13 juin que la \u00ab\u00a0m\u00e9fiance\u00a0\u00bb ne pouvait pas guider l&rsquo;accord commercial entre l&rsquo;UE et les pays du Mercosur, d\u00e9plorant les exigences environnementales des Europ\u00e9ens.<\/p>\n\n\n\n<p>\u00ab\u00a0Entre partenaires strat\u00e9giques, il doit y avoir une confiance mutuelle et non de la m\u00e9fiance et des sanctions\u00a0\u00bb, a d\u00e9clar\u00e9 Lula lors d&rsquo;une conf\u00e9rence de presse conjointe \u00e0 Brasilia avec la pr\u00e9sidente de la Commission europ\u00e9enne, Ursula von der Leyen.<\/p>\n\n\n\n<p>\u00ab\u00a0Ce que nous demandons, c&rsquo;est un accord \u00e9quilibr\u00e9\u00a0\u00bb, avait ajout\u00e9 le lendemain le pr\u00e9sident argentin Alberto Fernandez, accueillant lui aussi, \u00e0 Buenos Aires, la pr\u00e9sidente de la Commission europ\u00e9enne.<\/p>\n\n\n\n<p>Le Mercosur, alliance entre le Br\u00e9sil, l&rsquo;Argentine, le Paraguay et l&rsquo;Uruguay, a conclu un accord avec l&rsquo;UE en 2019 apr\u00e8s plus de 20 ans de n\u00e9gociations, mais le pacte n&rsquo;a pas \u00e9t\u00e9 ratifi\u00e9, en partie en raison des pr\u00e9occupations europ\u00e9ennes concernant les politiques environnementales de l&rsquo;ancien pr\u00e9sident br\u00e9silien Jair Bolsonaro (2019-2022).<\/p>\n\n\n\n<p>L&rsquo;arriv\u00e9e du nouveau pr\u00e9sident Luiz Inacio Lula da Silva a relanc\u00e9 des discussions qui restent difficiles.<\/p>\n","protected":false},"excerpt":{"rendered":"<p>Les chefs d&rsquo;Etat du Mercosur se retrouvent lundi et mardi \u00e0 Port Igua\u00e7u, dans le nord-est de l&rsquo;Argentine, sans projet<\/p>\n","protected":false},"author":1,"featured_media":15333,"comment_status":"open","ping_status":"open","sticky":false,"template":"","format":"standard","meta":{"footnotes":""},"categories":[3],"tags":[],"class_list":["post-15332","post","type-post","status-publish","format-standard","has-post-thumbnail","hentry","category-event-more-news"],"_links":{"self":[{"href":"https:\/\/dekkbi.com\/index.php?rest_route=\/wp\/v2\/posts\/15332","targetHints":{"allow":["GET"]}}],"collection":[{"href":"https:\/\/dekkbi.com\/index.php?rest_route=\/wp\/v2\/posts"}],"about":[{"href":"https:\/\/dekkbi.com\/index.php?rest_route=\/wp\/v2\/types\/post"}],"author":[{"embeddable":true,"href":"https:\/\/dekkbi.com\/index.php?rest_route=\/wp\/v2\/users\/1"}],"replies":[{"embeddable":true,"href":"https:\/\/dekkbi.com\/index.php?rest_route=%2Fwp%2Fv2%2Fcomments&post=15332"}],"version-history":[{"count":1,"href":"https:\/\/dekkbi.com\/index.php?rest_route=\/wp\/v2\/posts\/15332\/revisions"}],"predecessor-version":[{"id":15334,"href":"https:\/\/dekkbi.com\/index.php?rest_route=\/wp\/v2\/posts\/15332\/revisions\/15334"}],"wp:featuredmedia":[{"embeddable":true,"href":"https:\/\/dekkbi.com\/index.php?rest_route=\/wp\/v2\/media\/15333"}],"wp:attachment":[{"href":"https:\/\/dekkbi.com\/index.php?rest_route=%2Fwp%2Fv2%2Fmedia&parent=15332"}],"wp:term":[{"taxonomy":"category","embeddable":true,"href":"https:\/\/dekkbi.com\/index.php?rest_route=%2Fwp%2Fv2%2Fcategories&post=15332"},{"taxonomy":"post_tag","embeddable":true,"href":"https:\/\/dekkbi.com\/index.php?rest_route=%2Fwp%2Fv2%2Ftags&post=15332"}],"curies":[{"name":"wp","href":"https:\/\/api.w.org\/{rel}","templated":true}]}}