{"id":15325,"date":"2023-07-03T10:54:58","date_gmt":"2023-07-03T10:54:58","guid":{"rendered":"https:\/\/dekkbi.com\/?p=15325"},"modified":"2023-07-03T12:46:30","modified_gmt":"2023-07-03T12:46:30","slug":"en-cote-divoire-le-champion-du-monde-de-taekwondo-cheick-cisse-popularise-son-art","status":"publish","type":"post","link":"https:\/\/dekkbi.com\/?p=15325","title":{"rendered":"En C\u00f4te d&rsquo;Ivoire, Cheick Ciss\u00e9 popularise son art"},"content":{"rendered":"\n<p><em>\u00ab\u00a0C\u2019est la cons\u00e9cration d\u2019un r\u00eave\u00a0\u00bb<\/em>&nbsp;et&nbsp;<em>\u00ab\u00a0le seul titre qui manquait dans mon palmar\u00e8s\u00a0\u00bb<\/em>, d\u00e9clare \u00e0 l&rsquo;AFP l&rsquo;Ivoirien&nbsp;Cheick&nbsp;Ciss\u00e9. Le&nbsp;champion&nbsp;du&nbsp;monde&nbsp;de&nbsp;taekwondo a \u00e9t\u00e9&nbsp;sacr\u00e9 le 4 juin \u00e0 Bakou, en Azerba\u00efdjan, et symbole du&nbsp;succ\u00e8s&nbsp;de cet art martial sud-cor\u00e9en en&nbsp;C\u00f4te&nbsp;d&rsquo;Ivoire.<\/p>\n\n\n\n<p><em>\u00ab\u00a0C\u2019est la cons\u00e9cration d\u2019un r\u00eave\u00a0\u00bb<\/em>&nbsp;et&nbsp;<em>\u00ab\u00a0le seul titre qui manquait dans mon palmar\u00e8s\u00a0\u00bb<\/em>, d\u00e9clare \u00e0 l&rsquo;AFP l&rsquo;Ivoirien&nbsp;Cheick&nbsp;Ciss\u00e9,&nbsp;champion&nbsp;du&nbsp;monde&nbsp;de&nbsp;taekwondo&nbsp;sacr\u00e9 le 4 juin \u00e0 Bakou, en Azerba\u00efdjan, et symbole du&nbsp;succ\u00e8s&nbsp;de cet art martial sud-cor\u00e9en en&nbsp;C\u00f4te&nbsp;d&rsquo;Ivoire.<\/p>\n\n\n\n<p>En plus de ce titre, trois des quatre m\u00e9dailles olympiques remport\u00e9es par la&nbsp;C\u00f4te&nbsp;d&rsquo;Ivoire&nbsp;l&rsquo;ont \u00e9t\u00e9 en&nbsp;taekwondo. En 2016, \u00e0 Rio,&nbsp;Cheick&nbsp;Ciss\u00e9&nbsp;remporte l&rsquo;or et sa compatriote Ruth Gbagbi le bronze: elle r\u00e9it\u00e8re sa victoire en 2020 \u00e0 Tokyo. &nbsp;<\/p>\n\n\n\n<p>L&rsquo;exploit commence par un fait ordinaire. Le p\u00e8re du&nbsp;champion, Abdelkader&nbsp;Ciss\u00e9, lui fait d\u00e9couvrir les arts martiaux, en commen\u00e7ant par le karat\u00e9 :&nbsp;<em>\u00ab\u00a0Je voulais qu&rsquo;il g\u00e8re mieux son stress\u00a0\u00bb<\/em>, raconte-t-il.<\/p>\n\n\n\n<p>Form\u00e9 \u00ab\u00a0<em>comme tous les champions<\/em>\u00a0\u00bb au centre d&rsquo;entra\u00eenement de Koumassi, quartier d&rsquo;Abidjan,&nbsp;Cheick&nbsp;Ciss\u00e9<em>&nbsp;\u00ab\u00a0est arriv\u00e9 \u00e0 10 ou 11 ans \u00e0 peine\u00a0\u00bb,<\/em>&nbsp;se souvient son premier entra\u00eeneur de&nbsp;taekwondo, Christian Kragb\u00e9.<\/p>\n\n\n\n<p><em>\u00ab\u00a0Je savais que c&rsquo;\u00e9tait quelque chose qui \u00e9tait fait pour moi\u00a0\u00bb,<\/em>&nbsp;affirme le&nbsp;champion&nbsp;du&nbsp;monde, mais&nbsp;<em>\u00ab\u00a0je n&rsquo;ai jamais pens\u00e9 que \u00e7a allait \u00eatre professionnel\u00a0\u00bb.<\/em><\/p>\n\n\n\n<p>N\u00e9 \u00e0 Bouak\u00e9 (centre) dans une famille modeste,&nbsp;il&nbsp;<em>\u00ab\u00a0s&rsquo;entra\u00eene dans des conditions tr\u00e8s difficiles, parfois sur le sol nu\u00a0\u00bb,<\/em>&nbsp;se rappelle M. Kragb\u00e9.&nbsp;<em>\u00ab\u00a0Ici, on a les hommes, mais en terme d&rsquo;\u00e9quipement, de mat\u00e9riel, on n\u2019est pas log\u00e9s \u00e0 la m\u00eame enseigne\u00a0\u00bb<\/em>&nbsp;que les pays occidentaux, ajoute-t-il.<\/p>\n\n\n\n<p><\/p>\n\n\n\n<h2 class=\"wp-block-heading\">\u00ab\u00a0Rien ne m&rsquo;a \u00e9t\u00e9 donn\u00e9\u00a0\u00bb&nbsp;<\/h2>\n\n\n\n<p><em>\u00ab\u00a0Rien ne m&rsquo;a \u00e9t\u00e9 donn\u00e9\u00a0\u00bb,<\/em>&nbsp;affirme&nbsp;Cheick&nbsp;Ciss\u00e9, lorsqu&rsquo;il se rem\u00e9more son&nbsp;<em>\u00ab\u00a0parcours du combattant\u00a0\u00bb. \u00ab\u00a0On a essay\u00e9 de forcer le destin par les entra\u00eenements, par la volont\u00e9\u00a0\u00bb,&nbsp;<\/em>ajoute le&nbsp;champion&nbsp;de 29 ans.<\/p>\n\n\n\n<p>Il se d\u00e9marque alors des autres athl\u00e8tes:&nbsp;<em>\u00ab\u00a0Quand on a v\u00e9cu ce genre de situation, \u00e7a ajoute quelque chose au mental\u00a0\u00bb<\/em>&nbsp;qui devient&nbsp;<em>\u00ab\u00a0costaud\u00a0\u00bb.<\/em>&nbsp;<em>\u00ab\u00a0On ne baisse pas facilement les bras\u00a0\u00bb,<\/em>&nbsp;assure-t-il.<\/p>\n\n\n\n<p>Son ancien entra\u00eeneur n&rsquo;h\u00e9site pas \u00e0 dire qu&rsquo;il est&nbsp;<em>\u00ab\u00a0le prototype d\u2019athl\u00e8te\u00a0\u00bb&nbsp;<\/em>que tout coach voudrait avoir :&nbsp;<em>\u00ab\u00a0Il aime l&rsquo;entra\u00eenement\u00a0\u00bb<\/em>, a&nbsp;<em>\u00ab\u00a0une bonne base technique\u00a0\u00bb,<\/em>&nbsp;et \u00ab\u00a0<em>ne triche pas. Tout ce qu\u2019il fait, il le fait pleinement\u00a0\u00bb<\/em>.<\/p>\n\n\n\n<p>Si Christian Kragb\u00e9 l&rsquo;am\u00e8ne jusqu&rsquo;au titre de&nbsp;champion&nbsp;olympique, il le voit partir dans la foul\u00e9e se parfaire \u00e0 l&rsquo;\u00e9tranger, gr\u00e2ce \u00e0 une bourse accord\u00e9e par le &nbsp;pr\u00e9sident Alassane Ouattara: une longueur d&rsquo;avance sur&nbsp;<em>\u00ab\u00a0ceux qui restent ici\u00a0\u00bb,<\/em>&nbsp;selon le formateur.<\/p>\n\n\n\n<p>Depuis l&rsquo;introduction du&nbsp;taekwondo&nbsp;en&nbsp;C\u00f4te&nbsp;d&rsquo;Ivoire&nbsp;par le ma\u00eetre sud-cor\u00e9en Kim Young Tae en 1968, le nombre d&rsquo;adeptes ne cesse de cro\u00eetre.<\/p>\n\n\n\n<p><em>\u00ab\u00a0Parmi les premiers \u00e9l\u00e8ves qu\u2019il a eus, il y avait des autorit\u00e9s ivoiriennes, dont le g\u00e9n\u00e9ral Gaston Ouass\u00e9nan Kon\u00e9\u00a0\u00bb,<\/em>&nbsp;ancien ministre dans plusieurs gouvernements, explique M. Kragb\u00e9.<\/p>\n\n\n\n<h2 class=\"wp-block-heading\">&nbsp;\u00ab\u00a0Exemple \u00e0 suivre\u00a0\u00bb&nbsp;<\/h2>\n\n\n\n<p>Cette engouement des \u00e9lites a donn\u00e9 de la visibilit\u00e9 \u00e0 la discipline, qui compte aujourd&rsquo;hui 254 clubs et 40.000 \u00e9l\u00e8ves \u00e2g\u00e9s de 4 \u00e0 80 ans, repartis dans tout le pays, selon Christian Kragb\u00e9.&nbsp;<em>\u00ab\u00a0Nous sommes la deuxi\u00e8me f\u00e9d\u00e9ration apr\u00e8s le football en terme de licenci\u00e9s\u00a0\u00bb,<\/em>&nbsp;affirme-t-il.&nbsp;<\/p>\n\n\n\n<p><em>\u00ab\u00a0Les clubs se remplissent parce qu&rsquo;une m\u00e9daille olympique, c\u2019est un exemple \u00e0 suivre\u00a0\u00bb,<\/em>&nbsp;poursuit-il.<\/p>\n\n\n\n<p>De passage \u00e0 Abidjan en juin,&nbsp;Cheick&nbsp;Ciss\u00e9, qui vit \u00e0 Palma de Majorque (Espagne), comme plusieurs champions de&nbsp;taekwondo, encha\u00eene les c\u00e9r\u00e9monies officielles et comprend que son pays compte sur lui.<\/p>\n\n\n\n<p><em>\u00ab\u00a0Le pr\u00e9sident Alassane Ouattara m\u2019a charg\u00e9 de parler \u00e0 la jeunesse\u00a0\u00bb,<\/em>&nbsp;d\u00e9clare-t-il, apr\u00e8s une entrevue avec le vice-pr\u00e9sident ivoirien, Ti\u00e9moko Meyliet Kon\u00e9. Sa vision de la r\u00e9ussite sportive est collective :&nbsp;<em>\u00ab\u00a0Il me fallait aller chercher cette m\u00e9daille afin d\u2019inspirer mes jeunes\u00a0\u00bb.<\/em><\/p>\n\n\n\n<p><em>\u00ab\u00a0C\u2019est quelqu&rsquo;un qui a le c\u0153ur sur la main, il partage beaucoup\u00a0\u00bb,&nbsp;<\/em>souligne Christian Kragb\u00e9, qui pr\u00e9cise que le&nbsp;champion&nbsp;a fait un don de 32 millions de CFA (48.900 euros) \u00e0 la F\u00e9d\u00e9ration.<\/p>\n\n\n\n<p>La prochaine \u00e9tape ?<em>&nbsp;\u00ab\u00a0C\u2019est d\u2019abord de se qualifier pour les Jeux olympiques de Paris 2024\u00a0\u00bb&nbsp;<\/em>dit&nbsp;Cheick&nbsp;Ciss\u00e9, ajoutant:&nbsp;<em>\u00ab\u00a0Pourquoi pas, d&rsquo;aller chercher la plus belle des m\u00e9dailles pour la&nbsp;C\u00f4te&nbsp;d\u2019Ivoire&nbsp;et pour l&rsquo;Afrique\u00a0\u00bb.<\/em><\/p>\n\n\n\n<p><\/p>\n\n\n\n<p>SOURCE TV5<\/p>\n","protected":false},"excerpt":{"rendered":"<p>\u00ab\u00a0C\u2019est la cons\u00e9cration d\u2019un r\u00eave\u00a0\u00bb&nbsp;et&nbsp;\u00ab\u00a0le seul titre qui manquait dans mon palmar\u00e8s\u00a0\u00bb, d\u00e9clare \u00e0 l&rsquo;AFP l&rsquo;Ivoirien&nbsp;Cheick&nbsp;Ciss\u00e9. Le&nbsp;champion&nbsp;du&nbsp;monde&nbsp;de&nbsp;taekwondo a \u00e9t\u00e9&nbsp;sacr\u00e9 le<\/p>\n","protected":false},"author":1,"featured_media":15326,"comment_status":"open","ping_status":"open","sticky":false,"template":"","format":"standard","meta":{"footnotes":""},"categories":[9],"tags":[],"class_list":["post-15325","post","type-post","status-publish","format-standard","has-post-thumbnail","hentry","category-sports"],"_links":{"self":[{"href":"https:\/\/dekkbi.com\/index.php?rest_route=\/wp\/v2\/posts\/15325","targetHints":{"allow":["GET"]}}],"collection":[{"href":"https:\/\/dekkbi.com\/index.php?rest_route=\/wp\/v2\/posts"}],"about":[{"href":"https:\/\/dekkbi.com\/index.php?rest_route=\/wp\/v2\/types\/post"}],"author":[{"embeddable":true,"href":"https:\/\/dekkbi.com\/index.php?rest_route=\/wp\/v2\/users\/1"}],"replies":[{"embeddable":true,"href":"https:\/\/dekkbi.com\/index.php?rest_route=%2Fwp%2Fv2%2Fcomments&post=15325"}],"version-history":[{"count":2,"href":"https:\/\/dekkbi.com\/index.php?rest_route=\/wp\/v2\/posts\/15325\/revisions"}],"predecessor-version":[{"id":15354,"href":"https:\/\/dekkbi.com\/index.php?rest_route=\/wp\/v2\/posts\/15325\/revisions\/15354"}],"wp:featuredmedia":[{"embeddable":true,"href":"https:\/\/dekkbi.com\/index.php?rest_route=\/wp\/v2\/media\/15326"}],"wp:attachment":[{"href":"https:\/\/dekkbi.com\/index.php?rest_route=%2Fwp%2Fv2%2Fmedia&parent=15325"}],"wp:term":[{"taxonomy":"category","embeddable":true,"href":"https:\/\/dekkbi.com\/index.php?rest_route=%2Fwp%2Fv2%2Fcategories&post=15325"},{"taxonomy":"post_tag","embeddable":true,"href":"https:\/\/dekkbi.com\/index.php?rest_route=%2Fwp%2Fv2%2Ftags&post=15325"}],"curies":[{"name":"wp","href":"https:\/\/api.w.org\/{rel}","templated":true}]}}