{"id":15322,"date":"2023-07-03T10:49:53","date_gmt":"2023-07-03T10:49:53","guid":{"rendered":"https:\/\/dekkbi.com\/?p=15322"},"modified":"2023-07-03T10:49:54","modified_gmt":"2023-07-03T10:49:54","slug":"wembanyama-mbappe-une-generation-de-lindividualite","status":"publish","type":"post","link":"https:\/\/dekkbi.com\/?p=15322","title":{"rendered":"Wembanyama-Mbapp\u00e9: une g\u00e9n\u00e9ration de l\u2019individualit\u00e9 ?"},"content":{"rendered":"\n<p>Leurs parcours sont similaires. Ils se suivent de tr\u00e8s pr\u00e8s, sur les r\u00e9seaux sociaux mais aussi sur leur terrain respectif. Ils se connaissent. Ils s\u2019admirent. Kylian Mbapp\u00e9 et Victor Wembanyama sont \u00e0 eux deux, le symbole du triomphe fran\u00e7ais dans le sport. Et pourtant, c\u2019est avant tout en tant qu\u2019individus qu\u2019ils se distinguent, dans un collectif. Un paradoxe qui questionne sur cette nouvelle g\u00e9n\u00e9ration de sportifs de haut niveau.&nbsp;<\/p>\n\n\n\n<p>\u00ab\u00a0<em>Wemby! Wemby! Wemby!<\/em>\u00ab\u00a0. \u00c0 l&rsquo;\u00e9nonc\u00e9 du nom de Victor&nbsp;Wembanyama, premier choix de draft des San Antonio Spurs jeudi 22 juin, une explosion de joie a irradi\u00e9 l&rsquo;AT&amp;T Center. Les fans ont c\u00e9l\u00e9br\u00e9 l&rsquo;instant comme si c&rsquo;\u00e9tait un soir de titre de champion NBA.&nbsp;<\/p>\n\n\n\n<p>Soudainement le volume monte tr\u00e8s haut, au moment o\u00f9 le h\u00e9ros du soir ne peut retenir ses larmes d&rsquo;\u00e9motions au micro d&rsquo;ESPN.&nbsp;\u00ab\u00a0<em>C&rsquo;est probablement la meilleure soir\u00e9e de ma vie<\/em>\u00ab\u00a0, a d\u00e9clar\u00e9 le ph\u00e9nom\u00e8ne de 2,26 m, capable de dribbler et de shooter de loin comme aucun joueur de sa taille avant lui.&nbsp;<\/p>\n\n\n\n<p>Un moment historique, comment\u00e9 \u00e0 travers le monde. Parmi la pluie de louanges et de commentaires, celui d&rsquo;un certain Kylian Mbapp\u00e9.<\/p>\n\n\n\n<h2 class=\"wp-block-heading\">Rapidement propuls\u00e9s au sommet<\/h2>\n\n\n\n<p>\u00ab\u00a0<em>Wemby, l\u2019histoire commence maintenant<\/em>\u00ab\u00a0. C\u2019est par ce tweet que Kylian Mbapp\u00e9 a comment\u00e9 la nomination, en premi\u00e8re position, de la draft&nbsp;NBA, de Wembanyama.<\/p>\n\n\n\n<p>Une premi\u00e8re pour un joueur fran\u00e7ais.&nbsp;\u00c0 seulement 19 ans, \u00ab\u00a0Wemby\u00a0\u00bb&nbsp;marque d\u00e9j\u00e0 l\u2019histoire du basket fran\u00e7ais, et peut-\u00eatre d\u00e9j\u00e0 celle de la NBA. Ces propos du joueur du PSG rappellent les \u00e9loges faits \u00e0 un certain\u2026 Kylian Mbapp\u00e9, qui lui aussi, s\u2019est distingu\u00e9\u2026 \u00e0 19 ans, en soulevant la Coupe du monde (NDLR : en 2018.<\/p>\n\n\n\n<p>Ce tweet de Kylian Mbapp\u00e9, c\u2019est une sorte de validation, d\u2019invitation, dans un cercle tr\u00e8s restreint de sportifs. Ceux de la nouvelle g\u00e9n\u00e9ration, qui semblent assumer leur statut de \u00ab\u00a0crack \u00ab\u00a0.&nbsp;<\/p>\n\n\n\n<p>Sur la saison 2022-2023, les deux joueurs ont \u00e9t\u00e9 particuli\u00e8rement marquants sur le plan individuel.<\/p>\n\n\n\n<p>Kylian Mbapp\u00e9 a remport\u00e9 le troph\u00e9e UNFP de meilleur joueur de Ligue 1, pour la quatri\u00e8me ann\u00e9e cons\u00e9cutive et a notamment inscrit un tripl\u00e9 en finale de Coupe du monde.<\/p>\n\n\n\n<figure class=\"wp-block-image\"><img decoding=\"async\" src=\"https:\/\/information.tv5monde.com\/sites\/tv5-info\/files\/styles\/entete\/public\/2023-06\/Mbapp%C3%A9%204.PNG?itok=Jn_gV6i3\" alt=\"Mbapp\u00e9 et son troph\u00e9e UNFP de meilleur joueur de ligue 1\" title=\"Mbapp\u00e9 et son troph\u00e9e UNFP de meilleur joueur de ligue 1\"\/><\/figure>\n\n\n\n<p>Kylian Mbapp\u00e9, avec son troph\u00e9e de meilleur joueur de Ligue 1, le 16 mai 2023.<\/p>\n\n\n\n<p>Instagram de Kylian Mbapp\u00e9<\/p>\n\n\n\n<p>Victor Wembanyama a, lui, sign\u00e9 un grand chelem historique aux troph\u00e9es LNB en \u00e9tant \u00e9lu MVP, meilleur jeune, meilleur d\u00e9fenseur, meilleur marqueur et meilleur contreur du championnat.&nbsp;<\/p>\n\n\n\n<p>Ce que Dimitri Martin, journaliste sportif \u00e0 Canal+, souligne, c\u2019est que \u00ab\u00a0<em>d\u2019un point de vue sportif, les deux ont \u00e9t\u00e9 des talents pr\u00e9coces. Ils ont atteint un excellent niveau, tr\u00e8s vite, en s\u2019affirmant, chacun, comme le meilleur \u00e9l\u00e9ment de l\u2019\u00e9quipe dans laquelle il joue<\/em>\u00ab\u00a0.&nbsp;<\/p>\n\n\n\n<figure class=\"wp-block-image\"><img decoding=\"async\" src=\"https:\/\/information.tv5monde.com\/sites\/tv5-info\/files\/styles\/entete\/public\/2023-06\/AP23174013098597_0.jpg?itok=gCHzoWk_\" alt=\"Wembanyama draft NBA\" title=\"Wembanyama draft NBA\"\/><\/figure>\n\n\n\n<p>Victor Wembanyama avec le commissaire de la NBA, Adam Silver, apr\u00e8s avoir \u00e9t\u00e9 s\u00e9lectionn\u00e9 premier \u00e0 la draft NBA par les San Antonio Spurs, le jeudi 22 juin 2023, \u00e0 New York.<\/p>\n\n\n\n<p>AP Photo\/John Minchillo<\/p>\n\n\n\n<h2 class=\"wp-block-heading\">La communication, facteur primordial<\/h2>\n\n\n\n<p>Chez beaucoup de ceux qui font le parall\u00e8le entre les deux joueurs, la facilit\u00e9 consiste \u00e0 les r\u00e9duire \u00e0 leur talent, mais surtout \u00e0 leur communication. \u00c0 l\u2019aise en anglais, mais aussi en espagnol, et excellent dans sa communication en fran\u00e7ais, Kylian Mbapp\u00e9 d\u00e9note dans le monde du football.<\/p>\n\n\n\n<p>\u00ab\u00a0<em>C\u2019est assez commun de le dire ainsi, mais c\u2019est dans le sens de l\u2019histoire que Mbapp\u00e9 nous raconte et de la tournure qu\u2019il veut donner \u00e0 sa carri\u00e8re, c\u2019est-\u00e0-dire, marquer l\u2019histoire de son sport et aller au-del\u00e0 m\u00eame du statut de footballeur<\/em>\u00ab\u00a0, souligne Dimitri Martin.<\/p>\n\n\n\n<p>\u00ab\u00a0<em>Mbapp\u00e9 a toujours \u00e9t\u00e9 fort en communication, on l\u2019a vite entendu s\u2019exprimer. Pour Wembanyama, c\u2019est diff\u00e9rent. Il b\u00e9n\u00e9ficie d\u2019un accompagnement de l\u2019agence Comsport, qui g\u00e8re la communication des joueurs de NBA. Il a d\u00e9j\u00e0 un cadre \u00e9tabli depuis longtemps. Il a des mod\u00e8les tr\u00e8s pr\u00e9cis \u00e0 suivre, que ce soit Tony Parker ou Boris Diaw, tous les deux fran\u00e7ais, qui ont jou\u00e9 pour San Antonio<\/em>\u00ab\u00a0, pr\u00e9cise le journaliste sportif.<\/p>\n\n\n\n<p>Une diff\u00e9rence que l\u2019on sent concr\u00e8tement, notamment lorsque Kylian Mbapp\u00e9 d\u00e9nonce la bavure polici\u00e8re subie par Michel Zecler, lorsqu\u2019il refuse de promouvoir une marque d\u2019alcool, ou encore lorsqu\u2019il fait basculer le destin du pr\u00e9sident de la FFF, No\u00ebl Le Gra\u00ebt, en critiquant les propos pol\u00e9miques que ce dernier a pu tenir \u00e0 l\u2019\u00e9gard de Zin\u00e9dine Zidane.\u00a0<\/p>\n\n\n\n<p>\u00ab\u00a0<em>L\u00e0 o\u00f9 Mbapp\u00e9 rejette des sponsors en \u00e9quipe de France en faisant part de ses motivations, Wembanyama pr\u00e9f\u00e8re le faire en indiquant qu\u2019il ne veut pas n\u00e9gocier et qu\u2019il pr\u00e9f\u00e8re se concentrer sur le basket<\/em>\u00ab\u00a0, pr\u00e9cise Dimitri Martin.<\/p>\n\n\n\n<p>Un niveau d\u2019engagement que Wembanyama, n\u2019a pas encore, \u00ab\u00a0<em>car il attend d\u2019obtenir une forme de l\u00e9gitimit\u00e9, de prendre une dimension, qu\u2019il n\u2019a pas encore et que Mbapp\u00e9 a d\u00e9j\u00e0 acquise<\/em>\u00ab\u00a0. Le journaliste sportif le rappelle n\u00e9anmoins,&nbsp;\u00ab\u00a0<em>malgr\u00e9 son jeune \u00e2ge, Kylian Mbapp\u00e9 a 6 ans de plus que Victor Wembanyama<\/em>\u00ab\u00a0.&nbsp;<\/p>\n\n\n\n<h2 class=\"wp-block-heading\">\u00ab\u00a0<em>Mbapp\u00e9, plus \u00e9go\u00efste que Wemby<\/em>\u00ab\u00a0<\/h2>\n\n\n\n<p>Wembanyama, comme Mbapp\u00e9, est LA t\u00eate d\u2019affiche de son \u00e9quipe. \u00ab\u00a0<em>C\u2019est le plus grand potentiel depuis Lebron James<\/em>\u00ab\u00a0, selon Dimitri Martin.&nbsp;<\/p>\n\n\n\n<p><em>\u00ab\u00a0L\u2019\u00e9quipe de San Antonio est en reconstruction, avec beaucoup de jeunes. Il arrive donc en tant que meilleur joueur de l\u2019effectif, il a \u00e9t\u00e9 le meilleur joueur de son championnat, il a \u00e9t\u00e9 en finale avec une \u00e9quipe assez moyenne autour de lui\u00a0\u00bb<\/em>, pr\u00e9cise-t-il.<\/p>\n\n\n\n<p>Pour autant, \u00ab\u00a0<em>si \u00e0 la draft, il a vite \u00e9t\u00e9 projet\u00e9 num\u00e9ro 1, il s\u2019est tout de m\u00eame servi de sa notori\u00e9t\u00e9 pour faire du lobbying afin que son co\u00e9quipier Bilal Coulibaly soit mis en avant<\/em>\u00ab\u00a0. Celui-ci a \u00e9t\u00e9 draft\u00e9 en 7\u00e8me position. \u00ab\u00a0<em>La France a donc eu, pour la premi\u00e8re fois, un joueur draft\u00e9 en premi\u00e8re position, mais en a m\u00eame eu 2 dans le top 10<\/em>\u00ab\u00a0, souligne le journaliste sportif.<\/p>\n\n\n\n<p>\u00ab\u00a0<em>S\u2019il y a peut-\u00eatre un moment o\u00f9 Wembanyama a fait passer son c\u00f4t\u00e9 individuel avant le collectif, c\u2019est lorsqu\u2019il a refus\u00e9 de participer \u00e0 la prochaine Coupe du monde avec l\u2019\u00e9quipe de France de basket<\/em>\u00ab\u00a0, selon Dimitri Martin.<\/p>\n\n\n\n<p>Un choix individuel dont le journaliste&nbsp;relativise la port\u00e9e : \u00ab\u00a0<em>Il&nbsp;faut comprendre qu\u2019il est encore jeune. Il a arr\u00eat\u00e9 sa saison il n\u2019y a m\u00eame pas deux semaines, puis a \u00e9t\u00e9 draft\u00e9. Il doit maintenant d\u00e9m\u00e9nager, s\u2019acclimater \u00e0 un nouveau pays, \u00e0 une nouvelle culture, et on lui demande de faire une Coupe du monde avant d\u2019encha\u00eener avec la NBA. C\u2019est beaucoup trop d\u2019un coup. Il est peut-\u00eatre individualiste dans sa d\u00e9marche, mais il a, je pense, raison de l\u2019\u00eatre cette fois<\/em>\u00ab\u00a0.<\/p>\n\n\n\n<p>De l\u2019autre c\u00f4t\u00e9, si Mbapp\u00e9 a des prises de position d\u2019int\u00e9r\u00eat g\u00e9n\u00e9ral, Dimitri Martin estime que \u00ab\u00a0<em>dans sa carri\u00e8re, on peut dire qu\u2019il est globalement assez \u00e9go\u00efste<\/em>\u00ab\u00a0.&nbsp;<\/p>\n\n\n\n<p>Beaucoup de sp\u00e9cialistes affirment qu&rsquo;il&nbsp;a, par exemple, voulu que Neymar quitte le PSG plusieurs fois, afin que l\u2019attention se concentre sur lui.&nbsp;R\u00e9cemment encore, il estimait, \u00e0 la fin d\u2019une saison 2022-2023, pourtant&nbsp;tr\u00e8s moyenne du PSG, \u00ab\u00a0<em>remplir les crit\u00e8res<\/em>\u00a0\u00bb&nbsp;d\u2019obtention du Ballon d\u2019or, l\u00e0 o\u00f9 d\u2019autres joueurs, comme K\u00e9vin De Bruyne (Manchester City, Belgique), Lionel Messi (Inter Miami, Argentin) ou Erling Haaland (Manchester City, Norv\u00e8ge) ont su davantage se distinguer sur le plan collectif, en remportant des troph\u00e9es majeurs.&nbsp;<\/p>\n\n\n\n<p>On peut \u00e9galement mettre en lumi\u00e8re les feuilletons estivaux r\u00e9currents, entretenus autour de son d\u00e9part ou non du PSG. L\u2019\u00e9pilogue \u00e9tant le mercato estival actuel, au d\u00e9but duquel il a affirm\u00e9 ne pas vouloir prolonger son contrat dans le club de la capitale. Beaucoup, y compris parmi les supporters parisiens, veulent d\u00e9sormais le voir quitter le PSG, afin qu\u2019il ne parte pas sans indemnit\u00e9s de transfert l\u2019\u00e9t\u00e9 prochain et ce, en d\u00e9pit de ses prestations individuelles XXL.&nbsp;<\/p>\n\n\n\n<h2 class=\"wp-block-heading\">Deux mondes diff\u00e9rents, mais une \u00ab\u00a0<em>am\u00e9ricanisation du football<\/em>\u00ab\u00a0<\/h2>\n\n\n\n<p>Depuis sa derni\u00e8re prolongation, Kylian Mbapp\u00e9 est au centre du projet du PSG. Mais au-del\u00e0 de lui, c\u2019est sa famille qui est tr\u00e8s impliqu\u00e9 au club. Selon l&rsquo;Equipe, son p\u00e8re, Wilfrid, est soup\u00e7onn\u00e9 d\u2019avoir son mot \u00e0 dire. Quant \u00e0 sa m\u00e8re, Fayza Lamari, elle n\u00e9gocierait directement avec l\u2019\u00e9mir du Qatar lorsqu\u2019il s\u2019agit de l\u2019int\u00e9r\u00eat de son fils.<\/p>\n\n\n\n<p>Elle a, d&rsquo;ailleurs, d\u00e9cid\u00e9 de monter sa structure de conseil pour les joueurs de football, comme l&rsquo;a avanc\u00e9 l&rsquo;Equipe dans son \u00e9dition du&nbsp;15 juin dernier. Certains agents, comme Alejandro Cama\u00f1o, qui d\u00e9fend les int\u00e9r\u00eats du lat\u00e9ral droit marocain du PSG, proche de Mbapp\u00e9, Achraf Hakimi, craignent d\u2019ailleurs qu\u2019elle \u00e9tende son influence et r\u00e9cup\u00e8re des joueurs dans sa structure.<\/p>\n\n\n\n<p>Pourtant Kylian Mbapp\u00e9, l&rsquo;affirmait \u00e0&nbsp;la suite d&rsquo;une vid\u00e9o r\u00e9alis\u00e9e pour la campagne de r\u00e9abonnement du PSG pour la saison 2023-2024, dans laquelle il appara\u00eet comme \u00e9tant le personnage principal : le&nbsp;PSG&nbsp;n&rsquo;est pas le Kylian Saint Germain.&nbsp;<\/p>\n\n\n\n<p>Image<\/p>\n\n\n\n<figure class=\"wp-block-image\"><img decoding=\"async\" src=\"https:\/\/information.tv5monde.com\/sites\/tv5-info\/files\/styles\/large\/public\/2023-06\/Kylian%20Saint%20germain.jpg?itok=IG6hqYzb\" alt=\"&quot;Le PSG n'est pas le Kylian Saint Germain&quot;\" title=\"&quot;Le PSG n'est pas le Kylian Saint Germain&quot;\"\/><\/figure>\n\n\n\n<p>Description<\/p>\n\n\n\n<p>La publication de Kylian Mbapp\u00e9 sur le Kylian Saint Germain, le 6 avril 2023.<\/p>\n\n\n\n<p>Cr\u00e9dits<\/p>\n\n\n\n<p>Instagram de Kylian Mbapp\u00e9<\/p>\n\n\n\n<p>Selon Dimitri Martin, ce propos qui laisse entendre une revendication qui met en avant le collectif de son club est en r\u00e9alit\u00e9, l\u00e0 encore, r\u00e9v\u00e9lateur, de son \u00e9go\u00efsme&nbsp;: \u00ab\u00a0<em>le simple fait qu\u2019il mette ces mots-l\u00e0, qu\u2019il se sente oblig\u00e9 d\u2019en parler, montre que ce dont il parle est en fait une r\u00e9alit\u00e9<\/em>\u00ab\u00a0.<\/p>\n\n\n\n<p>Les joueurs d\u00e9montrent de plus en plus, non pas un individualisme exacerb\u00e9, mais une affirmation de soi en tant qu\u2019individu, tout en s&rsquo;inscrivant dans la soci\u00e9t\u00e9 dans laquelle ils vivent<\/p>\n\n\n\n<h2 class=\"wp-block-heading\">Dimitri Martin, journaliste sportif \u00e0 Canal+<\/h2>\n\n\n\n<p>Pour Victor Wembanyama, la situation est diff\u00e9rente. Mettre en avant des individus en NBA n&rsquo;est pas tabou :&nbsp;\u00ab\u00a0<em>Un terme existe en NBA, celui de \u00ab\u00a0Fanchise player\u00a0\u00bb. \u00c0 Los Angeles, c\u2019est Lebron James, \u00e0 Boston, c\u2019est Jayson Tatum, etc. Il existe un joueur par \u00e9quipe, qui est d\u00e9sign\u00e9 et qui concentre, de fa\u00e7on totalement assum\u00e9e, l\u2019attention<\/em>\u00ab\u00a0.&nbsp;\u00ab\u00a0<em>Au football, c\u2019est beaucoup plus compliqu\u00e9. Il est difficile de dire que Manchester City est l&rsquo;\u00e9quipe de Kevin de Bruyne&nbsp;ou &nbsp;d&rsquo;Haaland<\/em>\u00ab\u00a0. N\u00e9anmoins, pr\u00e9cise le journaliste, \u00ab\u00a0<em>c\u2019est ce vers quoi le monde du football tend de plus en plus<\/em>\u00ab\u00a0.<\/p>\n\n\n\n<figure class=\"wp-block-image\"><img decoding=\"async\" src=\"https:\/\/information.tv5monde.com\/sites\/tv5-info\/files\/styles\/entete\/public\/2023-06\/AP23174017656087.jpg?itok=uauTQIef\" alt=\"La Wembanyama mania\" title=\"La Wembanyama mania\"\/><\/figure>\n\n\n\n<p>Des fans munis de leurs pancartes \u00e0 l&rsquo;effigie de Victor Wembanyama, lors de la soir\u00e9e draft NBA des San Antonio Spurs au AT&amp;T Center de San Antonio, le jeudi 22 juin 2023.&nbsp;<\/p>\n\n\n\n<p>AP Photo\/Eric Gay<\/p>\n\n\n\n<p>Une tendance qui n&#8217;emprunte pas toujours le caract\u00e8re&nbsp;\u00ab\u00a0<em>\u00e9go\u00efste<\/em>\u00a0\u00bb&nbsp;que peut parfois d\u00e9gager Kylian&nbsp;Mbapp\u00e9 se distingue \u00e9galement. D\u2019autres joueurs de l\u2019\u00e9quipe de France de football ont une trajectoire similaire \u00e0 celle du prodige de Bondy, notamment en termes de communication et mettent en avant leurs opinions, y compris politique.<\/p>\n\n\n\n<p>\u00ab\u00a0<em>Ils d\u00e9montrent, non pas un individualisme exacerb\u00e9, mais une affirmation de soi en tant qu\u2019individu, tout en s&rsquo;inscrivant dans la soci\u00e9t\u00e9 dans laquelle ils vivent<\/em>\u00ab\u00a0, pr\u00e9cise Dimitri Martin.<\/p>\n\n\n\n<p>Parmi eux, Jules&nbsp;Kound\u00e9&nbsp;(FC Barcelone) ou encore Aur\u00e9lien&nbsp;Tchouam\u00e9ni&nbsp;(Real&nbsp;Madrid). On notera que ces joueurs sont fans de basket et&nbsp;NBA. De surcro\u00eet, souligne le journaliste sportif, \u00ab\u00a0<em>ils sont noirs et le basket, aux&nbsp;\u00c9tats-Unis, est un sport traditionnellement pratiqu\u00e9 par des noirs, o\u00f9 l\u2019affirmation de cette identit\u00e9 est fortement pr\u00e9sente<\/em>\u00ab\u00a0.&nbsp;\u00ab\u00a0<em>La&nbsp;NBA&nbsp;a \u00e9t\u00e9, avec la&nbsp;NFL, l\u2019un des principaux sports des revendications des droits des noirs, notamment dans le cadre de la campagne Black lives&nbsp;matter<\/em>\u00ab\u00a0, pr\u00e9cise-t-il. Une fa\u00e7on pour ces joueurs de trouver des relais qui correspondent bien plus \u00e0 leurs attentes en terme de revendications, loin des discours parfois robotis\u00e9s que l&rsquo;on entend chez les footballeurs professionnels.&nbsp;&nbsp;<\/p>\n\n\n\n<p>Dans un long tweet, Jules Kound\u00e9 a d&rsquo;ailleurs pris position, ce mercredi 28 juin,&nbsp;dans l&rsquo;affaire de Nahel, tu\u00e9 lors d&rsquo;un contr\u00f4le de police, \u00e0 Nanterre.<\/p>\n\n\n\n<p>https:\/\/platform.twitter.com\/embed\/Tweet.html?dnt=false&#038;embedId=twitter-widget-2&#038;features=eyJ0ZndfdGltZWxpbmVfbGlzdCI6eyJidWNrZXQiOltdLCJ2ZXJzaW9uIjpudWxsfSwidGZ3X2ZvbGxvd2VyX2NvdW50X3N1bnNldCI6eyJidWNrZXQiOnRydWUsInZlcnNpb24iOm51bGx9LCJ0ZndfdHdlZXRfZWRpdF9iYWNrZW5kIjp7ImJ1Y2tldCI6Im9uIiwidmVyc2lvbiI6bnVsbH0sInRmd19yZWZzcmNfc2Vzc2lvbiI6eyJidWNrZXQiOiJvbiIsInZlcnNpb24iOm51bGx9LCJ0ZndfZm9zbnJfc29mdF9pbnRlcnZlbnRpb25zX2VuYWJsZWQiOnsiYnVja2V0Ijoib24iLCJ2ZXJzaW9uIjpudWxsfSwidGZ3X21peGVkX21lZGlhXzE1ODk3Ijp7ImJ1Y2tldCI6InRyZWF0bWVudCIsInZlcnNpb24iOm51bGx9LCJ0ZndfZXhwZXJpbWVudHNfY29va2llX2V4cGlyYXRpb24iOnsiYnVja2V0IjoxMjA5NjAwLCJ2ZXJzaW9uIjpudWxsfSwidGZ3X3Nob3dfYmlyZHdhdGNoX3Bpdm90c19lbmFibGVkIjp7ImJ1Y2tldCI6Im9uIiwidmVyc2lvbiI6bnVsbH0sInRmd19kdXBsaWNhdGVfc2NyaWJlc190b19zZXR0aW5ncyI6eyJidWNrZXQiOiJvbiIsInZlcnNpb24iOm51bGx9LCJ0ZndfdXNlX3Byb2ZpbGVfaW1hZ2Vfc2hhcGVfZW5hYmxlZCI6eyJidWNrZXQiOiJvbiIsInZlcnNpb24iOm51bGx9LCJ0ZndfdmlkZW9faGxzX2R5bmFtaWNfbWFuaWZlc3RzXzE1MDgyIjp7ImJ1Y2tldCI6InRydWVfYml0cmF0ZSIsInZlcnNpb24iOm51bGx9LCJ0ZndfbGVnYWN5X3RpbWVsaW5lX3N1bnNldCI6eyJidWNrZXQiOnRydWUsInZlcnNpb24iOm51bGx9LCJ0ZndfdHdlZXRfZWRpdF9mcm9udGVuZCI6eyJidWNrZXQiOiJvbiIsInZlcnNpb24iOm51bGx9fQ%3D%3D&#038;frame=false&#038;hideCard=false&#038;hideThread=false&#038;id=1673805432878673920&#038;lang=fr&#038;origin=https%3A%2F%2Finformation.tv5monde.com%2Fsport%2Fwembanyama-mbappe-une-generation-de-lindividualite-2651333&#038;sessionId=dfe6656b9d7387e7e771f22cf195d45bbeede05b&#038;siteScreenName=tv5mondeinfo&#038;siteUserId=105103721&#038;theme=light&#038;widgetsVersion=aaf4084522e3a%3A1674595607486&#038;width=550px<\/p>\n\n\n\n<p>Si les parcours de Kylian Mbapp\u00e9 et Victor Wembanyama&nbsp;s\u2019entrem\u00ealent parfois et divergent \u00e0 d\u2019autres moments, on se rend compte qu\u2019ils sont la d\u00e9monstration d\u2019une individualisation des sports collectifs ces derni\u00e8res ann\u00e9es.<\/p>\n\n\n\n<p>Wembanyama ne le cache pas, car son sport le permet, mais est encore \u00e0 l\u2019aube de sa carri\u00e8re pour pleinement l&rsquo;affirmer jusqu&rsquo;au bout.&nbsp;<\/p>\n\n\n\n<p>Mbapp\u00e9 est, au contraire, selon Dimitri Martin le chef de file d&rsquo;une tendance que certains appellent \u00ab\u00a0<em>NBAisation<\/em>\u00a0\u00bb&nbsp;du football, voire d\u2019une \u00ab\u00a0<em>am\u00e9ricanisation du football<\/em>\u00ab\u00a0.<br>Cela, dans un sport o\u00f9, de la gloire avec Zin\u00e9dine Zidane ou encore Michel Platini, \u00e0 la d\u00e9ch\u00e9ance, avec l\u2019affaire Knysna en 2010 (<em>NDLR : l\u2019\u00e9quipe de France avait fait la &nbsp;gr\u00e8ve de l\u2019entra\u00eenement pour contester l\u2019\u00e9viction de Nicolas Anelka pour motif disciplinaire<\/em>), le collectif a toujours prim\u00e9 sur l\u2019individu.<\/p>\n\n\n\n<p>Kylian Mbapp\u00e9 r\u00e9invente les r\u00e8gles de son sport et s\u2019inspire de celui o\u00f9 Victor Wembanyama se r\u00e9v\u00e8le.&nbsp;Les deux devraient d\u2019ailleurs se retrouver sous une m\u00eame banni\u00e8re. En 2024, \u00e0 Paris, ils seront certainement les visages du sport collectif fran\u00e7ais, \u00e0 l\u2019occasion des Jeux Olympiques. Des sports collectifs, o\u00f9 plus que jamais, l&rsquo;individu s&rsquo;affirme, pour le meilleur et pour le pire.&nbsp;<\/p>\n","protected":false},"excerpt":{"rendered":"<p>Leurs parcours sont similaires. Ils se suivent de tr\u00e8s pr\u00e8s, sur les r\u00e9seaux sociaux mais aussi sur leur terrain respectif.<\/p>\n","protected":false},"author":1,"featured_media":15323,"comment_status":"open","ping_status":"open","sticky":false,"template":"","format":"standard","meta":{"footnotes":""},"categories":[9],"tags":[],"class_list":["post-15322","post","type-post","status-publish","format-standard","has-post-thumbnail","hentry","category-sports"],"_links":{"self":[{"href":"https:\/\/dekkbi.com\/index.php?rest_route=\/wp\/v2\/posts\/15322","targetHints":{"allow":["GET"]}}],"collection":[{"href":"https:\/\/dekkbi.com\/index.php?rest_route=\/wp\/v2\/posts"}],"about":[{"href":"https:\/\/dekkbi.com\/index.php?rest_route=\/wp\/v2\/types\/post"}],"author":[{"embeddable":true,"href":"https:\/\/dekkbi.com\/index.php?rest_route=\/wp\/v2\/users\/1"}],"replies":[{"embeddable":true,"href":"https:\/\/dekkbi.com\/index.php?rest_route=%2Fwp%2Fv2%2Fcomments&post=15322"}],"version-history":[{"count":1,"href":"https:\/\/dekkbi.com\/index.php?rest_route=\/wp\/v2\/posts\/15322\/revisions"}],"predecessor-version":[{"id":15324,"href":"https:\/\/dekkbi.com\/index.php?rest_route=\/wp\/v2\/posts\/15322\/revisions\/15324"}],"wp:featuredmedia":[{"embeddable":true,"href":"https:\/\/dekkbi.com\/index.php?rest_route=\/wp\/v2\/media\/15323"}],"wp:attachment":[{"href":"https:\/\/dekkbi.com\/index.php?rest_route=%2Fwp%2Fv2%2Fmedia&parent=15322"}],"wp:term":[{"taxonomy":"category","embeddable":true,"href":"https:\/\/dekkbi.com\/index.php?rest_route=%2Fwp%2Fv2%2Fcategories&post=15322"},{"taxonomy":"post_tag","embeddable":true,"href":"https:\/\/dekkbi.com\/index.php?rest_route=%2Fwp%2Fv2%2Ftags&post=15322"}],"curies":[{"name":"wp","href":"https:\/\/api.w.org\/{rel}","templated":true}]}}