{"id":15281,"date":"2023-07-02T11:44:17","date_gmt":"2023-07-02T11:44:17","guid":{"rendered":"https:\/\/dekkbi.com\/?p=15281"},"modified":"2023-07-02T11:44:18","modified_gmt":"2023-07-02T11:44:18","slug":"mimi-toure-sur-la-propos-de-macky-sall-a-lencontre-des-intellectuels-lhonnetete-cest-le-respect-de-la-parole-donnee","status":"publish","type":"post","link":"https:\/\/dekkbi.com\/?p=15281","title":{"rendered":"Mimi Tour\u00e9 sur la propos de Macky Sall, \u00e0 l\u2019encontre des intellectuels : \u00ab L\u2019honn\u00eatet\u00e9, c\u2019est le respect de la parole donn\u00e9e \u00bb"},"content":{"rendered":"\n<p>R\u00e9ponse du berger \u00e0 la berg\u00e8re. Aussit\u00f4t apr\u00e8s sa sortie lors de sa rencontre avec les maires et les pr\u00e9sidents de conseils d\u00e9partementales signataires d\u2019une p\u00e9tition en faveur de sa candidature en 2024, rencontre \u00e0 laquelle le pr\u00e9sident Macky Sall, prenant la parole \u00e0 la suite de ses \u00e9lus a tir\u00e9 \u00e0 boulet rouge sur les intellectuels du pays, qu\u2019il qualifie de malhonn\u00eates, \u00e0 cause de leur opposition \u00e0 sa candidature aux \u00e9lections pr\u00e9sidentielles de 2024. Ainsi, en r\u00e9ponse \u00e0 son ancien patron, Mimi Tour\u00e9, pr\u00e9sidente du Mouvement pour l\u2019Int\u00e9grit\u00e9, le M\u00e9rite et l\u2019Ind\u00e9pendance (MIMI2024) qui dit rejet\u00e9 \u00ab les propos accusatoires inacceptables du Pr\u00e9sident Macky Sall \u00bb soutient que \u00ab L\u2019honn\u00eatet\u00e9, c\u2019est le respect de la parole donn\u00e9e, c\u2019est le respect de la Constitution, c\u2019est le respect des r\u00e8gles d\u00e9mocratiques. \u00bb\u00ab L\u2019honn\u00eatet\u00e9, c\u2019est le respect de la parole donn\u00e9e, c\u2019est le respect de la Constitution, c\u2019est le respect des r\u00e8gles d\u00e9mocratiques \u00bb, dixit l\u2019ancienne premi\u00e8re ministre, Aminata Tour\u00e9 qui r\u00e9plique \u00e0 Macky Sall.En effet, \u00ab De retour de la Mecque, au lendemain de la Tabaski, moment de pardon et de bienveillance o\u00f9 sa parole d\u2019apaisement \u00e9tait attendu apr\u00e8s les \u00e9v\u00e9nements douloureux qui ont cout\u00e9 la vie \u00e0 seize de nos jeunes concitoyens, c\u2019est plut\u00f4t en chef de guerre face \u00e0 ses troupes que le Pr\u00e9sident Macky Sall a livr\u00e9, ce samedi 1er juillet 2023, une v\u00e9ritable diatribe contre les d\u00e9mocrates du S\u00e9n\u00e9gal et de la diaspora mobilis\u00e9s pour d\u00e9fendre la Constitution \u00bb, a constat\u00e9 pour le regretter, l\u2019ancienne premi\u00e8re ministre, Mme Aminata Tour\u00e9, par ailleurs, pr\u00e9sidente du mouvement \u2018\u2019Mimi2024\u2019\u2019, qui plus est souligne, \u00ab Entre autres philippiques, le Pr\u00e9sident Macky Sall s\u2019en est violemment pris aux intellectuels qu\u2019il qualifie de malhonn\u00eates et qui selon lui savent qu\u2019il a droit \u00e0 un troisi\u00e8me mandat. \u00bb\u00ab Je rappelle qu\u2019en 2016, c\u2019est le Pr\u00e9sident Macky Sall lui-m\u00eame qui avait choisi le terme de \u00ab verrouillage de la constitution\u00bb pour expliquer urbi et orbi que la question du nombre de mandat pr\u00e9sidentiel \u00e9tait d\u00e9sormais d\u00e9finitivement r\u00e9gl\u00e9 au S\u00e9n\u00e9gal par l\u2019article 27 de la Constitution stipulant que \u00ab nul ne peut faire plus de deux mandats cons\u00e9cutifs. \u00bb. Ensuite, trois ans durant, le Pr\u00e9sident Macky Sall, la main sur le c\u0153ur, a clam\u00e9 partout qu\u2019une fois r\u00e9\u00e9lu en 2019 il ferait son deuxi\u00e8me et dernier mandat. Il a r\u00e9it\u00e9r\u00e9 ses m\u00eames propos dans son livre \u2018\u2019le S\u00e9n\u00e9gal au C\u0153ur\u201d \u00bb, a rappel\u00e9 la pr\u00e9sidente du mouvement Mimi2024, qui r\u00e9it\u00e8re toujours en d\u00e9clarant, \u00ab L\u2019honn\u00eatet\u00e9, c\u2019est le respect de la parole donn\u00e9e, c\u2019est le respect de la Constitution, c\u2019est le respect des r\u00e8gles d\u00e9mocratiques. \u00bb\u00ab Aussi, je rejette les propos accusatoires inacceptables du Pr\u00e9sident Macky Sall ! \u00bb, fulmine-t-elle.Il faut noter qu\u2019en r\u00e9ponse \u00e0 certains intellectuels qui s\u2019opposent farouchement \u00e0 sa candidature pour un troisi\u00e8me mandat, Macky Sall argue \u00ab C\u2019est o\u00f9 je dis un intellectuel ne peut r\u00e9pondre de cette qualit\u00e9 s\u2019il a au moins l\u2019honn\u00eatet\u00e9. Un intellectuel qui n\u2019est pas honn\u00eate n\u2019en est pas un. L\u2019honnetet\u00e9 intellectuel recommande que m\u00eame si tu es partisan sur un d\u00e9bat, tu ne peux pas violer la r\u00e9alit\u00e9 des faits. \u00bbOG<\/p>\n\n\n\n<p>SUD QUOTIDIEN<\/p>\n","protected":false},"excerpt":{"rendered":"<p>R\u00e9ponse du berger \u00e0 la berg\u00e8re. Aussit\u00f4t apr\u00e8s sa sortie lors de sa rencontre avec les maires et les pr\u00e9sidents<\/p>\n","protected":false},"author":1,"featured_media":3494,"comment_status":"open","ping_status":"open","sticky":false,"template":"","format":"standard","meta":{"footnotes":""},"categories":[21],"tags":[],"class_list":["post-15281","post","type-post","status-publish","format-standard","has-post-thumbnail","hentry","category-societe"],"_links":{"self":[{"href":"https:\/\/dekkbi.com\/index.php?rest_route=\/wp\/v2\/posts\/15281","targetHints":{"allow":["GET"]}}],"collection":[{"href":"https:\/\/dekkbi.com\/index.php?rest_route=\/wp\/v2\/posts"}],"about":[{"href":"https:\/\/dekkbi.com\/index.php?rest_route=\/wp\/v2\/types\/post"}],"author":[{"embeddable":true,"href":"https:\/\/dekkbi.com\/index.php?rest_route=\/wp\/v2\/users\/1"}],"replies":[{"embeddable":true,"href":"https:\/\/dekkbi.com\/index.php?rest_route=%2Fwp%2Fv2%2Fcomments&post=15281"}],"version-history":[{"count":1,"href":"https:\/\/dekkbi.com\/index.php?rest_route=\/wp\/v2\/posts\/15281\/revisions"}],"predecessor-version":[{"id":15282,"href":"https:\/\/dekkbi.com\/index.php?rest_route=\/wp\/v2\/posts\/15281\/revisions\/15282"}],"wp:featuredmedia":[{"embeddable":true,"href":"https:\/\/dekkbi.com\/index.php?rest_route=\/wp\/v2\/media\/3494"}],"wp:attachment":[{"href":"https:\/\/dekkbi.com\/index.php?rest_route=%2Fwp%2Fv2%2Fmedia&parent=15281"}],"wp:term":[{"taxonomy":"category","embeddable":true,"href":"https:\/\/dekkbi.com\/index.php?rest_route=%2Fwp%2Fv2%2Fcategories&post=15281"},{"taxonomy":"post_tag","embeddable":true,"href":"https:\/\/dekkbi.com\/index.php?rest_route=%2Fwp%2Fv2%2Ftags&post=15281"}],"curies":[{"name":"wp","href":"https:\/\/api.w.org\/{rel}","templated":true}]}}