{"id":15276,"date":"2023-07-02T11:37:46","date_gmt":"2023-07-02T11:37:46","guid":{"rendered":"https:\/\/dekkbi.com\/?p=15276"},"modified":"2023-07-02T11:41:14","modified_gmt":"2023-07-02T11:41:14","slug":"candidature-a-la-presidentielle-macky-sall-edifie-les-senegalais-lundi","status":"publish","type":"post","link":"https:\/\/dekkbi.com\/?p=15276","title":{"rendered":"Candidature \u00e0 la Pr\u00e9sidentielle : Macky Sall \u00e9difie les S\u00e9n\u00e9galais lundi"},"content":{"rendered":"\n<p>Tik-Tik ! Tik-Tak ! Le Pr\u00e9sident, qui a r\u00e9ussi \u00e0 faire de sa participation ou non \u00e0 la Pr\u00e9sidentielle un \u00e9v\u00e8nement politique exceptionnel, va \u00e9difier les S\u00e9n\u00e9galais ce lundi. Il l\u2019a dit ce samedi lors d\u2019une rencontre au Palais avec des \u00e9lus locaux qui soutiennent sa candidature. Ce sera lors d\u2019un discours solennel \u00e0 la nation. Ce qui est in\u00e9dit c !En tout cas, les maires de sa coalition ont sign\u00e9 une p\u00e9tition en faveur de la candidature du chef de l\u2019\u00c9tat \u00e0 la prochaine \u00e9lection pr\u00e9sidentielle de f\u00e9vrier 2024. Pendant plus de deux heures, plusieurs maires se sont succ\u00e9d\u00e9 au micro pour t\u00e9moigner de leur volont\u00e9 de voir le chef de l\u2019\u00c9tat participer \u00e0 la Pr\u00e9sidentielle. A la limite, ils ne lui laissent aucune chance : \u00abVous ne m\u2019avez laiss\u00e9 aucune chance. Je n\u2019ai vu personne venir \u00e0 mon secours.\u00bb Avec ses d\u00e9clarations qui se suivent, personne n\u2019est en mesure de savoir sa position d\u00e9finitive sur cette question qui met en haleine tout le pays. Pour l\u2019instant, il compte sur la coalition pr\u00e9sidentielle pour poursuivre leur marche victorieuse. \u00abNous devons poursuivre cette voie qui m\u00e8ne \u00e0 la r\u00e9ussite pour le peuple s\u00e9n\u00e9galais, qui assure la stabilit\u00e9 de notre pays et qui garantit la s\u00e9curit\u00e9. La coalition Benno Bokk Yaakaar est une coalition historique, qui n\u2019a jamais \u00e9t\u00e9 \u00e9gal\u00e9e en termes de long\u00e9vit\u00e9 dans notre histoire politique, et cette coalition doit survivre au-del\u00e0 de 2024. Nous devons comprendre que l\u2019enjeu actuel est l\u2019unit\u00e9. Lorsque nous sommes unis, aucune force politique ne peut rivaliser avec Benno Bokk Yaakaar.\u00bbLors de cette rencontre avec mes maires de sa coalition, il a aussi sold\u00e9 ses comptes avec ses contempteurs. \u00abCeux qui s\u2019agitent dans les m\u00e9dias ou sur les r\u00e9seaux sociaux, ne croyez pas que leurs avis peuvent m\u2019affecter (\u2026) La majorit\u00e9 est l\u00e0, elle est \u00e9crasante. Je suis hors d\u2019atteinte de cette agitation. Je tiens \u00e0 vous rassurer, mon combat et ma plus grande fiert\u00e9 consistent \u00e0 vous conduire vers la victoire. Ne laissez pas les gens semer le d\u00e9sordre chez vous\u00bb, lance le Pr\u00e9sident de la R\u00e9publique aux maires, soulignant qu\u2019ils doivent, en amont des actions r\u00e9galiennes de l\u2019\u00c9tat, effectuer un travail citoyen.\u00bb Et pour les saccages ? \u00abLe S\u00e9n\u00e9gal s\u2019est endett\u00e9 pour construire des infrastructures telles que le train qui fait la fiert\u00e9 de tout un peuple. Pourquoi d\u00e9truire une telle r\u00e9alisation ? Pourquoi emp\u00eacher les populations de Gu\u00e9diawaye, de Camb\u00e9r\u00e8ne et de Dakar d\u2019utiliser le BRT ?\u2026 Mais cela prendra fin ! \u00bb<\/p>\n\n\n\n<p>LEQUOTIDIEN<\/p>\n","protected":false},"excerpt":{"rendered":"<p>Tik-Tik ! Tik-Tak ! Le Pr\u00e9sident, qui a r\u00e9ussi \u00e0 faire de sa participation ou non \u00e0 la Pr\u00e9sidentielle un<\/p>\n","protected":false},"author":1,"featured_media":1931,"comment_status":"open","ping_status":"open","sticky":false,"template":"","format":"standard","meta":{"footnotes":""},"categories":[6],"tags":[],"class_list":["post-15276","post","type-post","status-publish","format-standard","has-post-thumbnail","hentry","category-politics"],"_links":{"self":[{"href":"https:\/\/dekkbi.com\/index.php?rest_route=\/wp\/v2\/posts\/15276","targetHints":{"allow":["GET"]}}],"collection":[{"href":"https:\/\/dekkbi.com\/index.php?rest_route=\/wp\/v2\/posts"}],"about":[{"href":"https:\/\/dekkbi.com\/index.php?rest_route=\/wp\/v2\/types\/post"}],"author":[{"embeddable":true,"href":"https:\/\/dekkbi.com\/index.php?rest_route=\/wp\/v2\/users\/1"}],"replies":[{"embeddable":true,"href":"https:\/\/dekkbi.com\/index.php?rest_route=%2Fwp%2Fv2%2Fcomments&post=15276"}],"version-history":[{"count":2,"href":"https:\/\/dekkbi.com\/index.php?rest_route=\/wp\/v2\/posts\/15276\/revisions"}],"predecessor-version":[{"id":15280,"href":"https:\/\/dekkbi.com\/index.php?rest_route=\/wp\/v2\/posts\/15276\/revisions\/15280"}],"wp:featuredmedia":[{"embeddable":true,"href":"https:\/\/dekkbi.com\/index.php?rest_route=\/wp\/v2\/media\/1931"}],"wp:attachment":[{"href":"https:\/\/dekkbi.com\/index.php?rest_route=%2Fwp%2Fv2%2Fmedia&parent=15276"}],"wp:term":[{"taxonomy":"category","embeddable":true,"href":"https:\/\/dekkbi.com\/index.php?rest_route=%2Fwp%2Fv2%2Fcategories&post=15276"},{"taxonomy":"post_tag","embeddable":true,"href":"https:\/\/dekkbi.com\/index.php?rest_route=%2Fwp%2Fv2%2Ftags&post=15276"}],"curies":[{"name":"wp","href":"https:\/\/api.w.org\/{rel}","templated":true}]}}