{"id":15272,"date":"2023-07-02T11:31:53","date_gmt":"2023-07-02T11:31:53","guid":{"rendered":"https:\/\/dekkbi.com\/?p=15272"},"modified":"2023-07-02T11:31:53","modified_gmt":"2023-07-02T11:31:53","slug":"mali-le-retrait-de-la-minusma-une-decision-diversement-accueillie-par-la-classe-politique-malienne","status":"publish","type":"post","link":"https:\/\/dekkbi.com\/?p=15272","title":{"rendered":"Mali: le retrait de la Minusma, une d\u00e9cision diversement accueillie par la classe politique malienne"},"content":{"rendered":"\n<p>RFI &#8211; La Minusma quittera le Mali d&rsquo;ici la fin de l&rsquo;ann\u00e9e, elle a donc six mois pour plier bagage. Le Mali l&rsquo;avait exig\u00e9 il y a deux semaines, le Conseil de s\u00e9curit\u00e9 a adopt\u00e9 vendredi une r\u00e9solution actant cette d\u00e9cision. Une d\u00e9cision diversement accueillie par la classe politique malienne.<\/p>\n\n\n\n<p>Les soutiens des autorit\u00e9s maliennes de transition exultent, il s&rsquo;agit \u00e0 leurs yeux d&rsquo;un nouvel acte fort de souverainet\u00e9. Parmi eux, se trouve Mohamed Bill Traor\u00e9, pr\u00e9sident de Ensemble sauvons le Mali et porte-parole du mouvement Yerewolo-Debout sur les remparts, fervent soutien des militaires au pouvoir \u00e0 Bamako et qui demandait de longue date le d\u00e9part de la mission onusienne : \u00ab C&rsquo;est un soulagement pour nous, pour le peuple malien comme pour le peuple africain \u00bb, estime-t-il, qui fait part de sa d\u00e9ception et de sa col\u00e8re au terme des dix ann\u00e9es de pr\u00e9sence de la mission onusienne : \u00ab Nous pensions que la Minusma \u00e9tait venue pour appuyer les autorit\u00e9s maliennes \u00e0 recouvrir l&rsquo;ensemble du territoire. Mais elle n&rsquo;a pas r\u00e9ussi \u00e0 s\u00e9curiser le pays, et elle s&rsquo;est donn\u00e9e d&rsquo;autres missions ! Le pire, ce sont ses rapports fallacieux et diffamatoires contre les autorit\u00e9s maliennes. \u00bb<\/p>\n\n\n\n<p><\/p>\n\n\n\n<p>SOURCE RFI<\/p>\n","protected":false},"excerpt":{"rendered":"<p>RFI &#8211; La Minusma quittera le Mali d&rsquo;ici la fin de l&rsquo;ann\u00e9e, elle a donc six mois pour plier bagage.<\/p>\n","protected":false},"author":1,"featured_media":12851,"comment_status":"open","ping_status":"open","sticky":false,"template":"","format":"standard","meta":{"footnotes":""},"categories":[6],"tags":[],"class_list":["post-15272","post","type-post","status-publish","format-standard","has-post-thumbnail","hentry","category-politics"],"_links":{"self":[{"href":"https:\/\/dekkbi.com\/index.php?rest_route=\/wp\/v2\/posts\/15272","targetHints":{"allow":["GET"]}}],"collection":[{"href":"https:\/\/dekkbi.com\/index.php?rest_route=\/wp\/v2\/posts"}],"about":[{"href":"https:\/\/dekkbi.com\/index.php?rest_route=\/wp\/v2\/types\/post"}],"author":[{"embeddable":true,"href":"https:\/\/dekkbi.com\/index.php?rest_route=\/wp\/v2\/users\/1"}],"replies":[{"embeddable":true,"href":"https:\/\/dekkbi.com\/index.php?rest_route=%2Fwp%2Fv2%2Fcomments&post=15272"}],"version-history":[{"count":1,"href":"https:\/\/dekkbi.com\/index.php?rest_route=\/wp\/v2\/posts\/15272\/revisions"}],"predecessor-version":[{"id":15273,"href":"https:\/\/dekkbi.com\/index.php?rest_route=\/wp\/v2\/posts\/15272\/revisions\/15273"}],"wp:featuredmedia":[{"embeddable":true,"href":"https:\/\/dekkbi.com\/index.php?rest_route=\/wp\/v2\/media\/12851"}],"wp:attachment":[{"href":"https:\/\/dekkbi.com\/index.php?rest_route=%2Fwp%2Fv2%2Fmedia&parent=15272"}],"wp:term":[{"taxonomy":"category","embeddable":true,"href":"https:\/\/dekkbi.com\/index.php?rest_route=%2Fwp%2Fv2%2Fcategories&post=15272"},{"taxonomy":"post_tag","embeddable":true,"href":"https:\/\/dekkbi.com\/index.php?rest_route=%2Fwp%2Fv2%2Ftags&post=15272"}],"curies":[{"name":"wp","href":"https:\/\/api.w.org\/{rel}","templated":true}]}}