{"id":15259,"date":"2023-07-02T11:06:36","date_gmt":"2023-07-02T11:06:36","guid":{"rendered":"https:\/\/dekkbi.com\/?p=15259"},"modified":"2023-07-02T11:06:37","modified_gmt":"2023-07-02T11:06:37","slug":"macky-sall-met-en-garde-les-manifestants-le-senegal-ne-peut-pas-se-permettre-de-regarder-aneantir-ses-investissements","status":"publish","type":"post","link":"https:\/\/dekkbi.com\/?p=15259","title":{"rendered":"Macky Sall met en garde les manifestants: \u2018\u2019Le S\u00e9n\u00e9gal ne peut pas se permettre de regarder an\u00e9antir ses investissements\u2019\u2019"},"content":{"rendered":"\n<p>Recevant samedi au Palais de la R\u00e9publique un collectif d\u2019\u00e9lus locaux s\u00e9n\u00e9galais, le chef de l\u2019Etat, Macky Sall, a d\u00e9nonc\u00e9 avec force les violences \u00e0 l\u2019origine de la mort de 16 personnes et d\u2019importants d\u00e9g\u00e2ts mat\u00e9riels, d\u00e9clarant que \u2018\u2019le S\u00e9n\u00e9gal ne peut pas se permettre\u2019\u2019 de regarder des \u2018\u2019casseurs\u2019\u2019 an\u00e9antir ses investissements.\u2018\u2019Le S\u00e9n\u00e9gal ne peut pas se permettre, en raison de son niveau de d\u00e9veloppement, de regarder an\u00e9antir tous ses investissements par une bande de casseurs [\u2026] sur la base de je ne sais quelle consid\u00e9ration\u2019\u2019, a soutenu Macky Sall.Pour la premi\u00e8re fois, il s\u2019exprimait publiquement sur les violences \u00e0 l\u2019origine de la mort de 16 personnes selon le gouvernement, de 23 selon Amnesty International et de 29 \u00e0 30 personnes selon le parti d\u2019opposition Pastef-Les patriotes d\u2019Ousmane Sonko.Le pr\u00e9sident Sall a re\u00e7u au total 475 maires de Benno Bokk Yaakaar (BBY), la coalition qui l\u2019a fait \u00e9lire et r\u00e9\u00e9lire et 37 pr\u00e9sidents de conseil d\u00e9partemental.\u2018\u2019Le S\u00e9n\u00e9gal s\u2019est endett\u00e9 pour construire des [infrastructures] comme le train express r\u00e9gional, qui fait la fiert\u00e9 de tout un peuple. Le train, ce n\u2019est pas pour moi. Je n\u2019ai pas besoin de le prendre pour aller \u00e0 l\u2019AIBD (a\u00e9roport international Blaise-Diagne) ou \u00e0 Diamniadio. C\u2019est \u00e9vident, c\u2019est pour les populations\u2019\u2019, a soutenu Macky Sall en parlant des pillages survenus apr\u00e8s la condamnation d\u2019Ousmane Sonko \u00e0 deux ans de prison ferme pour \u2018\u2019corruption de la jeunesse\u2019\u2019, le 1er juin.\u2018\u2019Pourquoi d\u00e9truire un tel ouvrage ?\u2019\u2019 s\u2019est demand\u00e9 le chef de l\u2019Etat en parlant du chantier du BRT, une infrastructure de transport de masse dont le chantier a \u00e9t\u00e9 vandalis\u00e9 par des pillards.M. Sall a d\u00e9nonc\u00e9 l\u2019\u2018\u2019indiscipline\u2019\u2019 \u00e0 l\u2019origine, selon lui, de ces pillages. \u2018\u2019Nous mettrons un terme \u00e0 cela\u2019\u2019, a-t-il promis.La peine requise contre l\u2019opposant, qui \u00e9tait jug\u00e9 pour viol et menaces de mort sur la demoiselle Adji Sarr, est susceptible de l\u2019emp\u00eacher de se pr\u00e9senter \u00e0 l\u2019\u00e9lection pr\u00e9sidentielle de 2024 pour laquelle il s\u2019est d\u00e9clar\u00e9 candidat, affirment ses avocats en se basant sur le Code \u00e9lectoral.Des services de l\u2019administration publique, des banques, des infrastructures routi\u00e8res et universitaires, des mairies, des voitures et d\u2019autres biens publics ou priv\u00e9s ont \u00e9t\u00e9 saccag\u00e9s ou incendi\u00e9s lors des violentes manifestations survenues au S\u00e9n\u00e9gal entre le 1er et le 3 juin.L\u2019Association des maires du S\u00e9n\u00e9gal et son homologue r\u00e9unissant les dirigeants des conseils d\u00e9partementaux ont sign\u00e9 une p\u00e9tition demandant \u00e0 Macky Sall de faire acte de candidature en 2024 et ont promis de le soutenir.Selon un communiqu\u00e9 des deux associations de dirigeants de collectivit\u00e9s territoriales, tous ou presque des militants de partis politiques membres de la coalition BBY, la p\u00e9tition a \u00e9t\u00e9 sign\u00e9e par 87 % des maires du S\u00e9n\u00e9gal et 84 % des pr\u00e9sidents de conseil d\u00e9partemental.Macky Sall d\u00e9clare qu\u2019il dira aux S\u00e9n\u00e9galais, lundi prochain, s\u2019il sera candidat ou pas \u00e0 l\u2019\u00e9lection pr\u00e9sidentielle du 25 f\u00e9vrier 2024.\u2018\u2019Je ne peux pas vous r\u00e9pondre, quelle que soit la beaut\u00e9 de votre message. Mais ce sera fait. Lundi, Inch\u2019Allah (s\u2019il pla\u00eet \u00e0 Dieu), je vais le faire\u2019\u2019, a r\u00e9pondu M. Sall aux maires et aux pr\u00e9sidents de conseil d\u00e9partemental re\u00e7us au palais de la R\u00e9publique.<\/p>\n\n\n\n<p><\/p>\n","protected":false},"excerpt":{"rendered":"<p>Recevant samedi au Palais de la R\u00e9publique un collectif d\u2019\u00e9lus locaux s\u00e9n\u00e9galais, le chef de l\u2019Etat, Macky Sall, a d\u00e9nonc\u00e9<\/p>\n","protected":false},"author":1,"featured_media":14732,"comment_status":"open","ping_status":"open","sticky":false,"template":"","format":"standard","meta":{"footnotes":""},"categories":[6],"tags":[],"class_list":["post-15259","post","type-post","status-publish","format-standard","has-post-thumbnail","hentry","category-politics"],"_links":{"self":[{"href":"https:\/\/dekkbi.com\/index.php?rest_route=\/wp\/v2\/posts\/15259","targetHints":{"allow":["GET"]}}],"collection":[{"href":"https:\/\/dekkbi.com\/index.php?rest_route=\/wp\/v2\/posts"}],"about":[{"href":"https:\/\/dekkbi.com\/index.php?rest_route=\/wp\/v2\/types\/post"}],"author":[{"embeddable":true,"href":"https:\/\/dekkbi.com\/index.php?rest_route=\/wp\/v2\/users\/1"}],"replies":[{"embeddable":true,"href":"https:\/\/dekkbi.com\/index.php?rest_route=%2Fwp%2Fv2%2Fcomments&post=15259"}],"version-history":[{"count":1,"href":"https:\/\/dekkbi.com\/index.php?rest_route=\/wp\/v2\/posts\/15259\/revisions"}],"predecessor-version":[{"id":15260,"href":"https:\/\/dekkbi.com\/index.php?rest_route=\/wp\/v2\/posts\/15259\/revisions\/15260"}],"wp:featuredmedia":[{"embeddable":true,"href":"https:\/\/dekkbi.com\/index.php?rest_route=\/wp\/v2\/media\/14732"}],"wp:attachment":[{"href":"https:\/\/dekkbi.com\/index.php?rest_route=%2Fwp%2Fv2%2Fmedia&parent=15259"}],"wp:term":[{"taxonomy":"category","embeddable":true,"href":"https:\/\/dekkbi.com\/index.php?rest_route=%2Fwp%2Fv2%2Fcategories&post=15259"},{"taxonomy":"post_tag","embeddable":true,"href":"https:\/\/dekkbi.com\/index.php?rest_route=%2Fwp%2Fv2%2Ftags&post=15259"}],"curies":[{"name":"wp","href":"https:\/\/api.w.org\/{rel}","templated":true}]}}