{"id":15256,"date":"2023-07-02T11:03:06","date_gmt":"2023-07-02T11:03:06","guid":{"rendered":"https:\/\/dekkbi.com\/?p=15256"},"modified":"2023-07-02T11:03:07","modified_gmt":"2023-07-02T11:03:07","slug":"union-africaine-le-senegal-honore-dassurer-la-presidence-du-conseil-de-paix-et-de-securite","status":"publish","type":"post","link":"https:\/\/dekkbi.com\/?p=15256","title":{"rendered":"Union africaine: Le S\u00e9n\u00e9gal \u00ab\u00a0honor\u00e9\u00a0\u00bb d\u2019assurer la pr\u00e9sidence du Conseil de paix et de s\u00e9curit\u00e9\u00a0"},"content":{"rendered":"\n<p>Apr\u00e8s la pr\u00e9sidence de l\u2019Union africaine (2022-2023), le \u201cS\u00e9n\u00e9gal est encore honor\u00e9 d\u2019assurer, pour le mois de juillet, celle du Conseil de Paix et de S\u00e9curit\u00e9 (CPS) de l\u2019Organisation Continentale\u201d, informe un communiqu\u00e9 du minist\u00e8re des Affaires \u00e9trang\u00e8res.\u201cConnu pour son engagement Panafricaniste et celui du Pr\u00e9sident Macky Sall pour les questions s\u00e9curitaires, le S\u00e9n\u00e9gal a d\u00e9cid\u00e9 d\u2019inscrire son mandat au service de la paix dans notre continent. Aussi, les r\u00e9ponses communautaires aux d\u00e9fis s\u00e9curitaires en Afrique ainsi que la mission de terrain du CPS pr\u00e9vue au Sahel seront elles au centre de cette pr\u00e9sidence\u201d, poursuit la m\u00eame source.La r\u00e9union consultative p\u00e9riodique avec le Conseil \u00c9conomique, Social et Culturel (ECOSOCC) de l\u2019UA et l\u2019examen du rapport semestriel du Pr\u00e9sident de la Commission de l\u2019Union africaine sur les \u00e9lections dans le Continent seront \u00e9galement \u00e0 l\u2019ordre du jour.Le CPS, organe d\u00e9cisionnel permanent en mati\u00e8re de pr\u00e9vention, de gestion et de r\u00e8glement des conflits en Afrique, est compos\u00e9 de 15 \u00c9tats membres \u00e9lus, la plupart pour un mandat de deux ans. Il constitue un syst\u00e8me de s\u00e9curit\u00e9 collective et d\u2019alerte rapide, en m\u00eame temps qu\u2019il repr\u00e9sente le pilier fondamental de l\u2019Architecture africaine de Paix et de S\u00e9curit\u00e9 (APSA).<\/p>\n\n\n\n<p>LESOLEIL<\/p>\n","protected":false},"excerpt":{"rendered":"<p>Apr\u00e8s la pr\u00e9sidence de l\u2019Union africaine (2022-2023), le \u201cS\u00e9n\u00e9gal est encore honor\u00e9 d\u2019assurer, pour le mois de juillet, celle du<\/p>\n","protected":false},"author":1,"featured_media":15257,"comment_status":"open","ping_status":"open","sticky":false,"template":"","format":"standard","meta":{"footnotes":""},"categories":[6],"tags":[],"class_list":["post-15256","post","type-post","status-publish","format-standard","has-post-thumbnail","hentry","category-politics"],"_links":{"self":[{"href":"https:\/\/dekkbi.com\/index.php?rest_route=\/wp\/v2\/posts\/15256","targetHints":{"allow":["GET"]}}],"collection":[{"href":"https:\/\/dekkbi.com\/index.php?rest_route=\/wp\/v2\/posts"}],"about":[{"href":"https:\/\/dekkbi.com\/index.php?rest_route=\/wp\/v2\/types\/post"}],"author":[{"embeddable":true,"href":"https:\/\/dekkbi.com\/index.php?rest_route=\/wp\/v2\/users\/1"}],"replies":[{"embeddable":true,"href":"https:\/\/dekkbi.com\/index.php?rest_route=%2Fwp%2Fv2%2Fcomments&post=15256"}],"version-history":[{"count":1,"href":"https:\/\/dekkbi.com\/index.php?rest_route=\/wp\/v2\/posts\/15256\/revisions"}],"predecessor-version":[{"id":15258,"href":"https:\/\/dekkbi.com\/index.php?rest_route=\/wp\/v2\/posts\/15256\/revisions\/15258"}],"wp:featuredmedia":[{"embeddable":true,"href":"https:\/\/dekkbi.com\/index.php?rest_route=\/wp\/v2\/media\/15257"}],"wp:attachment":[{"href":"https:\/\/dekkbi.com\/index.php?rest_route=%2Fwp%2Fv2%2Fmedia&parent=15256"}],"wp:term":[{"taxonomy":"category","embeddable":true,"href":"https:\/\/dekkbi.com\/index.php?rest_route=%2Fwp%2Fv2%2Fcategories&post=15256"},{"taxonomy":"post_tag","embeddable":true,"href":"https:\/\/dekkbi.com\/index.php?rest_route=%2Fwp%2Fv2%2Ftags&post=15256"}],"curies":[{"name":"wp","href":"https:\/\/api.w.org\/{rel}","templated":true}]}}