{"id":15212,"date":"2023-07-01T11:44:11","date_gmt":"2023-07-01T11:44:11","guid":{"rendered":"https:\/\/dekkbi.com\/?p=15212"},"modified":"2023-07-01T11:44:12","modified_gmt":"2023-07-01T11:44:12","slug":"amina-pote-quitte-la-tfm","status":"publish","type":"post","link":"https:\/\/dekkbi.com\/?p=15212","title":{"rendered":"Amina Pot\u00e9 quitte la TFM"},"content":{"rendered":"\n<p>L\u2019animatrice a annonc\u00e9 son d\u00e9part du Groupe Futurs M\u00e9dias. C\u00e9l\u00e9brant la f\u00eate d\u2019Aid-el K\u00e9bir sur le plateau sp\u00e9cial de \u00ab Seetu Rissmondjiz \u00bb, Amina Pot\u00e9 a fait ses adieux \u00e0 son public, non sans manquer de remercier la famille Ndour, rapporte iGFM. <\/p>\n\n\n\n<p>Amina Souhahibi compte s\u2019exiler en Europe pour un moment et rassure ses fans que c\u2019est juste pour des raisons personnelles. Dans quelques jours, elle sera absente du petit \u00e9cran .<\/p>\n\n\n\n<p>L\u2019animatrice a annonc\u00e9 son d\u00e9part du Groupe Futurs M\u00e9dias. C\u00e9l\u00e9brant la f\u00eate d\u2019Aid-el K\u00e9bir sur le plateau sp\u00e9cial de \u00ab Seetu Rissmondjiz \u00bb, Amina Pot\u00e9 a fait ses adieux \u00e0 son public, non sans manquer de remercier la famille Ndour, rapporte iGFM.Amina Souhahibi compte s\u2019exiler en Europe pour un moment et rassure ses fans que c\u2019est juste pour des raisons personnelles. Dans quelques jours, elle sera absente du petit \u00e9cran . LERAL<\/p>\n","protected":false},"excerpt":{"rendered":"<p>L\u2019animatrice a annonc\u00e9 son d\u00e9part du Groupe Futurs M\u00e9dias. C\u00e9l\u00e9brant la f\u00eate d\u2019Aid-el K\u00e9bir sur le plateau sp\u00e9cial de \u00ab<\/p>\n","protected":false},"author":1,"featured_media":15213,"comment_status":"open","ping_status":"open","sticky":false,"template":"","format":"standard","meta":{"footnotes":""},"categories":[26],"tags":[],"class_list":["post-15212","post","type-post","status-publish","format-standard","has-post-thumbnail","hentry","category-fait-divers"],"_links":{"self":[{"href":"https:\/\/dekkbi.com\/index.php?rest_route=\/wp\/v2\/posts\/15212","targetHints":{"allow":["GET"]}}],"collection":[{"href":"https:\/\/dekkbi.com\/index.php?rest_route=\/wp\/v2\/posts"}],"about":[{"href":"https:\/\/dekkbi.com\/index.php?rest_route=\/wp\/v2\/types\/post"}],"author":[{"embeddable":true,"href":"https:\/\/dekkbi.com\/index.php?rest_route=\/wp\/v2\/users\/1"}],"replies":[{"embeddable":true,"href":"https:\/\/dekkbi.com\/index.php?rest_route=%2Fwp%2Fv2%2Fcomments&post=15212"}],"version-history":[{"count":1,"href":"https:\/\/dekkbi.com\/index.php?rest_route=\/wp\/v2\/posts\/15212\/revisions"}],"predecessor-version":[{"id":15214,"href":"https:\/\/dekkbi.com\/index.php?rest_route=\/wp\/v2\/posts\/15212\/revisions\/15214"}],"wp:featuredmedia":[{"embeddable":true,"href":"https:\/\/dekkbi.com\/index.php?rest_route=\/wp\/v2\/media\/15213"}],"wp:attachment":[{"href":"https:\/\/dekkbi.com\/index.php?rest_route=%2Fwp%2Fv2%2Fmedia&parent=15212"}],"wp:term":[{"taxonomy":"category","embeddable":true,"href":"https:\/\/dekkbi.com\/index.php?rest_route=%2Fwp%2Fv2%2Fcategories&post=15212"},{"taxonomy":"post_tag","embeddable":true,"href":"https:\/\/dekkbi.com\/index.php?rest_route=%2Fwp%2Fv2%2Ftags&post=15212"}],"curies":[{"name":"wp","href":"https:\/\/api.w.org\/{rel}","templated":true}]}}