{"id":15186,"date":"2023-06-30T08:53:17","date_gmt":"2023-06-30T08:53:17","guid":{"rendered":"https:\/\/dekkbi.com\/?p=15186"},"modified":"2023-06-30T08:53:18","modified_gmt":"2023-06-30T08:53:18","slug":"foot-ngolo-kante-achete-un-club-europeen","status":"publish","type":"post","link":"https:\/\/dekkbi.com\/?p=15186","title":{"rendered":"Foot : N\u2019Golo Kant\u00e9 ach\u00e8te un club europ\u00e9en"},"content":{"rendered":"\n<p>Nouvelle recrue d\u2019Al-Ittihad en Arabie Saoudite, N\u2019Golo Kant\u00e9 portera une deuxi\u00e8me casquette. Le joueur de football international fran\u00e7ais et ex-joueur de Chelsea depuis peu, a rachet\u00e9 le club du Royal Excelsior Virton (Belgique).<\/p>\n\n\n\n<p>L\u2019ancien Caennais devient ainsi le nouveau propri\u00e9taire du Royal Excelsior Virton, le club rel\u00e9gu\u00e9 en troisi\u00e8me division belge rachet\u00e9 \u00e0 l\u2019homme d\u2019affaires luxembourgeois Flavio Becca.\u201cFlavio Becca (l\u2019ancien propri\u00e9taire ndlr) est \u00e9videmment extr\u00eamement heureux de pouvoir remettre les clefs du club \u00e0 N\u2019Golo Kant\u00e9, un joueur de grande classe, non seulement par ses qualit\u00e9s footballistiques mais \u00e9galement et surtout pour ses qualit\u00e9s humaines unanimement reconnues. Pouss\u00e9 par sa passion du football, la volont\u00e9 de N\u2019Golo Kant\u00e9 est de poursuivre la structuration du club en vue de consolider ses fondations, stabiliser le staff et renouer \u00e0 terme avec la tradition de formation du RE Virton, via son Acad\u00e9mie des Jeunes. \u00c0 l\u2019image de N\u2019Golo Kant\u00e9, le travail, la g\u00e9n\u00e9rosit\u00e9 et l\u2019humilit\u00e9 porteront les ambitions du RE Virton pour les prochaines ann\u00e9es. Avec l\u2019envie de porter haut les couleurs de la Gaume, de la province et de la Wallonie, N\u2019Golo Kant\u00e9 invite toutes les forces vives du territoire \u00e0 rejoindre un projet qui se veut rassembleur et digne des supporters de l\u2019Excelsior\u201d, peut-on notamment lire.<\/p>\n\n\n\n<p>SENEGO<\/p>\n","protected":false},"excerpt":{"rendered":"<p>Nouvelle recrue d\u2019Al-Ittihad en Arabie Saoudite, N\u2019Golo Kant\u00e9 portera une deuxi\u00e8me casquette. Le joueur de football international fran\u00e7ais et ex-joueur<\/p>\n","protected":false},"author":1,"featured_media":15187,"comment_status":"open","ping_status":"open","sticky":false,"template":"","format":"standard","meta":{"footnotes":""},"categories":[9],"tags":[],"class_list":["post-15186","post","type-post","status-publish","format-standard","has-post-thumbnail","hentry","category-sports"],"_links":{"self":[{"href":"https:\/\/dekkbi.com\/index.php?rest_route=\/wp\/v2\/posts\/15186","targetHints":{"allow":["GET"]}}],"collection":[{"href":"https:\/\/dekkbi.com\/index.php?rest_route=\/wp\/v2\/posts"}],"about":[{"href":"https:\/\/dekkbi.com\/index.php?rest_route=\/wp\/v2\/types\/post"}],"author":[{"embeddable":true,"href":"https:\/\/dekkbi.com\/index.php?rest_route=\/wp\/v2\/users\/1"}],"replies":[{"embeddable":true,"href":"https:\/\/dekkbi.com\/index.php?rest_route=%2Fwp%2Fv2%2Fcomments&post=15186"}],"version-history":[{"count":1,"href":"https:\/\/dekkbi.com\/index.php?rest_route=\/wp\/v2\/posts\/15186\/revisions"}],"predecessor-version":[{"id":15188,"href":"https:\/\/dekkbi.com\/index.php?rest_route=\/wp\/v2\/posts\/15186\/revisions\/15188"}],"wp:featuredmedia":[{"embeddable":true,"href":"https:\/\/dekkbi.com\/index.php?rest_route=\/wp\/v2\/media\/15187"}],"wp:attachment":[{"href":"https:\/\/dekkbi.com\/index.php?rest_route=%2Fwp%2Fv2%2Fmedia&parent=15186"}],"wp:term":[{"taxonomy":"category","embeddable":true,"href":"https:\/\/dekkbi.com\/index.php?rest_route=%2Fwp%2Fv2%2Fcategories&post=15186"},{"taxonomy":"post_tag","embeddable":true,"href":"https:\/\/dekkbi.com\/index.php?rest_route=%2Fwp%2Fv2%2Ftags&post=15186"}],"curies":[{"name":"wp","href":"https:\/\/api.w.org\/{rel}","templated":true}]}}