{"id":15135,"date":"2023-06-30T07:43:31","date_gmt":"2023-06-30T07:43:31","guid":{"rendered":"https:\/\/dekkbi.com\/?p=15135"},"modified":"2023-06-30T07:43:32","modified_gmt":"2023-06-30T07:43:32","slug":"tabaski-amadou-ba-appelle-a-maintenir-lunite-et-le-consensus-autour-de-lapaisement-de-lespace-politique","status":"publish","type":"post","link":"https:\/\/dekkbi.com\/?p=15135","title":{"rendered":"Tabaski\u00a0: Amadou Ba appelle \u00e0 maintenir l\u2019unit\u00e9 et le consensus autour de l\u2019apaisement de l\u2019espace politique"},"content":{"rendered":"\n<p>Comme annonc\u00e9 un peu plus t\u00f4t, le Premier ministre, Amadou Ba, a repr\u00e9sent\u00e9 \u00e0 la Grande Mosqu\u00e9e de Dakar le chef de l\u2019Etat, Macky Sall, actuellement aux lieux saints de l\u2019Islam pour les besoins du Hajj. Apr\u00e8s avoir assist\u00e9 \u00e0 la pri\u00e8re de l\u2019A\u00efd Al Kabir, le chef du gouvernement a d\u2019embl\u00e9e transmis les v\u0153ux du pr\u00e9sident de la R\u00e9publique \u00e0 la communaut\u00e9 musulmane pour une bonne f\u00eate de Tabaski.Abordant l\u2019actualit\u00e9 marqu\u00e9e par le contexte socio-\u00e9conomique et politique, Amadou Ba a dit que l\u2019Etat et ses autorit\u00e9s sont conscients des enjeux s\u00e9curitaires.\u00ab Le pr\u00e9sident de la R\u00e9publique et son Gouvernement sont conscients des enjeux et d\u00e9fis de l\u2019heure au regard des menaces s\u00e9curitaires, mais aussi des dangers de l\u2019extr\u00e9misme radical qui cherchent \u00e0 an\u00e9antir les fondements de l\u2019\u00c9tat et \u00e0 s\u2019attaquer au mod\u00e8le religieux pacifique du S\u00e9n\u00e9gal pour nous imposer des id\u00e9ologies et des pratiques qui n\u2019ont produit ailleurs que chaos \u00bb, a-t-il notamment lanc\u00e9. Non sans appeler les S\u00e9n\u00e9galais \u00e0 \u00ab sauvegarder cet \u00e9lan d\u2019unit\u00e9 et ce consensus autour de l\u2019apaisement de l\u2019espace politique, le plaidoyer et les pri\u00e8res des guides religieux sont plus que n\u00e9cessaires \u00bb.Le Premier ministre a, enfin, rendu gr\u00e2ce \u00e0 Dieu, estimant que c\u2019est dans une paix v\u00e9ritable que l\u2019on peut b\u00e2tir une nation prosp\u00e8re, travailler dans la joie et am\u00e9liorer les conditions de vie des populations.<\/p>\n\n\n\n<p>LESOLEIL<\/p>\n","protected":false},"excerpt":{"rendered":"<p>Comme annonc\u00e9 un peu plus t\u00f4t, le Premier ministre, Amadou Ba, a repr\u00e9sent\u00e9 \u00e0 la Grande Mosqu\u00e9e de Dakar le<\/p>\n","protected":false},"author":1,"featured_media":15136,"comment_status":"open","ping_status":"open","sticky":false,"template":"","format":"standard","meta":{"footnotes":""},"categories":[6],"tags":[],"class_list":["post-15135","post","type-post","status-publish","format-standard","has-post-thumbnail","hentry","category-politics"],"_links":{"self":[{"href":"https:\/\/dekkbi.com\/index.php?rest_route=\/wp\/v2\/posts\/15135","targetHints":{"allow":["GET"]}}],"collection":[{"href":"https:\/\/dekkbi.com\/index.php?rest_route=\/wp\/v2\/posts"}],"about":[{"href":"https:\/\/dekkbi.com\/index.php?rest_route=\/wp\/v2\/types\/post"}],"author":[{"embeddable":true,"href":"https:\/\/dekkbi.com\/index.php?rest_route=\/wp\/v2\/users\/1"}],"replies":[{"embeddable":true,"href":"https:\/\/dekkbi.com\/index.php?rest_route=%2Fwp%2Fv2%2Fcomments&post=15135"}],"version-history":[{"count":1,"href":"https:\/\/dekkbi.com\/index.php?rest_route=\/wp\/v2\/posts\/15135\/revisions"}],"predecessor-version":[{"id":15137,"href":"https:\/\/dekkbi.com\/index.php?rest_route=\/wp\/v2\/posts\/15135\/revisions\/15137"}],"wp:featuredmedia":[{"embeddable":true,"href":"https:\/\/dekkbi.com\/index.php?rest_route=\/wp\/v2\/media\/15136"}],"wp:attachment":[{"href":"https:\/\/dekkbi.com\/index.php?rest_route=%2Fwp%2Fv2%2Fmedia&parent=15135"}],"wp:term":[{"taxonomy":"category","embeddable":true,"href":"https:\/\/dekkbi.com\/index.php?rest_route=%2Fwp%2Fv2%2Fcategories&post=15135"},{"taxonomy":"post_tag","embeddable":true,"href":"https:\/\/dekkbi.com\/index.php?rest_route=%2Fwp%2Fv2%2Ftags&post=15135"}],"curies":[{"name":"wp","href":"https:\/\/api.w.org\/{rel}","templated":true}]}}