{"id":15027,"date":"2023-06-27T10:41:52","date_gmt":"2023-06-27T10:41:52","guid":{"rendered":"https:\/\/dekkbi.com\/?p=15027"},"modified":"2023-06-27T11:19:49","modified_gmt":"2023-06-27T11:19:49","slug":"a-marseille-une-premiere-journee-de-visite-sous-le-signe-de-la-securite-pour-emmanuel-macron","status":"publish","type":"post","link":"https:\/\/dekkbi.com\/?p=15027","title":{"rendered":"\u00c0 Marseille, une premi\u00e8re journ\u00e9e de visite sous le signe de la s\u00e9curit\u00e9 pour Emmanuel Macron"},"content":{"rendered":"\n<p><strong>Emmanuel Macron est arriv\u00e9 \u00e0 Marseille ce lundi 26 juin pour un d\u00e9placement de trois jours dans la deuxi\u00e8me ville de France. Rencontre avec des officiers de police judiciaire, visite du chantier de la prison de Baumettes, \u00e9changes avec des familles endeuill\u00e9es sur fonds de trafic de drogue&#8230; La premi\u00e8re journ\u00e9e a \u00e9t\u00e9 consacr\u00e9e \u00e0 la s\u00e9curit\u00e9 et le chef de l&rsquo;\u00c9tat est parti \u00e0 la rencontre des habitants, qui lui ont r\u00e9serv\u00e9 un accueil en demi-teinte.<\/strong><\/p>\n\n\n\n<p><em>Avec notre envoy\u00e9e sp\u00e9ciale \u00e0 Marseille,<\/em>&nbsp;<strong>Charlotte Urien-Tomaka<\/strong> &#8211; RFI<\/p>\n\n\n\n<p>Un bain de foule \u00e0 l\u2019arriv\u00e9e et au d\u00e9part et des habitants de la cit\u00e9 des Campanules, au sud de Marseille,&nbsp;plut\u00f4t contents de voir le pr\u00e9sident de la R\u00e9publique.&nbsp;\u00ab&nbsp;<em>En forme ?<\/em>&nbsp;\u00bb, questionne&nbsp;<strong>Emmanuel Macron<\/strong>.&nbsp;\u00ab&nbsp;<em>Bonjour M. le Pr\u00e9sident. Bienvenue \u00e0 Marseille et<\/em>&nbsp; \u201cAllez l\u2019OM&nbsp;!\u201d \u00bb<\/p>\n\n\n\n<p>Accompagn\u00e9 d&rsquo;\u00e9lus, Emmanuel Macron a \u00e9chang\u00e9 avec les r\u00e9sidents de la cit\u00e9. Et le chef de l\u2019\u00c9tat s\u2019est fendu d\u2019une nouvelle petite phrase sur la recherche d\u2019emploi :&nbsp;\u00ab&nbsp;<em>Il est pr\u00eat \u00e0 travailler comme serveur&nbsp;?<\/em>&nbsp;\u00bb, interroge-t-il. \u00ab&nbsp;<em>Tout, tout&nbsp;!<\/em>&nbsp;\u00bb, r\u00e9pond une dame.&nbsp; \u00ab&nbsp;<em>On descend ensemble, on fait le tour du Vieux port, je serais surpris qu\u2019il n&rsquo;y ait pas un restaurant ou un caf\u00e9 qui ne cherche pas.<\/em>&nbsp;&nbsp;\u00bb<\/p>\n\n\n\n<p>Puis direction, le b\u00e2timent H de la cit\u00e9, o\u00f9 des m\u00e8res de familles endeuill\u00e9es par la perte d\u2019un enfant dans les trafics de stup\u00e9fiants ont rendez-vous avec le pr\u00e9sident. Ce sont un peu plus d\u2019une heure d\u2019\u00e9change \u00e0 huis clos et des m\u00e8res de familles tr\u00e8s \u00e9mues qui r\u00e9clament une r\u00e9ponse p\u00e9nale plus forte.<\/p>\n\n\n\n<p>C\u2019est l\u2019occasion pour le pr\u00e9sident de reparler du bilan de son plan Marseille en grand et de l\u2019acte II qu\u2019il lance aujourd\u2019hui :&nbsp; \u00ab&nbsp;<em>On a de plus en plus de jeunes qui sont engag\u00e9s, malheureusement, dans cette spirale de trafic de drogues et qui \u00e0 12 ans, 13 ans, sont d\u00e9tourn\u00e9s de l\u2019\u00e9cole et exploit\u00e9s par ces r\u00e9seaux. On pilonne ces r\u00e9seaux. On a d\u00e9j\u00e0 70 points de deal qui ont \u00e9t\u00e9 supprim\u00e9s, on a beaucoup de ces jeunes qu\u2019on r\u00e9cup\u00e8re, c\u2019est pour \u00e7a qu\u2019on veut renforcer la pr\u00e9vention.&nbsp;<\/em>\u00bb<\/p>\n\n\n\n<blockquote class=\"wp-block-quote is-layout-flow wp-block-quote-is-layout-flow\">\n<p>Tous les engagements pris il y a deux ans ont \u00e9t\u00e9 tenus.<\/p>\n<\/blockquote>\n\n\n\n<p>Aux Baumettes, Emmanuel Macron tire le bilan de l&rsquo;acte I de son plan pour Marseille<\/p>\n\n\n\n<p>Charlotte Urien-Tomaka<\/p>\n\n\n\n<h2 class=\"wp-block-heading\">Le ton monte \u00e0 la cit\u00e9 de la&nbsp;Busserine<\/h2>\n\n\n\n<p>Puis, le pr\u00e9sident se rend en direction de la cit\u00e9 de la Busserine, dans les quartiers nord, un autre quartier sensible de la ville o\u00f9 il a renou\u00e9 avec la tradition du grand d\u00e9bat en \u00e9changeant sur les th\u00e8mes de la vie quotidienne et des transports avec des Marseillais.<\/p>\n\n\n\n<p>Emmanuel Macron y a re\u00e7u un accueil en demi-teinte. Au loin, quelques manifestants scandent \u00ab&nbsp;<em>Macron d\u00e9mission !&nbsp;<\/em>\u00bb, \u00e9quip\u00e9s de casseroles. Ils sont rapidement d\u00e9log\u00e9s par les forces de l&rsquo;ordre. Au gymnase de la cit\u00e9, le pr\u00e9sident a rendez-vous avec 350 habitants du quartier pour \u00e9voquer divers sujets comme l&rsquo;insalubrit\u00e9, l&rsquo;ins\u00e9curit\u00e9, ou encore la sant\u00e9.<\/p>\n\n\n\n<p>Certains riverains sont en col\u00e8re et ne voient pas les changements vant\u00e9s par le Pr\u00e9sident. \u00ab&nbsp;<em>Ici, vous \u00eates venu \u00e0 la Busserine, M. le Pr\u00e9sident, c&rsquo;\u00e9tait tout beau, c&rsquo;\u00e9tait tout propre, c&rsquo;\u00e9tait bien. D&rsquo;habitude, c&rsquo;est pas comme \u00e7a<\/em>&nbsp;\u00bb, attaque une habitante. \u00ab<em>&nbsp;On en a marre, on est fatigu\u00e9, on veut savoir c&rsquo;est quoi l&rsquo;urgence ?<\/em>&nbsp;\u00bb, reprend une autre.&nbsp;Le ton monte rapidement entre des femmes du quartier et le chef de l&rsquo;\u00c9tat, qui ne veut pas payer pour ses pr\u00e9d\u00e9cesseurs. \u00ab&nbsp;<em>Moi, je ne prends pas les engueulades pour toutes les d\u00e9cennies pass\u00e9es. Donc, je veux bien prendre les engueulades quand on me dit&nbsp;:<\/em>&nbsp;&nbsp;\u201cIl&nbsp;y a deux ans, vous nous avez dit qu&rsquo;il y aurait 100, s\u2019il&nbsp;n\u2019y a pas 100.\u201d&nbsp;<em>Sur la s\u00e9curit\u00e9, j&rsquo;avais donn\u00e9 des chiffres pr\u00e9cis. Tout y est ! C&rsquo;est dur, vous vivez une vie difficile. Votre col\u00e8re, elle est justifi\u00e9e, mais la col\u00e8re, elle ne suffit pas. On doit r\u00e9gler les causes profondes.<\/em>&nbsp;\u00bb<\/p>\n\n\n\n<p>Le pr\u00e9sident a notamment annonc\u00e9 qu\u2019il souhaitait instaurer un accueil de 8 heures \u00e0 18 heures dans tous les coll\u00e8ges des quartiers d&rsquo;\u00e9ducation prioritaire, pour lutter contre l&rsquo;in\u00e9galit\u00e9 scolaire. L\u2019initiative est salu\u00e9e par les habitants. Ce mardi 27 juin sera consacr\u00e9e \u00e0 la th\u00e9matique de l&rsquo;\u00e9ducation, avec la visite d&rsquo;une \u00e9cole primaire en cours de r\u00e9novation.&nbsp;<\/p>\n","protected":false},"excerpt":{"rendered":"<p>Emmanuel Macron est arriv\u00e9 \u00e0 Marseille ce lundi 26 juin pour un d\u00e9placement de trois jours dans la deuxi\u00e8me ville<\/p>\n","protected":false},"author":1,"featured_media":15028,"comment_status":"open","ping_status":"open","sticky":false,"template":"","format":"standard","meta":{"footnotes":""},"categories":[6],"tags":[],"class_list":["post-15027","post","type-post","status-publish","format-standard","has-post-thumbnail","hentry","category-politics"],"_links":{"self":[{"href":"https:\/\/dekkbi.com\/index.php?rest_route=\/wp\/v2\/posts\/15027","targetHints":{"allow":["GET"]}}],"collection":[{"href":"https:\/\/dekkbi.com\/index.php?rest_route=\/wp\/v2\/posts"}],"about":[{"href":"https:\/\/dekkbi.com\/index.php?rest_route=\/wp\/v2\/types\/post"}],"author":[{"embeddable":true,"href":"https:\/\/dekkbi.com\/index.php?rest_route=\/wp\/v2\/users\/1"}],"replies":[{"embeddable":true,"href":"https:\/\/dekkbi.com\/index.php?rest_route=%2Fwp%2Fv2%2Fcomments&post=15027"}],"version-history":[{"count":2,"href":"https:\/\/dekkbi.com\/index.php?rest_route=\/wp\/v2\/posts\/15027\/revisions"}],"predecessor-version":[{"id":15055,"href":"https:\/\/dekkbi.com\/index.php?rest_route=\/wp\/v2\/posts\/15027\/revisions\/15055"}],"wp:featuredmedia":[{"embeddable":true,"href":"https:\/\/dekkbi.com\/index.php?rest_route=\/wp\/v2\/media\/15028"}],"wp:attachment":[{"href":"https:\/\/dekkbi.com\/index.php?rest_route=%2Fwp%2Fv2%2Fmedia&parent=15027"}],"wp:term":[{"taxonomy":"category","embeddable":true,"href":"https:\/\/dekkbi.com\/index.php?rest_route=%2Fwp%2Fv2%2Fcategories&post=15027"},{"taxonomy":"post_tag","embeddable":true,"href":"https:\/\/dekkbi.com\/index.php?rest_route=%2Fwp%2Fv2%2Ftags&post=15027"}],"curies":[{"name":"wp","href":"https:\/\/api.w.org\/{rel}","templated":true}]}}