{"id":14990,"date":"2023-06-26T16:36:06","date_gmt":"2023-06-26T16:36:06","guid":{"rendered":"https:\/\/dekkbi.com\/?p=14990"},"modified":"2023-06-26T16:36:06","modified_gmt":"2023-06-26T16:36:06","slug":"armee-des-militaires-liberes-sont-rappeles-a-lactivite","status":"publish","type":"post","link":"https:\/\/dekkbi.com\/?p=14990","title":{"rendered":"Arm\u00e9e: des militaires lib\u00e9r\u00e9s sont rappel\u00e9s \u00e0 l&rsquo;activit\u00e9"},"content":{"rendered":"\n<p>Apr\u00e8s la gendarmerie nationale, l&rsquo;arm\u00e9e renforce ses effectifs. C&rsquo;est dans ce cadre que les personnels militaires de la disponibilit\u00e9, issus des contingents 2019\/3, 2020\/1, 2020\/2, 2020\/3 et 2021\/1, lib\u00e9r\u00e9s au terme de leur dur\u00e9e l\u00e9gale, sont rappel\u00e9s \u00e0 l&rsquo;activit\u00e9, selon un document officiel parcouru par Seneweb.<br>Cette d\u00e9cision va entrer en vigueur le premier juillet prochain.<br>\u00a0\u00bb [&#8230;]Article premier.- A compter du 1er juillet 2023, les personnels militaires de la disponibilit\u00e9, issus des contingents 2019\/3, 2020\/1, 2020\/2, 2020\/3 et 2021\/1, lib\u00e9r\u00e9s au terme de leur dur\u00e9e l\u00e9gale, sont rappel\u00e9s \u00e0 l&rsquo;activit\u00e9.<br>Article 2- Le Chef d&rsquo;Etat-major g\u00e9n\u00e9ral des Arm\u00e9es et le Directeur des personnels militaires et de la Mobilisation sont charges, chacun en ce qui le concerne de l&rsquo;ex\u00e9cution de la pr\u00e9sente d\u00e9cision\u00a0\u00bb lit-on dans le document sign\u00e9 par le ministre Sidiki KABA le 21 juin dernier.<\/p>\n\n\n\n<p>Source &#8211; seneweb<\/p>\n","protected":false},"excerpt":{"rendered":"<p>Apr\u00e8s la gendarmerie nationale, l&rsquo;arm\u00e9e renforce ses effectifs. C&rsquo;est dans ce cadre que les personnels militaires de la disponibilit\u00e9, issus<\/p>\n","protected":false},"author":1,"featured_media":14991,"comment_status":"open","ping_status":"open","sticky":false,"template":"","format":"standard","meta":{"footnotes":""},"categories":[21],"tags":[],"class_list":["post-14990","post","type-post","status-publish","format-standard","has-post-thumbnail","hentry","category-societe"],"_links":{"self":[{"href":"https:\/\/dekkbi.com\/index.php?rest_route=\/wp\/v2\/posts\/14990","targetHints":{"allow":["GET"]}}],"collection":[{"href":"https:\/\/dekkbi.com\/index.php?rest_route=\/wp\/v2\/posts"}],"about":[{"href":"https:\/\/dekkbi.com\/index.php?rest_route=\/wp\/v2\/types\/post"}],"author":[{"embeddable":true,"href":"https:\/\/dekkbi.com\/index.php?rest_route=\/wp\/v2\/users\/1"}],"replies":[{"embeddable":true,"href":"https:\/\/dekkbi.com\/index.php?rest_route=%2Fwp%2Fv2%2Fcomments&post=14990"}],"version-history":[{"count":1,"href":"https:\/\/dekkbi.com\/index.php?rest_route=\/wp\/v2\/posts\/14990\/revisions"}],"predecessor-version":[{"id":14992,"href":"https:\/\/dekkbi.com\/index.php?rest_route=\/wp\/v2\/posts\/14990\/revisions\/14992"}],"wp:featuredmedia":[{"embeddable":true,"href":"https:\/\/dekkbi.com\/index.php?rest_route=\/wp\/v2\/media\/14991"}],"wp:attachment":[{"href":"https:\/\/dekkbi.com\/index.php?rest_route=%2Fwp%2Fv2%2Fmedia&parent=14990"}],"wp:term":[{"taxonomy":"category","embeddable":true,"href":"https:\/\/dekkbi.com\/index.php?rest_route=%2Fwp%2Fv2%2Fcategories&post=14990"},{"taxonomy":"post_tag","embeddable":true,"href":"https:\/\/dekkbi.com\/index.php?rest_route=%2Fwp%2Fv2%2Ftags&post=14990"}],"curies":[{"name":"wp","href":"https:\/\/api.w.org\/{rel}","templated":true}]}}