{"id":14984,"date":"2023-06-26T16:01:52","date_gmt":"2023-06-26T16:01:52","guid":{"rendered":"https:\/\/dekkbi.com\/?p=14984"},"modified":"2023-06-26T16:01:53","modified_gmt":"2023-06-26T16:01:53","slug":"manif-de-juin-ce-que-des-senegalais-du-canada-ont-demande-au-premier-ministre-trudeau","status":"publish","type":"post","link":"https:\/\/dekkbi.com\/?p=14984","title":{"rendered":"Manif de juin : Ce que des S\u00e9n\u00e9galais du Canada ont demand\u00e9 au Premier ministre Trudeau"},"content":{"rendered":"\n<p><strong><strong>\u00c7a se corse pour le gouvernement s\u00e9n\u00e9galais au niveau international. Apr\u00e8s les poursuites judiciaires enclench\u00e9es par l\u2019avocat fran\u00e7ais d&rsquo;Ousmane Sonko, Me Juan Branco, qui a saisi la CPI et les juridictions fran\u00e7aises, un collectif de S\u00e9n\u00e9galais \u00e9tablis au Canada a \u00e9crit au Premier ministre canadien. \u00c0 Justin Trudeau, ils ont demand\u00e9 d\u2019appliquer la loi Sergue\u00ef Magnitski aux dirigeants s\u00e9n\u00e9galais, coupables, selon ce collectif, de la mort d\u2019au moins 16 personnes lors des manifestations du d\u00e9but du mois de juin. Voici l\u2019int\u00e9gralit\u00e9 de la lettre que le collectif a envoy\u00e9e \u00e0 Justin Trudeau.<\/strong><\/strong><\/p>\n\n\n\n<p>Objet : Application de la Loi de Sergue\u00ef Magnitski aux dirigeants s\u00e9n\u00e9galais pour violation des droits de l\u2019homme et de la Loi sur les mesures \u00e9conomiques sp\u00e9ciales (L.C.1992, ch.17)<br><br>Monsieur le Premier Ministre,<br>Nous, citoyens(nes) canadiens(nes) d\u2019origine s\u00e9n\u00e9galaise et r\u00e9sidents canadiens d\u2019origine s\u00e9n\u00e9galaise, vous adressons cette lettre afin d\u2019attirer votre attention sur la situation alarmante des droits de l\u2019homme au S\u00e9n\u00e9gal. En tant que citoyens(nes) pr\u00e9occup\u00e9(es) par le respect des valeurs fondamentales de d\u00e9mocratie et de justice, nous vous demandons de consid\u00e9rer l\u2019application de la loi de Sergue\u00ef Magnitski aux dirigeants s\u00e9n\u00e9galais impliqu\u00e9s dans des violations graves des droits humains.<br>Au cours des derniers mois, le S\u00e9n\u00e9gal a \u00e9t\u00e9 le th\u00e9\u00e2tre d\u2019une r\u00e9pression sanglante contre des manifestants pacifiques, entra\u00eenant la mort de plus de 30 personnes innocentes et la d\u00e9tention de plus de 650 prisonniers politiques et d\u2019opinion, dont des journalistes, des \u00e9l\u00e8ves, des enseignants et des membres de la soci\u00e9t\u00e9 civile. Ces actes de violence et de r\u00e9pression flagrante contre des civils d\u00e9sarm\u00e9s sont extr\u00eamement pr\u00e9occupants et en totale violation des principes universels des droits de l\u2019homme.<br>Depuis 2012, aucune \u00e9lection libre et transparente n\u2019a pu \u00eatre organis\u00e9e au S\u00e9n\u00e9gal et la pers\u00e9cution des opposants a \u00e9t\u00e9 lanc\u00e9e depuis que le pr\u00e9sident Macky Sall a d\u00e9clar\u00e9 publiquement son engagement \u00e0 \u00ab r\u00e9duire l\u2019opposition \u00e0 sa plus simple expression \u00bb. La justice a \u00e9t\u00e9 instrumentalis\u00e9e pour mettre les opposants et les critiques \u00e0 son r\u00e9gime en prison ; les manifestations sont syst\u00e9matiquement interdites, r\u00e9prim\u00e9es dans le sang par des armes l\u00e9tales et le recours \u00e0 des mercenaires commun\u00e9ment appel\u00e9s nervis, au service du parti politique pr\u00e9sidentiel.<br>Le Haut-Commissariat de l\u2019ONU aux droits de l\u2019Homme (HCDH) s\u2019est dit \u00ab profond\u00e9mentpr\u00e9occup\u00e9\u00bb par l\u2019\u00e9volution de la situation des droits de l\u2019Homme au S\u00e9n\u00e9gal. L\u2019ONU r\u00e9clame m\u00eame \u00ab une enqu\u00eate ind\u00e9pendante \u00bb. Face \u00e0 une r\u00e9pression meurtri\u00e8re sans pr\u00e9c\u00e9dent, l\u2019organisation Amnesty International a aussi demand\u00e9 aux autorit\u00e9s s\u00e9n\u00e9galaises \u00ab d\u2019enqu\u00eater imm\u00e9diatement de fa\u00e7on ind\u00e9pendante et transparente sur la mort d\u2019au moins vingt-trois personnes, dont 3 enfants, lors des manifestations violentes du 1er et 2 juin 2023 et faire la lumi\u00e8re sur la pr\u00e9sence de<br><br>personnes en civil arm\u00e9es op\u00e9rant aux c\u00f4t\u00e9s des forces de s\u00e9curit\u00e9 \u00bb. Des enfants ont \u00e9t\u00e9 utilis\u00e9s comme des boucliers humains par les forces de d\u00e9fense et de s\u00e9curit\u00e9 (FDS) lors des affrontements. L\u2019UNICEF et plusieurs organisations de protection de l\u2019enfance demandent aussi \u00e0 l\u2019\u00c9tat du S\u00e9n\u00e9gal de \u00ab mener une enqu\u00eate pour situer les responsabilit\u00e9s. \u00bb<br>Le S\u00e9n\u00e9gal \u00e9tait 49e au classement mondial de la libert\u00e9 de la presse en 2021 \u00e9tabli par l\u2019ONG Reporters sans Fronti\u00e8re (RSF). En 2022, il occupe le 73e rang sur un total de 180 pays, soit un recul de 24 points. Les journalistes critiques du pouvoir sont arr\u00eat\u00e9s, avec une volont\u00e9 manifeste de les museler et de les humilier. Les m\u00e9dias internationaux (France 24, Le Monde Afrique, Africa Check, etc.) ont largement document\u00e9 la r\u00e9alit\u00e9 de la pr\u00e9sence des hommes en tenue civile lourdement arm\u00e9s aux c\u00f4t\u00e9s des forces de s\u00e9curit\u00e9. Le m\u00e9dia am\u00e9ricain CNN a aussi fait des reportages d\u00e9montrant que le dictateur Macky Sall \u00ab r\u00e9prime la dissidence \u00bb mais que les jeunes s\u00e9n\u00e9galais qui repr\u00e9sentent l\u2019\u00e9crasante majorit\u00e9 de la population (+de 70%) continuent \u00e0 r\u00e9sister, conform\u00e9ment au droit constitutionnel s\u00e9n\u00e9galais. Une jeunesse consciente qui est d\u00e9cid\u00e9e \u00e0 prendre son destin en main.<\/p>\n\n\n\n<p>L\u2019instrumentalisation de la justice \u00e0 des fins politiques favorables au pouvoir est une r\u00e9alit\u00e9 encore aggrav\u00e9e sous le r\u00e9gime de Macky Sall. Le chef de l\u2019opposition Ousmane Sonko est le seul pr\u00e9tendant du fauteuil pr\u00e9sidentiel \u00e0 avoir \u00e9chapp\u00e9, gr\u00e2ce \u00e0 la d\u00e9termination des jeunes et du peuple s\u00e9n\u00e9galais, \u00e0 l\u2019emprisonnement politique du r\u00e9gime de Macky Sall. N\u00e9anmoins, la maison de monsieur Ousmane Sonko est bunk\u00e9ris\u00e9e par la police du pr\u00e9sident Macky Sall depuis plus de trois semaines, sans aucune d\u00e9cision judiciaire. Ni ses amis, ni ses partisans, ni sa famille, ni ses avocats, ne peuvent lui rendre visite et lui-m\u00eame ne peut sortir les rencontrer. Les principaux adversaires politiques, en l\u2019occurrence l\u2019ancien ministre lib\u00e9ral Karim Wade-exil\u00e9 depuis plus de 2 ans- et l\u2019ancien maire d\u00e9put\u00e9 Khalifa Sall, ont \u00e9t\u00e9 \u00e9cart\u00e9s de mani\u00e8re arbitraire des \u00e9lections pr\u00e9sidentielles de 2019 et continuent de subir les condamnations de la justice de Macky Sall. La volont\u00e9 du pr\u00e9sident Macky Sall de briguer un troisi\u00e8me mandat anticonstitutionnel (article 27, alin\u00e9a 2) et immoral est la source des tensions au S\u00e9n\u00e9gal comme le rappelle souvent son ancienne alli\u00e9e et premi\u00e8re ministre, Aminata Tour\u00e9, qui en fait un combat de principe.<br>La diaspora s\u00e9n\u00e9galaise d\u00e9fend un seul parti, le S\u00e9n\u00e9gal, pour garantir le respect des libert\u00e9s individuelles et l\u2019instauration d\u2019un \u00c9tat de droit. Un des cosignataires avait d\u2019ailleurs alert\u00e9 dans une lettre publique le premier ministre, le 15 septembre 2016, sur la dictature au S\u00e9n\u00e9gal \u00ab M. Trudeau, les gestes pos\u00e9s par le pr\u00e9sident que vous accueillez&nbsp;<\/p>\n\n\n\n<p>sont dignes d\u2019un dictateur \u00bb<br>En tant que pays respectueux des droits de l\u2019homme et des valeurs d\u00e9mocratiques, le Canada a une responsabilit\u00e9 morale d\u2019agir face \u00e0 de telles violations. La loi de Sergue\u00ef Magnitski, qui permet d\u2019imposer des sanctions cibl\u00e9es \u00e0 l\u2019encontre des individus<br><br>responsables de violations des droits de l\u2019homme, ainsi que celle sur les mesures \u00e9conomiques sp\u00e9ciales offrent un cadre l\u00e9gal appropri\u00e9 pour prendre des mesures contre les dirigeants s\u00e9n\u00e9galais impliqu\u00e9s dans ces atrocit\u00e9s, comme cela est fait pour d\u2019autres pays.<br>Nous exhortons donc votre gouvernement \u00e0 prendre la d\u00e9cision d\u2019appliquer ces deux lois aux responsables s\u00e9n\u00e9galais qui sont directement impliqu\u00e9s dans les violations graves des droits de la personne. Cela enverrait un message clair que le Canada ne tol\u00e8re pas les atteintes aux droits fondamentaux et est d\u00e9termin\u00e9 \u00e0 soutenir les victimes de violations des droits de l\u2019homme.<br>En tant que citoyens(nes) canadiens(nes) soucieux(ses) de la justice et de la protection des droits de l\u2019homme, nous vous demandons de prendre des mesures concr\u00e8tes pour garantir que les dirigeants s\u00e9n\u00e9galais responsables de ces atrocit\u00e9s soient tenus pour compte de leurs actions. Cela contribuerait non seulement \u00e0 rendre justice aux victimes, mais aussi \u00e0 dissuader de futures violations des droits de l\u2019homme.<br>Nous vous remercions sinc\u00e8rement de l\u2019attention que vous porterez \u00e0 cette question cruciale. Nous esp\u00e9rons que le Canada continuera \u00e0 jouer un r\u00f4le actif dans la promotion des droits de l\u2019homme et de la justice \u00e0 l\u2019\u00e9chelle internationale.<br>Veuillez agr\u00e9er, Monsieur le Premier Ministre, l\u2019expression de notre plus haute consid\u00e9ration.<br><strong>*Cosignataires<\/strong><\/p>\n\n\n\n<p><strong>Me Pape Kant\u00e9, avocat au Barreau du Qu\u00e9bec\/CanadaM. Doudou Sow, sociologue, auteur et laur\u00e9at du Mois de l\u2019histoire des NoirsM. Lamine Niang, gestionnaire scolaire CSSMBM. Assane Badji, directeur associ\u00e9 cabinet Conseil en ManagementM. Amidou Diao, gestionnaire publicM. Landiata Dieme, entrepreneurM. Khadim Ndiaye, universitaireMme Christiane Diagne, coordinatrice Aar Lii \u00d1u BookMme Ndeye Aissatou Ndiaye, universitaireDr Saliou Mbaye, m\u00e9decin, charg\u00e9 d\u2019enseignement clinique \u00e0 l\u2019Universit\u00e9 de McGill et de LavalMme Ndeye Fatou Mbodji, ing\u00e9nieure dans l\u2019Industrie de la D\u00e9fenseMme Anna Camara, conseill\u00e8re en ressources humainesMme Lucienne Nkaye, fonctionnaire gouvernement Qu\u00e9becMme L\u00e9onie Sophie Ba, planificatrice financi\u00e8reDr Ababacar Thorpe, m\u00e9decin au Canada, charg\u00e9 d\u2019enseignement clinique \u00e0 l\u2019Universit\u00e9 de McGill et de LavalM. Ibrahima Sakho, juristeEn Annexe<\/strong><br>Soulignons que des proc\u00e9dures concernant la p\u00e9riode allant \u00ab de mars 2021 \u00e0 juin 2023 \u00bb pour \u00abcrimes contre l\u2019humanit\u00e9\u00bb contre le pr\u00e9sident Macky Sall sont d\u00e9pos\u00e9es par le c\u00e9l\u00e8bre avocat fran\u00e7ais Juan Branco aupr\u00e8s de la Cour p\u00e9nale internationale (CPI) et devant le p\u00f4le crimes contre l\u2019humanit\u00e9 du tribunal judiciaire de Paris. Ces proc\u00e9dures, comme le r\u00e9v\u00e8le le journal fran\u00e7ais Le Figaro dans son article du 21 juin-et par l\u2019avocat lui-m\u00eame du principal opposant s\u00e9n\u00e9galais Ousmane Sonko et des parties civiles dans sa conf\u00e9rence de presse du 22 juin durant laquelle il brandit \u00ab 4500 \u00e9l\u00e9ments de preuve recueillis \u00bb \u2013 visent \u00e9galement le ministre de l\u2019Int\u00e9rieur Antoine Diome, le g\u00e9n\u00e9ral Moussa Fall, commandant de la gendarmerie, \u00ab ainsi que 112 autres individus \u00bb.<br><br>IV. LES SUSPECTS (p.165-168, document intitul\u00e9 Communication au titre de l\u2019article 15 du statut de Rome visant Monsieur Macky Sall, Monsieur Antoine Felix Diome, Monsieur Moussa Fall ainsi que 109 autres individus concernant la commission de crimes contre l\u2019humanit\u00e9 sur le territoire du S\u00e9n\u00e9gal entre les mois de mars 2021 et de juin 2023)<br><br><strong>PRESIDENCE<\/strong><br><br>Premier cercle<br>Macky SALL<br>Meissa Cell\u00e9 NDIAYE, aide de camp<br>Mariem Faye SALL, femme de Macky Sall<br>Amadou SALL, fils a\u00een\u00e9 du Pr\u00e9sident<br>Farba NGOM, griot, d\u00e9put\u00e9-maire de Agnam Abdoulaye Sall, dit Laye KARA, chauffeur du Pr\u00e9sident<br><br><strong>Cabinet<\/strong><br>Mahammed Dionne, Ministre d\u2019Etat, Secr\u00e9taire g\u00e9n\u00e9ral de la Pr\u00e9sidence (6 avril 2019 -) Mahmoud Saleh, directeur de cabinet (novembre 2020-septembre 2022)<br>Abdoulaye Daouda Diallo, directeur de cabinet (septembre 2022- avril 2023)<br>G\u00e9n\u00e9ral Joseph Mamadou Diop \u2013 Chef d\u2019\u00e9tat-major particulier (22 octobre 2020 \u2013 6 novembre 2022)<br>G\u00e9n\u00e9ral Mbaye Ciss\u00e9 (6 novembre 2022 \u2013 6 avril 2023), depuis CEMGA. G\u00e9n\u00e9ral Oumar Wade (6 avril 2023 -)<br>Yoro Dia, coordinateur de la communication pr\u00e9sidentielle (septembre 2022 \u2013 ) Colonel Adama Gueye, gouverneur militaire (2021-)<br>El Hadji Malick Gu\u00e8ye \u2013 Conseiller sp\u00e9cial du Pr\u00e9sident (novembre 2022 \u2013 ?) Wandifa Dram\u00e9 \u2013 Conseiller sp\u00e9cial du Pr\u00e9sident (14 mars 2023 \u2013 )<br>Ousmane Khouma \u2013 Conseiller juridique (d\u00e9cembre 2022)<br><br><strong>GOUVERNEMENT<\/strong><br>Amadou Ba \u2013 Premier Ministre<br>Antoine Diome \u2013 Ministre de l\u2019int\u00e9rieur<br>Birame Faye \u2013 Ministre aupr\u00e8s du ministre de l\u2019int\u00e9rieur, directeur g\u00e9n\u00e9ral de l\u2019agence<br>s\u00e9curit\u00e9 de proximit\u00e9 (ASP)<br>Sidiki Kaba \u2013 Ministre des forces arm\u00e9es (5 avril 2019 -)<br>Abdoulaye Daouda Diallo \u2013Ministre des finances (7 avril 2021 \u2013 17 septembre 2022), directeur de cabinet de Macky Sall (septembre 2022 \u2013 avril 2023) puis Pr\u00e9sident du CSE (avril 2023 -)<br>Abdou Karim Sall \u2013 Ministre de l\u2019environnement, puis directeur de l\u2019ARTP<br>Doudou Ka \u2013 Ministre des transports<br>Abdou Karim Fofana \u2013 Ministre du commerce, porte-parole du gouvernement<br>Pape Malick Ndour, ministre de la jeunesse<br>Aly NGOUILLE NDIAYE, ministre de l\u2019agriculture, ancien ministre de l\u2019int\u00e9rieur<br>Mame Mbaye Niang, ministre du tourisme<br>Mansour Faye, ministre des infrastructures<br><br><strong>PREFETS<\/strong><br>Mor Talla Tine, pr\u00e9fet de Dakar (juin 2021-)<br>Pr\u00e9d\u00e9cesseur : Alioune Badara SAMB, pr\u00e9fet de Dakar (- juin 2021) Ch\u00e9rif Blondin Ndiaye, pr\u00e9fet de Ziguinchor 166<br>GOUVERNEURS<br>Dakar : Al Hassan Sall<br>Ziguinchor : Guedj DIOUF<br>Sedhiou : Papa Demba Diallo Tambacounda : Oumar Mamadou Blad\u00e9 Saint-Louis : Alioune Badara Samb<br><br><strong>NERVIS<\/strong><br>Amadou Sall Doudou Ka Biram Faye<br>Moustapha Faye, neveu de Biram Faye, cabinet du ministre Pape Malick Ndour, ministre de la jeunesse<br>Aly Ngouille Ndiaye, ministre de l\u2019agriculture<br>Mame Mbaye Niang, ministre du tourisme<br>J\u00e9r\u00f4me Bandiaki, recruteur de nervis, en lien direct avec la Pr\u00e9sidence<br><br>Youssoupha Niang, responsable de l\u2019APR \u00e0 Pattes d\u2019oie, recruteur de nervis, en lien directe avec Mar\u00e8me Faye<br>Cheikh Bakhoum, responsable APR de la Task Force de Dakar<br>Mame Thierno Mendy, homme de main de Cheikh Bakhoum<br>Mounirou Sarr, homme de main de Cheikh Bakhoum<br>Pape Ndiaye, alias Marron, main droite de Youssoupha Niang<br>Ibrahima Ndoye, pr\u00e9sident des marrons de feu<br>Malamine Sonko, responsable financier des nervis de Doudou KA<br>Alpha Omar Sow, relais de Doudou KA \u00e0 Yembeul Nord<br>Issa Sall, Maire de Mbour, recruteur de nervis<br>Mapath\u00e9 Diop, dit \u00ab Bouba Assurance \u00bb, lutteur, recruteur de nervis<br>Khadim Diagne, dit \u00ab Double Moteur \u00bb, lutteur, recruteur de nervis \u00ab Torodo \u00bb, main droite de Khadim Diagne<br><br><strong>GENDARMERIE<\/strong><br>G\u00e9n\u00e9ral Moussa FALL Hauts commandant de la gendarmerie nationale (17 juin 2021- )<br>Chef de cabinet du Haut Commandant: Colonel Pape Souleymane Ciss\u00e9 Karim NDIAYE, aide de camp<br>Pape DIOUF, adjoint emploi-op\u00e9rations:<br>Issa DIACK, chef du centre des renseignements :<br>Cheikh SARR, division de la Documentation:<br>G\u00e9n\u00e9ral Jean-Baptiste TINE, ancien haut commandant de la gendarmerie nationale (15 novembre 2019-17 juin 2021)<br>Thiaka THIAW \u2013 Haut commandant de la gendarmerie nationale en second (juillet 2021-) Commandant de la Gendarmerie mobile ( \u2013 juillet 2021<br>Martin Faye \u2013 Commandant de la gendarmerie territoriale<br>G\u00e9n\u00e9ral Daouda Diop \u2013 Commandant de la Gendarmerie mobile (juillet 2021 -) 167 Lieutenant-colonel Abdou MBENGUE, commandant de la L\u00e9gion Ouest de la gendarmerie (zone 1, Dakar)<br>Colonel \u00c9mile MANGA, commandant l\u00e9gion Nord (Saint-Louis), anciennement Commandant de la l\u00e9gion Kolda<br>Pr\u00e9d\u00e9cesseur: Ibou WATHIE<br>Lieutenant-colonel Maguette MBAYE, commandant de la L\u00e9gion Sud (Casamance)<br>Commandant Aliou NDIAYE, Compagnie de gendarmerie de Dakar Commandant Omar NDOYE, Mbour (Thi\u00e8s)<br><br><strong>POLICE<\/strong><br>Seydou BOCAR YAGUE, directeur g\u00e9n\u00e9ral de la police, auparavant directeur g\u00e9n\u00e9ral adjoint (21 avril 2021-)<br>Ousmane SY, Directeur g\u00e9n\u00e9ral de la police nationale de 2018, o\u00f9 il remplace Oumar Maal, jusqu\u2019aux \u00e9v\u00e9nements de mars 2021<br>Modou Mback\u00e9 DIAGNE, directeur de la s\u00e9curit\u00e9 publique lors des \u00e9v\u00e9nements de mars et avril 2021, promu directeur adjoint de la police nationale le 21 avril 2021<br>Ibrahima DIOP, commissaire de police divisionnaire, directeur de la s\u00e9curit\u00e9 publique entre avril 2021 et aujourd\u2019hui<br>Amady BALD\u00c9, adjoint du directeur \u00e0 la s\u00e9curit\u00e9 publique<br>Arona SY, inspecteur des services de s\u00e9curit\u00e9 (2020 \u2013 21 avril 2021)<br>Amadou Hamady LAM, son successeur, directeur du groupement mobile d\u2019intervention (GMI) lors des \u00e9v\u00e9nements de mars 2021.<br>Ndiaga DIOP, successeur de M. LAM au GMI<br>Masserigne FAYE, commandant de la GMI de Dakar (janvier 2020 \u2013 )<br>Ousmane FALL, commandant de la Brigade d\u2019intervention polyvalente (BIP) Bara SANGHAR\u00c9, commandant de la s\u00fbret\u00e9 urbaine \u00e0 Dakar<br>Mountaga KHOUMA, Commissaire des Parcelles Assainies, Unit\u00e9 15, Dakar Balla KEB\u00c9, Commissaire d\u2019arrondissement, Parcelles Assainies, Unit\u00e9 22, Dakar Malamine MASSALY, Commissaire, Commissariat central de Ziguinchor<br>Khadim NDIAYE, Commissaire d\u2019arrondissement de Thiaroye<br>Abdoulaye BA, Commissaire de Bargny, Lieutenant<br>Cheikh Tidiane Ahmed BADIANE, commandant, Bargny<br>Alioune Badara FALL commandant de la section de recherches de Colobane<br><br><strong>ARM\u00c9E<\/strong><br>Colonel Cheikhou Mouhamadou Lamine Camara, commandant et directeur du g\u00e9nie et des infrastructures des arm\u00e9es<br>Lieutenant-colonel Abdou Niane, bataillon de soutien du G\u00e9nie de Bargny 168<br><br>INCITATEURS A LA COMMISSION DE CRIMES<br><br>X, dite Anita DIOP, influenceur<br>Ahmed Suzanne CALARA, membre de l\u2019APR Abdoulaye Mamadou GUISS\u00c9, homme politique Moustapha DIAKHATE, proche de la Pr\u00e9sidence Ahmed Khalifa NIASS, marabout, homme d\u2019affaires. Khadim SAMB, griot du Pr\u00e9sident<br>Cheikh SECK, d\u00e9put\u00e9<br>Matar DIOP, d\u00e9put\u00e9<br>Aliou Dembourou SOW, d\u00e9put\u00e9<br>Makhtar DIOP, journaliste<br>Cheikh Yerim SECK, journaliste<br>Ibrahima GAYE, responsable jeunesse APR de Saint Louis<br>EXECUTANTS<br>Cheikh Ibrahima DIAW<br>HOMMES D\u2019AFFAIRES<br>Thierno Ndom BA Gabriel PERETZ Marcel ZUCKERMAN Birame COULIBALY<br><br>CADRES DIPLOMATIQUES ETRANGERS : LE CAS DE LA FRANCE<br>Fran\u00e7ois AUDY, Attach\u00e9 de d\u00e9fense pr\u00e8s l\u2019ambassade de France au S\u00e9n\u00e9gal<br>Colonel Jean-Fran\u00e7ois GAUME, chef de la coop\u00e9ration militaire technique au S\u00e9n\u00e9gal de la Gendarmerie Nationale<br>Colonel Alain FOUSSERET, d\u00e9tach\u00e9 aupr\u00e8s du GARSI<br>Lieutenant-colonel Eric GUILLAUMOT, chef du d\u00e9tachement pr\u00e9v\u00f4tal au S\u00e9n\u00e9gal de la Gendarmerie Nationale<br><br>Lieutenant-colonel Michael GUILLERM, attach\u00e9 \u2018S\u00e9curit\u00e9 int\u00e9rieure\u2019 de la Gendarmerie Nationale.<br>Lieutenant Colonel Jer\u00f4me SOULET, directeur des \u00e9tudes du CAOG<br>Khaled BELLEBAD, conseiller technique aupr\u00e8s du ministre de l\u2019int\u00e9rieur<\/p>\n\n\n\n<p>Source &#8211; seneweb<\/p>\n","protected":false},"excerpt":{"rendered":"<p>\u00c7a se corse pour le gouvernement s\u00e9n\u00e9galais au niveau international. Apr\u00e8s les poursuites judiciaires enclench\u00e9es par l\u2019avocat fran\u00e7ais d&rsquo;Ousmane Sonko,<\/p>\n","protected":false},"author":1,"featured_media":14985,"comment_status":"open","ping_status":"open","sticky":false,"template":"","format":"standard","meta":{"footnotes":""},"categories":[6],"tags":[],"class_list":["post-14984","post","type-post","status-publish","format-standard","has-post-thumbnail","hentry","category-politics"],"_links":{"self":[{"href":"https:\/\/dekkbi.com\/index.php?rest_route=\/wp\/v2\/posts\/14984","targetHints":{"allow":["GET"]}}],"collection":[{"href":"https:\/\/dekkbi.com\/index.php?rest_route=\/wp\/v2\/posts"}],"about":[{"href":"https:\/\/dekkbi.com\/index.php?rest_route=\/wp\/v2\/types\/post"}],"author":[{"embeddable":true,"href":"https:\/\/dekkbi.com\/index.php?rest_route=\/wp\/v2\/users\/1"}],"replies":[{"embeddable":true,"href":"https:\/\/dekkbi.com\/index.php?rest_route=%2Fwp%2Fv2%2Fcomments&post=14984"}],"version-history":[{"count":1,"href":"https:\/\/dekkbi.com\/index.php?rest_route=\/wp\/v2\/posts\/14984\/revisions"}],"predecessor-version":[{"id":14986,"href":"https:\/\/dekkbi.com\/index.php?rest_route=\/wp\/v2\/posts\/14984\/revisions\/14986"}],"wp:featuredmedia":[{"embeddable":true,"href":"https:\/\/dekkbi.com\/index.php?rest_route=\/wp\/v2\/media\/14985"}],"wp:attachment":[{"href":"https:\/\/dekkbi.com\/index.php?rest_route=%2Fwp%2Fv2%2Fmedia&parent=14984"}],"wp:term":[{"taxonomy":"category","embeddable":true,"href":"https:\/\/dekkbi.com\/index.php?rest_route=%2Fwp%2Fv2%2Fcategories&post=14984"},{"taxonomy":"post_tag","embeddable":true,"href":"https:\/\/dekkbi.com\/index.php?rest_route=%2Fwp%2Fv2%2Ftags&post=14984"}],"curies":[{"name":"wp","href":"https:\/\/api.w.org\/{rel}","templated":true}]}}