{"id":14977,"date":"2023-06-26T15:07:17","date_gmt":"2023-06-26T15:07:17","guid":{"rendered":"https:\/\/dekkbi.com\/?p=14977"},"modified":"2023-06-26T15:07:18","modified_gmt":"2023-06-26T15:07:18","slug":"france-remaniement-quels-sont-les-ministres-qui-pourraient-etre-evinces-du-gouvernement","status":"publish","type":"post","link":"https:\/\/dekkbi.com\/?p=14977","title":{"rendered":"France\/Remaniement : quels sont les ministres qui pourraient \u00eatre \u00e9vinc\u00e9s du gouvernement ?"},"content":{"rendered":"\n<p>A pr\u00e8s de deux semaines de la date butoir des \u00abcent jours\u00bb fix\u00e9e par Emmanuel Macron pour relancer son quinquennat, les rumeurs d\u2019un remaniement ont refait surface ces derniers jours. A cet \u00e9gard, plusieurs ministres se trouvent sur la sellette. Emmanuel Macron s\u2019est rendu dans la cit\u00e9 phoc\u00e9enne, en compagnie de huit ministres, ce lundi 26 juin, pour lancer l\u2019acte 2 du plan \u00abMarseille en grand\u00bb. Parmi les personnalit\u00e9s non-convi\u00e9es pour ce d\u00e9placement strat\u00e9gique, certaines se trouveraient sur la sellette, alors que les rumeurs \u00e9voquant un remaniement se font de plus en plus pressantes. Les noms de Marl\u00e8ne Schiappa, Pap Ndiaye, Fran\u00e7ois Braun, ou encore Elisabeth Borne sont parmi les plus cit\u00e9s.<br><br>Restera ? Restera pas ? C\u2019est la question ultime qui taraude de nombreux ministres, ces derniers jours, \u00e0 commencer par la locataire de Matignon, Elisabeth Borne, dont le chef de cabinet et son adjoint ont d\u2019ores et d\u00e9j\u00e0 officiellement act\u00e9 leur d\u00e9part. Fragilis\u00e9e depuis l\u2019\u00e9pisode tumultueux des retraites, et \u00e0 l\u2019approche de la fin de la p\u00e9riode des cent jours, aux allures d\u2019ultimatum, la Premi\u00e8re ministre pourrait voir son avenir s\u2019inscrire en pointill\u00e9s \u00e0 Matignon.<\/p>\n\n\n\n<p>Enlis\u00e9e dans l\u2019affaire du Fonds Marianne, et vivement critiqu\u00e9e, parfois m\u00eame depuis son propre camp, apr\u00e8s son interview pol\u00e9mique dans Playboy, Marl\u00e8ne Schiappa semble avoir \u00e9puis\u00e9 tous les cr\u00e9dits qui la maintenaient en odeur de saintet\u00e9 aupr\u00e8s du premier cercle pr\u00e9sidentiel, et notamment d\u2019Emmanuel Macron, qui appr\u00e9ciait, au moins \u00e0 l\u2019\u00e9poque, son franc-parler, ses positions assum\u00e9es, et son c\u00f4t\u00e9 self-made, lui rappelant probablement \u00e0 certains \u00e9gards son propre parcours.<br>Pourtant, aujourd\u2019hui, la donne a bien chang\u00e9 pour la secr\u00e9taire d\u2019Etat \u00e0 l\u2019Economie sociale et solidaire. Clairement menac\u00e9e, elle pourrait \u00eatre invit\u00e9e \u00e0 faire ses valises pour \u00e9viter que les cons\u00e9quences de l\u2019affaire du Fonds Marianne ne viennent trop \u00e9clabousser le gouvernement, qui se veut lanc\u00e9 dans un nouveau projet politique.<br><strong>Pap Ndiaye menac\u00e9&nbsp;<\/strong><\/p>\n\n\n\n<p>Du c\u00f4t\u00e9 de l\u2019Education nationale et de la Sant\u00e9, les deux ministres issus de la soci\u00e9t\u00e9 civile, Pap Ndiaye et Fran\u00e7ois Braun, n\u2019auront finalement jamais r\u00e9ussi \u00e0 faire leur trou dans des minist\u00e8res traditionnellement r\u00e9put\u00e9s pour leur difficult\u00e9. Alors que le premier a vu ses initiatives rabot\u00e9es, parfois m\u00eame dans son propre camp, le second n\u2019a pas r\u00e9ussi \u00e0 marquer de son empreinte une administration en crise, en pleine p\u00e9riode post-Covid. Les deux hommes pourraient faire les frais de leur manque d\u2019exp\u00e9rience \u00e0 des postes de haute responsabilit\u00e9.<\/p>\n\n\n\n<p>Enfin, d\u2019autres ministres aux noms moins ronflants pourraient voir leur place menac\u00e9e, \u00e0 l\u2019image de Franck Riester aux relations avec le Parlement, de Jean-Christophe Combe aux Solidarit\u00e9s, ou encore de Christophe B\u00e9chu et Agn\u00e8s Pannier-Runacher, respectivement \u00e0 l\u2019Ecologie et \u00e0 la Transition \u00e9nerg\u00e9tique, qui ont tous \u00e9t\u00e9 jug\u00e9s peu audibles aupr\u00e8s des Fran\u00e7ais, et qui pourraient se voir remplacer par des profils plus marqu\u00e9s. Si l\u2019objectif d\u2019un remaniement demeure celui d\u2019imprimer un certain renouveau dans le premier cercle du paysage politique, plusieurs ministres ont su faire leur trou, marquer les esprits, ou prouver leur efficacit\u00e9 aupr\u00e8s du chef de l\u2019Etat, et pourraient ainsi conserver leur poste, voire esp\u00e9rer une promotion.<br>C\u2019est notamment le cas de Rima Abdul Malak \u00e0 la Culture, ou encore de Bruno Le Maire \u00e0 Bercy et de Gabriel Attal au Budget. Tous devraient faire partie du prochain casting, avec une petite nuance pour Bruno Le Maire, dont le nom est \u00e9voqu\u00e9 du c\u00f4t\u00e9 de l\u2019Education nationale. E un an des Jeux Olympiques, la ministre des Sports, Am\u00e9lie Oud\u00e9a-Castera, semble elle-aussi bien install\u00e9e.<\/p>\n\n\n\n<p>Source &#8211; rfi<\/p>\n","protected":false},"excerpt":{"rendered":"<p>A pr\u00e8s de deux semaines de la date butoir des \u00abcent jours\u00bb fix\u00e9e par Emmanuel Macron pour relancer son quinquennat,<\/p>\n","protected":false},"author":1,"featured_media":14978,"comment_status":"open","ping_status":"open","sticky":false,"template":"","format":"standard","meta":{"footnotes":""},"categories":[51],"tags":[],"class_list":["post-14977","post","type-post","status-publish","format-standard","has-post-thumbnail","hentry","category-general"],"_links":{"self":[{"href":"https:\/\/dekkbi.com\/index.php?rest_route=\/wp\/v2\/posts\/14977","targetHints":{"allow":["GET"]}}],"collection":[{"href":"https:\/\/dekkbi.com\/index.php?rest_route=\/wp\/v2\/posts"}],"about":[{"href":"https:\/\/dekkbi.com\/index.php?rest_route=\/wp\/v2\/types\/post"}],"author":[{"embeddable":true,"href":"https:\/\/dekkbi.com\/index.php?rest_route=\/wp\/v2\/users\/1"}],"replies":[{"embeddable":true,"href":"https:\/\/dekkbi.com\/index.php?rest_route=%2Fwp%2Fv2%2Fcomments&post=14977"}],"version-history":[{"count":1,"href":"https:\/\/dekkbi.com\/index.php?rest_route=\/wp\/v2\/posts\/14977\/revisions"}],"predecessor-version":[{"id":14979,"href":"https:\/\/dekkbi.com\/index.php?rest_route=\/wp\/v2\/posts\/14977\/revisions\/14979"}],"wp:featuredmedia":[{"embeddable":true,"href":"https:\/\/dekkbi.com\/index.php?rest_route=\/wp\/v2\/media\/14978"}],"wp:attachment":[{"href":"https:\/\/dekkbi.com\/index.php?rest_route=%2Fwp%2Fv2%2Fmedia&parent=14977"}],"wp:term":[{"taxonomy":"category","embeddable":true,"href":"https:\/\/dekkbi.com\/index.php?rest_route=%2Fwp%2Fv2%2Fcategories&post=14977"},{"taxonomy":"post_tag","embeddable":true,"href":"https:\/\/dekkbi.com\/index.php?rest_route=%2Fwp%2Fv2%2Ftags&post=14977"}],"curies":[{"name":"wp","href":"https:\/\/api.w.org\/{rel}","templated":true}]}}