{"id":14961,"date":"2023-06-26T13:03:35","date_gmt":"2023-06-26T13:03:35","guid":{"rendered":"https:\/\/dekkbi.com\/?p=14961"},"modified":"2023-06-26T13:03:36","modified_gmt":"2023-06-26T13:03:36","slug":"developpement-durable-de-la-sous-region","status":"publish","type":"post","link":"https:\/\/dekkbi.com\/?p=14961","title":{"rendered":"D\u00e9veloppement durable de la sous-r\u00e9gion"},"content":{"rendered":"\n<p><strong>Le Gouvernement du S\u00e9n\u00e9gal, \u00e0 travers le Minist\u00e8re de l\u2019Economie, du Plan et de la Coop\u00e9ration, a proc\u00e9d\u00e9 Jeudi, \u00e0 Dakar, au lancement des travaux du Forum R\u00e9gional des Organisations intergouvernementales de l\u2019Afrique de l\u2019Ouest sur : \u00ab Promouvoir les cha\u00eenes de valeur r\u00e9gionales et la s\u00e9curit\u00e9 alimentaire pour renforcer l&rsquo;int\u00e9gration r\u00e9gionale et le d\u00e9veloppement durable en Afrique de l&rsquo;Ouest \u00bb.<\/strong><\/p>\n\n\n\n<p>Selon un communiqu\u00e9 de presse, cette rencontre qui s\u2019est tenu du 22 au 23 juin est organis\u00e9e par le Bureau sous r\u00e9gional pour l\u2019Afrique de l\u2019Ouest de la Commission \u00e9conomique des Nations Unies pour l\u2019Afrique (Bsr-Ao\/Cea), en partenariat avec le Minist\u00e8re s\u00e9n\u00e9galais de l\u2019Economie, du Plan et de la Coop\u00e9ration, la Communaut\u00e9 \u00e9conomique des Etats de l\u2019Afrique de l\u2019Ouest (Cedeao), le Comit\u00e9 inter Etats de lutte contre la s\u00e9cheresse dans le Sahel (Cilss) et le Programme alimentaire mondial (Pam).<\/p>\n\n\n\n<p>Ce forum r\u00e9gional a pour objectif principal de renforcer le partenariat pour le d\u00e9veloppement durable entre les entit\u00e9s du syst\u00e8me des Nations Unies repr\u00e9sent\u00e9es par la Cea, le Pam et les autres agences des Nations Unies, d&rsquo;une part, et la Cedeao, l&rsquo;Union \u00e9conomique et mon\u00e9taire ouest africaine (Uemoa), le Cilss et les autres organisations intergouvernementales d&rsquo;Afrique de l&rsquo;Ouest, d&rsquo;autre part.<\/p>\n\n\n\n<p>Dans l\u2019allocution qu\u2019il a prononc\u00e9e \u00e0 l\u2019ouverture des travaux, le Coordonnateur de la Direction G\u00e9n\u00e9rale du Plan et des Politiques Economiques au Minist\u00e8re de l\u2019Economie, du Plan et de la Coop\u00e9ration du S\u00e9n\u00e9gal, Monsieur Souleymane Diallo a affirm\u00e9 que \u00ab C\u2019est toujours avec un engagement constant que le S\u00e9n\u00e9gal se place en premi\u00e8re ligne pour appuyer les efforts pour un approfondissement de l\u2019int\u00e9gration r\u00e9gionale, tant au niveau continental que r\u00e9gional \u00bb.<\/p>\n\n\n\n<p>Pour sa part, la directrice du Bsr-Ao\/Cea, Ngone Diop a affirm\u00e9 que le signal d\u2019alarme lanc\u00e9 en avril par le R\u00e9seau de pr\u00e9vention des crises alimentaires (Rpca) avec pr\u00e8s de 42.5 millions de personnes qui seraient menac\u00e9es par la crise alimentaire et nutritionnelle au Sahel et en Afrique de l\u2019Ouest pendant la soudure (juin-ao\u00fbt 2023), nous interpelle tous et appelle des actions \u00e0 la fois imm\u00e9diates et \u00e0 moyen et long terme.<\/p>\n\n\n\n<p>Pour cela, poursuit la Directrice du Bsr-Ao\/Cea, la Cea pr\u00e9conise une mobilisation des ressources financi\u00e8res nouvelles et un d\u00e9veloppement des chaines de valeurs.<\/p>\n\n\n\n<p>\u00ab En apportant des r\u00e9ponses idoines \u00e0 ces deux probl\u00e9matiques que sont la promotion des chaines de valeurs et de la s\u00e9curit\u00e9 alimentaire, nous contribuerons \u00e0 l\u2019acc\u00e9l\u00e9ration de la mise \u0153uvre des Agenda 2030 et 2063 \u00e0 travers notamment la r\u00e9duction de la pauvret\u00e9, la r\u00e9alisation de la s\u00e9curit\u00e9 alimentaire, la promotion du travail d\u00e9cent et de la croissance durable, l\u2019industrialisation inclusive et durable et la production et la consommation durables \u00bb, a d\u00e9clar\u00e9 Mme Aminata Maiga, &nbsp;Coordonnatrice du Syst\u00e8me des Nations Unies au S\u00e9n\u00e9gal.<\/p>\n\n\n\n<p>La Directrice r\u00e9gionale adjointe pour l\u2019Afrique de l\u2019Ouest du Pam, Mme Evelyn Etti estime, pour sa part, que dans un contexte de plus en plus complexe, nous devons tirer parti de notre capacit\u00e9 d\u2019analyse collective pour apporter des solutions durables aux probl\u00e8mes syst\u00e9miques qui entravent le d\u00e9veloppement de syst\u00e8mes alimentaires durables.<\/p>\n\n\n\n<p>Quant au repr\u00e9sentant de la Commission de la Cedeao, Abdoulaye Zonon, il a dit que la r\u00e9gion de l\u2019Afrique de l\u2019Ouest continue \u00e0 subir de plein fouet les cons\u00e9quences de la Covid-19 et de la crise ukrainienne qui se sont caract\u00e9ris\u00e9es par un ralentissement consid\u00e9rable de la croissance \u00e9conomique impactant n\u00e9gativement le bien-\u00eatre des populations tout en fragilisant l\u2019\u00e9quilibre que connaissent certains pays confront\u00e9s \u00e0 l\u2019instabilit\u00e9 politique.<\/p>\n\n\n\n<p>Source &#8211; lejecos<\/p>\n","protected":false},"excerpt":{"rendered":"<p>Le Gouvernement du S\u00e9n\u00e9gal, \u00e0 travers le Minist\u00e8re de l\u2019Economie, du Plan et de la Coop\u00e9ration, a proc\u00e9d\u00e9 Jeudi, \u00e0<\/p>\n","protected":false},"author":1,"featured_media":14962,"comment_status":"open","ping_status":"open","sticky":false,"template":"","format":"standard","meta":{"footnotes":""},"categories":[3],"tags":[],"class_list":["post-14961","post","type-post","status-publish","format-standard","has-post-thumbnail","hentry","category-event-more-news"],"_links":{"self":[{"href":"https:\/\/dekkbi.com\/index.php?rest_route=\/wp\/v2\/posts\/14961","targetHints":{"allow":["GET"]}}],"collection":[{"href":"https:\/\/dekkbi.com\/index.php?rest_route=\/wp\/v2\/posts"}],"about":[{"href":"https:\/\/dekkbi.com\/index.php?rest_route=\/wp\/v2\/types\/post"}],"author":[{"embeddable":true,"href":"https:\/\/dekkbi.com\/index.php?rest_route=\/wp\/v2\/users\/1"}],"replies":[{"embeddable":true,"href":"https:\/\/dekkbi.com\/index.php?rest_route=%2Fwp%2Fv2%2Fcomments&post=14961"}],"version-history":[{"count":1,"href":"https:\/\/dekkbi.com\/index.php?rest_route=\/wp\/v2\/posts\/14961\/revisions"}],"predecessor-version":[{"id":14963,"href":"https:\/\/dekkbi.com\/index.php?rest_route=\/wp\/v2\/posts\/14961\/revisions\/14963"}],"wp:featuredmedia":[{"embeddable":true,"href":"https:\/\/dekkbi.com\/index.php?rest_route=\/wp\/v2\/media\/14962"}],"wp:attachment":[{"href":"https:\/\/dekkbi.com\/index.php?rest_route=%2Fwp%2Fv2%2Fmedia&parent=14961"}],"wp:term":[{"taxonomy":"category","embeddable":true,"href":"https:\/\/dekkbi.com\/index.php?rest_route=%2Fwp%2Fv2%2Fcategories&post=14961"},{"taxonomy":"post_tag","embeddable":true,"href":"https:\/\/dekkbi.com\/index.php?rest_route=%2Fwp%2Fv2%2Ftags&post=14961"}],"curies":[{"name":"wp","href":"https:\/\/api.w.org\/{rel}","templated":true}]}}