{"id":14949,"date":"2023-06-26T12:37:26","date_gmt":"2023-06-26T12:37:26","guid":{"rendered":"https:\/\/dekkbi.com\/?p=14949"},"modified":"2023-06-26T12:37:26","modified_gmt":"2023-06-26T12:37:26","slug":"conclusions-du-dialogue-national-dr-abdourahmane-diouf-parle-d-un-arrangement-entre-amis","status":"publish","type":"post","link":"https:\/\/dekkbi.com\/?p=14949","title":{"rendered":"Conclusions du dialogue national : Dr. Abdourahmane Diouf parle d\u2019 \u00ab un arrangement entre amis \u00bb"},"content":{"rendered":"\n<p><strong>Invit\u00e9 de l\u2019\u00e9mission \u00ab\u00a0Objection\u00a0\u00bb du dimanche 25 juin 2023, sur les ondes de la radio SUD FM (priv\u00e9), Dr. Abdourahmane Diouf, pr\u00e9sident du parti Awal\u00e9, par ailleurs, membre de la plateforme F24, consid\u00e8re le dialogue national, comme \u00e9tant un \u00ab arrangement entre amis \u00bb. Le pr\u00e9sident du parti Awal\u00e9 estime que quand on en arrive \u00e0 des conclusions qui donnent l\u2019\u00e9ligibilit\u00e9 \u00e0 deux, en ne traitant pas le cas du troisi\u00e8me, cela donne clairement le signal que ce n\u2019\u00e9tait pas un dialogue sinc\u00e8re.<\/strong><\/p>\n\n\n\n<p>\u00ab&nbsp;<em>Ce qui s\u2019est pass\u00e9 le 31 mai au Palais du Pr\u00e9sident Macky Sall et ce que je vois, je suis d\u00e9sol\u00e9 de le dire, je n\u2019ai pas d\u2019autres mots, ce n\u2019est pas un dialogue national, c\u2019est un arrangement entre amis. C\u2019est des petits arrangements entre amis<\/em>&nbsp;\u00bb, a d\u00e9clar\u00e9 dans l\u2019\u00e9mission \u00ab\u00a0Objection\u00a0\u00bb, Dr. Abdourahmane Diouf, pr\u00e9sident du Parti Awal\u00e9, par ailleurs membre de la plateforme F24. Et d\u2019expliquer dans la foul\u00e9e : \u00ab&nbsp;<em>Parce que d\u00e9j\u00e0, on a exclu que d\u2019autres puissent avoir un point de vue diff\u00e9rent. Mais, regardez ce qu\u2019ils nous proposent aujourd\u2019hui comme conclusions. On a beaucoup parl\u00e9 de l\u2019\u00e9ligibilit\u00e9 de certains membres de l\u2019opposition<\/em>\u00bb.<\/p>\n\n\n\n<p>\u00ab<em>Ces deux opposants sont all\u00e9s chercher \u00e7a. Ils sont all\u00e9s chercher entre les mains du Pr\u00e9sident, la mise en \u0153uvre des pr\u00e9rogatives que la Constitution et la loi permettent. On ne peut pas leur en vouloir<\/em>&nbsp;\u00bb, a soulign\u00e9 le pr\u00e9sident du Parti Awal\u00e9.<\/p>\n\n\n\n<p>Toutefois, il rappelle qu\u2019 \u00ab&nbsp;<em>Ousmane Sonko est condamn\u00e9 pour un d\u00e9lit, m\u00eame si il n\u2019a pas \u00e9puis\u00e9 ses recours. Khalifa Sall est condamn\u00e9 pour un d\u00e9lit. Karim Wade est condamn\u00e9 pour un d\u00e9lit. Si tant est que la finalit\u00e9 du dialogue, c\u2019est la paix sociale, ces trois doivent avoir le m\u00eame traitement. Absolument !&nbsp;<\/em>\u00bb.<\/p>\n\n\n\n<p>\u00ab&nbsp;<em>Ces trois d\u00e9lits, d\u2019aucuns m\u00eame peuvent penser que les d\u00e9lits de Karim et Khalifa sont plus s\u00e9v\u00e8res, parce qu\u2019ils avaient eu affaire \u00e0 l\u2019Etat du S\u00e9n\u00e9gal, alors qu\u2019Ousmane Sonko a affaire \u00e0 un priv\u00e9, notamment dans l\u2019affaire en diffamation avec Mame Mbaye Niang<\/em>&nbsp;\u00bb, a relev\u00e9 le candidat d\u00e9clar\u00e9 \u00e0 la pr\u00e9sidentielle de f\u00e9vrier 2024.<\/p>\n\n\n\n<p>A ce titre, dira-t-il, \u00ab<em>quand on en arrive \u00e0 des conclusions qui donnent l\u2019\u00e9ligibilit\u00e9 aux deux, en ne traitant pas le cas du troisi\u00e8me, on est clairement dans des petits arrangements entre amis et \u00e7a donne clairement, le signal que ce n\u2019\u00e9tait pas un dialogue sinc\u00e8re. Et on a l\u2019impression que se sont des conclusions qui ont \u00e9t\u00e9 obtenues depuis longtemps et qu\u2019il fallait juste leur donner des parures de l\u00e9gitimit\u00e9 \u00e0 travers le dialogue<\/em>\u00bb.<\/p>\n\n\n\n<p>Qui plus est, a-t-il dit, \u00ab&nbsp;<em>parce que l\u00e0, on est dans la discrimination entre les candidats qui font face \u00e0 la justice et qui pouvaient \u00eatre r\u00e9habilit\u00e9s pour une paix sociale. Aujourd\u2019hui, ce n\u2019est pas le cas. Il a choisi ses candidats \u00e0 r\u00e9habiliter et nous, l\u2019impression que nous avons, c\u2019est qu\u2019il veut avoir une \u00e9lection et exclure tous ceux qui sont d\u2019une autre g\u00e9n\u00e9ration et qui voient les choses autrement&nbsp;<\/em>\u00bb, a constat\u00e9 Dr. Diouf.<\/p>\n\n\n\n<p>Mais en revanche, pr\u00e9vient le membre du F24, \u00ab<em>ils ne peuvent pas offrir au pr\u00e9sident de la R\u00e9publique, rien d\u2019autre qui ne soit d\u00e9j\u00e0 dans la Constitution et dans les lois. Ceux qui sont cens\u00e9s lui donner, n\u2019ont rien \u00e0 lui donner. Ni Khalifa Sall ni Karim Wade ni la soci\u00e9t\u00e9 civile ni aucun membre de l\u2019opposition ou soci\u00e9t\u00e9 civile participant \u00e0 ce dialogue, ne peuvent garantir \u00e0 Macky Sall, une participation pour une troisi\u00e8me candidature ou comme on l\u2019a dit en un moment donn\u00e9, une extension de son mandat actuel pour deux ans suppl\u00e9mentaires<\/em>\u00bb.<\/p>\n\n\n\n<p>Dr. Diouf a par ailleurs d\u00e9nonc\u00e9 l\u2019absence de d\u00e9mocratie au S\u00e9n\u00e9gal. \u00ab&nbsp;<em>Je dois pr\u00e9ciser qu\u2019il y a absence de d\u00e9mocratie au S\u00e9n\u00e9gal, parce que le jour de lancement de ce que nous appelons dialogue du peuple au niveau du F24, on nous a retrouv\u00e9s juste dans une maison, qui est une propri\u00e9t\u00e9 priv\u00e9e, qui est le si\u00e8ge du pr\u00e9sident Malick Gakou, pour d\u00e9loger les membres du F24&nbsp;<\/em>\u00bb, a-t-il d\u00e9nonc\u00e9. \u00ab&nbsp;<em>C\u2019est un scandale, il faut le dire. Nous sommes dans un pays o\u00f9 les oppositions peuvent \u00eatre vivaces, mais nous avons \u00e0 chaque fois su garder nos libert\u00e9s d\u2019expression&nbsp;<\/em>\u00bb, mart\u00e8le le pr\u00e9sident de Awal\u00e9.<\/p>\n\n\n\n<p>Source &#8211; <strong>Sud Quotidien<\/strong><\/p>\n","protected":false},"excerpt":{"rendered":"<p>Invit\u00e9 de l\u2019\u00e9mission \u00ab\u00a0Objection\u00a0\u00bb du dimanche 25 juin 2023, sur les ondes de la radio SUD FM (priv\u00e9), Dr. Abdourahmane<\/p>\n","protected":false},"author":1,"featured_media":14950,"comment_status":"open","ping_status":"open","sticky":false,"template":"","format":"standard","meta":{"footnotes":""},"categories":[6],"tags":[],"class_list":["post-14949","post","type-post","status-publish","format-standard","has-post-thumbnail","hentry","category-politics"],"_links":{"self":[{"href":"https:\/\/dekkbi.com\/index.php?rest_route=\/wp\/v2\/posts\/14949","targetHints":{"allow":["GET"]}}],"collection":[{"href":"https:\/\/dekkbi.com\/index.php?rest_route=\/wp\/v2\/posts"}],"about":[{"href":"https:\/\/dekkbi.com\/index.php?rest_route=\/wp\/v2\/types\/post"}],"author":[{"embeddable":true,"href":"https:\/\/dekkbi.com\/index.php?rest_route=\/wp\/v2\/users\/1"}],"replies":[{"embeddable":true,"href":"https:\/\/dekkbi.com\/index.php?rest_route=%2Fwp%2Fv2%2Fcomments&post=14949"}],"version-history":[{"count":1,"href":"https:\/\/dekkbi.com\/index.php?rest_route=\/wp\/v2\/posts\/14949\/revisions"}],"predecessor-version":[{"id":14951,"href":"https:\/\/dekkbi.com\/index.php?rest_route=\/wp\/v2\/posts\/14949\/revisions\/14951"}],"wp:featuredmedia":[{"embeddable":true,"href":"https:\/\/dekkbi.com\/index.php?rest_route=\/wp\/v2\/media\/14950"}],"wp:attachment":[{"href":"https:\/\/dekkbi.com\/index.php?rest_route=%2Fwp%2Fv2%2Fmedia&parent=14949"}],"wp:term":[{"taxonomy":"category","embeddable":true,"href":"https:\/\/dekkbi.com\/index.php?rest_route=%2Fwp%2Fv2%2Fcategories&post=14949"},{"taxonomy":"post_tag","embeddable":true,"href":"https:\/\/dekkbi.com\/index.php?rest_route=%2Fwp%2Fv2%2Ftags&post=14949"}],"curies":[{"name":"wp","href":"https:\/\/api.w.org\/{rel}","templated":true}]}}