{"id":14946,"date":"2023-06-26T12:27:08","date_gmt":"2023-06-26T12:27:08","guid":{"rendered":"https:\/\/dekkbi.com\/?p=14946"},"modified":"2023-06-26T12:27:08","modified_gmt":"2023-06-26T12:27:08","slug":"yewwi-askan-wi-denonce-la-repression-et-exige-la-liberation-dousmane-sonko","status":"publish","type":"post","link":"https:\/\/dekkbi.com\/?p=14946","title":{"rendered":"Yewwi Askan Wi d\u00e9nonce la r\u00e9pression et exige la lib\u00e9ration d&rsquo;Ousmane Sonko"},"content":{"rendered":"\n<p>Ce dimanche 25 juin, les leaders de la Coalition Yewwi Askan Wi s&rsquo;est rendue \u00e0 la Cit\u00e9 Keur Gorgui pour exiger la lev\u00e9e du \u00ab\u00a0blocus arbitraire et ill\u00e9gal\u00a0\u00bb impos\u00e9 \u00e0 Ousmane Sonko et \u00e0 sa famille, conform\u00e9ment \u00e0 son plan d&rsquo;action. Dans un communiqu\u00e9, la coalition exprime sa compassion envers le peuple s\u00e9n\u00e9galais, qui fait face \u00e0 des \u00ab\u00a0violences et agressions physiques et psychologiques\u00a0\u00bb ainsi qu&rsquo;\u00e0 une situation marqu\u00e9e par la pauvret\u00e9 et le d\u00e9nuement \u00e0 l&rsquo;approche de la Tabaski.<br>Les leaders de la coalition justifient leur initiative du jour par la c\u00e9l\u00e9bration de l\u2019Eid qui aura lieu dans quelques jours : \u00ab Comprenant parfaitement les difficult\u00e9s des s\u00e9n\u00e9galais et leurs appels, la coalition a acc\u00e9d\u00e9 \u00e0 une demande d&rsquo;Ousmane Sonko lui-m\u00eame consistant \u00e0 tout faire pour \u00e9pargner les s\u00e9n\u00e9galais de d\u00e9sagr\u00e9ments et d&rsquo;\u00e9ventuels troubles pouvant impacter les activit\u00e9s marchandes du petit peuple qui n&rsquo;a que cette p\u00e9riode pour avoir un peu de revenus \u00bb.La coalition d\u00e9nonce vigoureusement la \u00ab\u00a0r\u00e9pression excessive et disproportionn\u00e9e\u00a0\u00bb exerc\u00e9e, selon elle, par le pr\u00e9sident de la r\u00e9publique Macky Sall et son r\u00e9gime \u00e0 l&rsquo;encontre des leaders politiques et des manifestants pacifiques. Elle demande la lib\u00e9ration \u00ab imm\u00e9diate \u00bb des quatre d\u00e9put\u00e9s plac\u00e9s en garde \u00e0 vue ainsi que d&rsquo;une dizaine de militants de Yewwi Askan Wi, qui ont \u00e9t\u00e9 arr\u00eat\u00e9s en \u00ab\u00a0violation de leurs droits\u00a0\u00bb. La lib\u00e9ration de tous les prisonniers politiques est \u00e9galement r\u00e9clam\u00e9e.La situation de l&rsquo;opposant Ousmane Sonko est \u00e9galement mise en avant, soulignant que son assignation \u00e0 r\u00e9sidence depuis pr\u00e8s de quatre semaines est d\u00e9pourvue de \u00ab\u00a0base l\u00e9gale\u00a0\u00bb. La coalition est convaincue que le chef de l\u2019Etat continuera dans sa voie \u00ab\u00a0belliqueuse et tyrannique\u00a0\u00bb, cherchant \u00e0 priver Sonko de son droit de pratiquer sa religion avec sa famille.Face \u00e0 cette perspective qu\u2019elle qualifie d\u2019 \u00ab inacceptable \u00bb, la coalition Yewwi Askan Wi appelle le peuple s\u00e9n\u00e9galais \u00e0 s&rsquo;opposer \u00e0 cette \u00ab\u00a0forfaiture sans pr\u00e9c\u00e9dent\u00a0\u00bb. Elle r\u00e9affirme sa d\u00e9termination \u00e0 obtenir la \u00ab\u00a0lib\u00e9ration imm\u00e9diate d&rsquo;Ousmane Sonko\u00a0\u00bb et assure l&rsquo;opinion nationale et internationale de ses efforts in\u00e9puisables en faveur du recouvrement des droits de Sonko.<\/p>\n\n\n\n<p>Source &#8211; sudquotidien<\/p>\n","protected":false},"excerpt":{"rendered":"<p>Ce dimanche 25 juin, les leaders de la Coalition Yewwi Askan Wi s&rsquo;est rendue \u00e0 la Cit\u00e9 Keur Gorgui pour<\/p>\n","protected":false},"author":1,"featured_media":14947,"comment_status":"open","ping_status":"open","sticky":false,"template":"","format":"standard","meta":{"footnotes":""},"categories":[6],"tags":[],"class_list":["post-14946","post","type-post","status-publish","format-standard","has-post-thumbnail","hentry","category-politics"],"_links":{"self":[{"href":"https:\/\/dekkbi.com\/index.php?rest_route=\/wp\/v2\/posts\/14946","targetHints":{"allow":["GET"]}}],"collection":[{"href":"https:\/\/dekkbi.com\/index.php?rest_route=\/wp\/v2\/posts"}],"about":[{"href":"https:\/\/dekkbi.com\/index.php?rest_route=\/wp\/v2\/types\/post"}],"author":[{"embeddable":true,"href":"https:\/\/dekkbi.com\/index.php?rest_route=\/wp\/v2\/users\/1"}],"replies":[{"embeddable":true,"href":"https:\/\/dekkbi.com\/index.php?rest_route=%2Fwp%2Fv2%2Fcomments&post=14946"}],"version-history":[{"count":1,"href":"https:\/\/dekkbi.com\/index.php?rest_route=\/wp\/v2\/posts\/14946\/revisions"}],"predecessor-version":[{"id":14948,"href":"https:\/\/dekkbi.com\/index.php?rest_route=\/wp\/v2\/posts\/14946\/revisions\/14948"}],"wp:featuredmedia":[{"embeddable":true,"href":"https:\/\/dekkbi.com\/index.php?rest_route=\/wp\/v2\/media\/14947"}],"wp:attachment":[{"href":"https:\/\/dekkbi.com\/index.php?rest_route=%2Fwp%2Fv2%2Fmedia&parent=14946"}],"wp:term":[{"taxonomy":"category","embeddable":true,"href":"https:\/\/dekkbi.com\/index.php?rest_route=%2Fwp%2Fv2%2Fcategories&post=14946"},{"taxonomy":"post_tag","embeddable":true,"href":"https:\/\/dekkbi.com\/index.php?rest_route=%2Fwp%2Fv2%2Ftags&post=14946"}],"curies":[{"name":"wp","href":"https:\/\/api.w.org\/{rel}","templated":true}]}}