{"id":14922,"date":"2023-06-26T11:13:22","date_gmt":"2023-06-26T11:13:22","guid":{"rendered":"https:\/\/dekkbi.com\/?p=14922"},"modified":"2023-06-26T11:13:22","modified_gmt":"2023-06-26T11:13:22","slug":"les-quotidiens-sinterrogent-sur-ce-que-dira-macky-sall-de-sa-supposee-candidature","status":"publish","type":"post","link":"https:\/\/dekkbi.com\/?p=14922","title":{"rendered":"Les quotidiens s\u2019interrogent sur ce que dira Macky Sall de sa suppos\u00e9e candidature"},"content":{"rendered":"\n<p>Les conclusions du dialogue national sont le sujet favori des quotidiens de ce lundi, dont une partie attend avec impatience ce que dira Macky Sall quant \u00e0 sa suppos\u00e9e candidature \u00e0 l\u2019\u00e9lection pr\u00e9sidentielle de 2024.<\/p>\n\n\n\n<p>En recevant les conclusions du dialogue national, samedi, au palais de la R\u00e9publique, Macky Sall a promis de dire, apr\u00e8s la f\u00eate de Tabaski pr\u00e9vue jeudi prochain, s\u2019il sera candidat ou pas \u00e0 l\u2019\u00e9lection pr\u00e9sidentielle du 25 f\u00e9vrier 2024.<\/p>\n\n\n\n<p>EnQu\u00eate signale qu\u2019\u2018\u2019aucune avanc\u00e9e majeure n\u2019a \u00e9t\u00e9 not\u00e9e\u2019\u2019 sur \u2018\u2019les questions pour lesquelles le pouvoir est souvent point\u00e9 du doigt\u2019\u2019.<\/p>\n\n\n\n<p>Par exemple, \u2018\u2019si les trois quarts des participants affirment la n\u00e9cessit\u00e9 d\u2019un organe ind\u00e9pendant charg\u00e9 de l\u2019organisation des \u00e9lections, avec une personnalit\u00e9 consensuelle \u00e0 sa t\u00eate, la majorit\u00e9 retient que le syst\u00e8me actuel a suffisamment produit des r\u00e9sultats appr\u00e9ciables, gage de [sa] cr\u00e9dibilit\u00e9\u2019\u2019, souligne EnQu\u00eate.<\/p>\n\n\n\n<p>D\u00e8s lors, ajoute le m\u00eame journal, \u2018\u2019c\u2019est bien le minist\u00e8re de l\u2019Int\u00e9rieur qui va organiser la pr\u00e9sidentielle de 2024\u2019\u2019.<\/p>\n\n\n\n<p>\u2018\u2019Bien qu\u2019ayant fait quelques concessions \u00e0 l\u2019opposition, le dialogue national de 2023 n\u2019a r\u00e9gl\u00e9 aucun point [relatif \u00e0] la tension politique [\u2026] li\u00e9e \u00e0 une troisi\u00e8me candidature de Macky Sall et aux menaces qui p\u00e8sent sur la candidature du leader de Pastef, Ousmane Sonko\u2019\u2019, observe EnQu\u00eate.<\/p>\n\n\n\n<p>Le pr\u00e9sident de la R\u00e9publique \u2018\u2019va bient\u00f4t lever le suspense sur sa participation ou pas \u00e0 l\u2019\u00e9lection pr\u00e9sidentielle du 24 f\u00e9vrier 2024\u2019\u2019, rapporte Le Soleil, pr\u00e9cisant que le chef de l\u2019Etat \u2018\u2019va \u00e9difier les S\u00e9n\u00e9galais sur cette question apr\u00e8s la Tabaski\u2019\u2019, le sacrifice d\u2019Ibrahim.<\/p>\n\n\n\n<p>Un \u2018\u2019suspense qui a dur\u00e9 quatre longues ann\u00e9es\u2019\u2019<\/p>\n\n\n\n<p>\u2018\u2019Macky Sall fait durer le suspense\u2019\u2019, titre WalfQuotidien, ajoutant : \u2018\u2019Il avait promis, lors de son s\u00e9jour en France, de faire une importante d\u00e9claration lorsqu\u2019il aura re\u00e7u les conclusions du dialogue national [\u2026] Il a dribbl\u00e9 son monde en donnant rendez-vous aux S\u00e9n\u00e9galais apr\u00e8s la Tabaski.\u2019\u2019<\/p>\n\n\n\n<p>L\u2019Observateur semble faire preuve de patience en affirmant que \u2018\u2019c\u2019est bient\u00f4t la fin du suspense qui a dur\u00e9 quatre longues ann\u00e9es\u2019\u2019.<\/p>\n\n\n\n<p>\u2018\u2019A huit mois de l\u2019\u00e9lection pr\u00e9sidentielle, Macky Sall continue d\u2019alimenter le doute sur sa candidature \u00e0 un troisi\u00e8me mandat. Quel est l\u2019int\u00e9r\u00eat de maintenir, depuis quatre ann\u00e9es, un d\u00e9bat qui aurait pu \u00eatre clos depuis belle lurette ?\u2019\u2019 s\u2019empresse-t-il d\u2019ajouter.<\/p>\n\n\n\n<p>\u2018\u2019On va manger tranquillement le mouton, puis on tendra l\u2019oreille pour \u00e9couter la d\u00e9livrance pr\u00e9sidentielle\u2019\u2019, commente Le Quotidien, tout en estimant que \u2018\u2019sa candidature est quasi act\u00e9e\u2019\u2019.<\/p>\n\n\n\n<p>L\u2019As est d\u2019avis que Macly Sall, \u2018\u2019par cette d\u00e9cision\u2019\u2019, le fait de donner rendez-vous aux S\u00e9n\u00e9galais apr\u00e8s la Tabaski, \u2018\u2019entend pr\u00e9server l\u2019esprit de f\u00eate\u2019\u2019.<\/p>\n\n\n\n<p>L\u2019opposant Abdourahmane Diouf consid\u00e8re les 270 recommandations faites par les participants du dialogue national comme \u2018\u2019un arrangement entre amis\u2019\u2019. Selon Sud Quotidien, les opposants Khalifa Sall et Karim Wade, en prenant part \u00e0 la concertation ou en se faisant repr\u00e9senter, \u2018\u2019sont all\u00e9s chercher entre les mains du pr\u00e9sident [de la R\u00e9publique] la mise en \u0153uvre des pr\u00e9rogatives qu\u2019octroient la Constitution et la loi\u2019\u2019.<\/p>\n\n\n\n<p>M. Diouf, l\u2019un des opposants qui ont refus\u00e9 de participer au dialogue national, fait surtout allusion au droit de MM. Sall et Wade de participer \u00e0 l\u2019\u00e9lection pr\u00e9sidentielle.<\/p>\n\n\n\n<p>Source &#8211; igfm<\/p>\n","protected":false},"excerpt":{"rendered":"<p>Les conclusions du dialogue national sont le sujet favori des quotidiens de ce lundi, dont une partie attend avec impatience<\/p>\n","protected":false},"author":1,"featured_media":14923,"comment_status":"open","ping_status":"open","sticky":false,"template":"","format":"standard","meta":{"footnotes":""},"categories":[6],"tags":[],"class_list":["post-14922","post","type-post","status-publish","format-standard","has-post-thumbnail","hentry","category-politics"],"_links":{"self":[{"href":"https:\/\/dekkbi.com\/index.php?rest_route=\/wp\/v2\/posts\/14922","targetHints":{"allow":["GET"]}}],"collection":[{"href":"https:\/\/dekkbi.com\/index.php?rest_route=\/wp\/v2\/posts"}],"about":[{"href":"https:\/\/dekkbi.com\/index.php?rest_route=\/wp\/v2\/types\/post"}],"author":[{"embeddable":true,"href":"https:\/\/dekkbi.com\/index.php?rest_route=\/wp\/v2\/users\/1"}],"replies":[{"embeddable":true,"href":"https:\/\/dekkbi.com\/index.php?rest_route=%2Fwp%2Fv2%2Fcomments&post=14922"}],"version-history":[{"count":1,"href":"https:\/\/dekkbi.com\/index.php?rest_route=\/wp\/v2\/posts\/14922\/revisions"}],"predecessor-version":[{"id":14924,"href":"https:\/\/dekkbi.com\/index.php?rest_route=\/wp\/v2\/posts\/14922\/revisions\/14924"}],"wp:featuredmedia":[{"embeddable":true,"href":"https:\/\/dekkbi.com\/index.php?rest_route=\/wp\/v2\/media\/14923"}],"wp:attachment":[{"href":"https:\/\/dekkbi.com\/index.php?rest_route=%2Fwp%2Fv2%2Fmedia&parent=14922"}],"wp:term":[{"taxonomy":"category","embeddable":true,"href":"https:\/\/dekkbi.com\/index.php?rest_route=%2Fwp%2Fv2%2Fcategories&post=14922"},{"taxonomy":"post_tag","embeddable":true,"href":"https:\/\/dekkbi.com\/index.php?rest_route=%2Fwp%2Fv2%2Ftags&post=14922"}],"curies":[{"name":"wp","href":"https:\/\/api.w.org\/{rel}","templated":true}]}}