{"id":14916,"date":"2023-06-26T11:00:47","date_gmt":"2023-06-26T11:00:47","guid":{"rendered":"https:\/\/dekkbi.com\/?p=14916"},"modified":"2023-06-26T11:00:49","modified_gmt":"2023-06-26T11:00:49","slug":"baba-diallo-directeur-general-de-laser-le-senegal-reste-engage-pour-la-realisation-de-lacces-universel-a-lelectricite","status":"publish","type":"post","link":"https:\/\/dekkbi.com\/?p=14916","title":{"rendered":"Baba Diallo, directeur g\u00e9n\u00e9ral de l\u2019Aser : \u00ab Le S\u00e9n\u00e9gal reste engag\u00e9 pour la r\u00e9alisation de l\u2019acc\u00e8s universel \u00e0 l\u2019\u00e9lectricit\u00e9 \u00bb"},"content":{"rendered":"\n<h3 class=\"wp-block-heading has-medium-font-size\"><strong>Entre 2012 et 2020, le S\u00e9n\u00e9gal a fait un bond consid\u00e9rable en mati\u00e8re d\u2019\u00e9lectrification rurale, affirme M. Baba Diallo, directeur g\u00e9n\u00e9ral de l\u2019Agence s\u00e9n\u00e9galaise d\u2019\u00e9lectrification rurale (Aser).<br>En effet, entre 2000 et 2012, le taux d\u2019\u00e9lectrification rurale est pass\u00e9 de 3 \u00e0 24 % et il a atteint 58% en fin 2020<br>Dans cette interview exclusive au Journal de l\u2019\u00e9conomie s\u00e9n\u00e9galaise (Lejecos), il a pr\u00e9cis\u00e9 que sur 21 444 villages et hameaux, 5 300 sont \u00e9lectrifi\u00e9s et plus de 3 700 autres sont inscrits dans les diff\u00e9rents programmes et projets en cours de r\u00e9alisation. Des r\u00e9sultats importants obtenus, selon lui, gr\u00e2ce \u00e0 l\u2019engagement du gouvernement et l\u2019appui des partenaires techniques et financiers.<br>Nomm\u00e9 directeur g\u00e9n\u00e9ral de l\u2019Aser depuis 2016, Baba Diallo est un ing\u00e9nieur en g\u00e9nie \u00e9lectrique. Cet ancien haut cadre de la Senelec a, \u00e0 son actif, pr\u00e8s de 30 ans d\u2019exp\u00e9riences professionnelles dans les domaines de la gestion commerciale, de la maintenance de centrale \u00e9lectrique, de la planification de syst\u00e8mes \u00e9lectriques, de la mod\u00e9lisation \u00e9conomique et financi\u00e8re, de la gestion de projets et de la r\u00e9gulation au niveau du service public de l\u2019\u00e9lectricit\u00e9 du S\u00e9n\u00e9gal et du Syst\u00e8me d\u2019\u00e9changes d\u2019\u00e9nergie \u00e9lectrique ouest africain bas\u00e9 \u00e0 Cotonou au B\u00e9nin.<br>Entretien.<\/strong><\/h3>\n\n\n\n<p><strong>Quelles sont les missions de l\u2019Agence s\u00e9n\u00e9galaise d\u2019\u00e9lectrification rurale (Aser) et son cadre d\u2019intervention ?<\/strong><br>L\u2019Agence s\u00e9n\u00e9galaise d\u2019\u00e9lectrification rurale (Aser) a \u00e9t\u00e9 cr\u00e9\u00e9e, en 1999, par loi n\u00b0 98-29, \u00e0 la suite de la r\u00e9forme du secteur de l\u2019\u00e9lectricit\u00e9. Cette loi avait pour objectif principal d\u2019inviter le secteur priv\u00e9 \u00e0 participer \u00e0 l\u2019exploitation et aux investissements du secteur de l\u2019\u00e9lectricit\u00e9.<\/p>\n\n\n\n<p>Je rappelle que l\u2019une des innovations de ce texte, c\u2019est la cr\u00e9ation d\u2019une agence d\u00e9di\u00e9e \u00e0 l\u2019\u00e9lectrification rurale et d\u2019une commission de r\u00e9gulation du secteur de l\u2019\u00e9lectricit\u00e9, qui a en charge la viabilit\u00e9 \u00e9conomique et financi\u00e8re de tous les op\u00e9rateurs du secteur de l\u2019\u00e9lectricit\u00e9, mais \u00e9galement la fixation des tarifs. A l\u2019\u00e9poque, le S\u00e9n\u00e9gal avait un taux d\u2019\u00e9lectrification rurale de 3 % et il \u00e9tait question de voir comment acc\u00e9l\u00e9rer l\u2019\u00e9lectrification avec cette agence d\u00e9di\u00e9e \u00e0 l\u2019\u00e9lectrification rurale comme ma\u00eetre d\u2019ouvrage d\u00e9l\u00e9gu\u00e9 de l\u2019\u00e9lectrification rurale.<\/p>\n\n\n\n<p>La strat\u00e9gie d\u2019\u00e9lectrification repose essentiellement sur la neutralit\u00e9 technologique, c\u2019est-\u00e0-dire l\u2019Aser doit rechercher le moindre co\u00fbt. Par cons\u00e9quent, on essaie toujours d\u2019avoir la solution adapt\u00e9e pour les besoins des populations rurales et qui repr\u00e9sente l\u2019optimum \u00e9conomique. &nbsp;L\u2019autre volet de la strat\u00e9gie consiste \u00e0 accompagner le d\u00e9veloppement \u00e9conomique par des plateformes \u00e9nerg\u00e9tiques multisectorielles, qui doivent all\u00e9ger les travaux des femmes en milieu rural et contribuer au d\u00e9veloppement des activit\u00e9s g\u00e9n\u00e9ratrices de revenus, nonobstant les partenariats public-priv\u00e9 \u00e0 mettre en place. C\u2019est dans ce cadre d\u2019ailleurs, que des concessions ont \u00e9t\u00e9 d\u00e9velopp\u00e9es pour promouvoir l\u2019\u00e9lectrification rurale &nbsp;&nbsp;gr\u00e2ce \u00e0 l\u2019appui du gouvernement et des subventions des partenaires au d\u00e9veloppement.&nbsp;<\/p>\n\n\n\n<p><strong>De 3 % en 1998, le taux d\u2019\u00e9lectrification rurale est pass\u00e9 \u00e0 58 % en 2020. Qu\u2019est-ce qui explique ce bond ?<\/strong><\/p>\n\n\n\n<p>Ce bond s\u2019explique par l\u2019engagement du gouvernement du S\u00e9n\u00e9gal. Entre 2000 et 2012, on est pass\u00e9 de 3 \u00e0 24 % sur la base de conventions d\u2019\u00e9lectrification rurale favoris\u00e9es par le gouvernement \u00e0 travers le budget consolid\u00e9 d\u2019investissement. Cette politique a permis d\u2019\u00e9lectrifier les chefs de lieu de communes et des villages consid\u00e9r\u00e9s comme des p\u00f4les de d\u00e9veloppement.<br>&nbsp;Sous le magist\u00e8re du pr\u00e9sident Macky Sall, nous avons chang\u00e9 d\u2019\u00e9chelle pour acc\u00e9l\u00e9rer l\u2019\u00e9lectrification rurale au S\u00e9n\u00e9gal. C\u2019est pourquoi le programme national d\u2019urgence d\u2019\u00e9lectrification rurale a \u00e9t\u00e9 lanc\u00e9 avec deux objectifs principaux. Le premier visait \u00e0 atteindre un taux d\u2019\u00e9lectrification de 60 % au plan national et le second &nbsp;&nbsp;consistait \u00e0 rechercher une performance d\u2019au moins 30 % dans chacun des d\u00e9partements. Au-del\u00e0 de l\u2019\u00e9lectrification rurale, le but poursuivi \u00e9tait de gommer les disparit\u00e9s territoriales au nom de la justice sociale et de l\u2019\u00e9quit\u00e9 territoriale. D\u2019o\u00f9 l\u2019objectif minimal de 30 % par d\u00e9partement et un taux d\u2019\u00e9lectrification rurale de 60 % \u00e0 l\u2019\u00e9chelle nationale. Cela s\u2019est traduit par des dorsales \u00e9lectriques, en r\u00e9alisant le maximum de lignes moyenne tension et le maillage du territoire national. Ainsi, toutes les localit\u00e9s situ\u00e9es \u00e0 un kilom\u00e8tre du r\u00e9seau ont \u00e9t\u00e9 \u00e9lectrifi\u00e9es. L\u2019Etat a eu \u00e0 consacrer une enveloppe de 110 milliards de FCFA \u00e0 travers l\u2019Aser qui \u00e9tait dot\u00e9e de pr\u00e8s de 70 milliards de FCFA et le Programme d\u2019urgence de d\u00e9veloppement communautaire (PUDC) qui avait une enveloppe de 40 milliards de FCFA. Toutes ces actions combin\u00e9es ont permis de booster le taux d\u2019\u00e9lectrification rurale et d\u2019atteindre un taux de 58 % en fin 2020.<\/p>\n\n\n\n<p><strong>Quelle est la part de l\u2019Aser dans l\u2019\u00e9largissement de l\u2019acc\u00e8s \u00e0 l\u2019\u00e9lectricit\u00e9 ?<\/strong><\/p>\n\n\n\n<p>L\u2019enveloppe de 70 milliards de FCFA a permis de r\u00e9aliser pr\u00e8s de 1000 kilom\u00e8tres de dorsales \u00e9lectriques \u00e0 travers le pays, avec le raccordement de nombreuses localit\u00e9s. Du nord au sud et au centre pays, nous avons r\u00e9alis\u00e9 plusieurs dorsales. Dans le d\u00e9partement de Podor (r\u00e9gion Saint-Louis), la dorsale part de Cas-cas \u00e0 Path\u00e9 Gallo. Elle a permis d\u2019\u00e9lectrifier tous les villages dans le Dand\u00e9 Mayo avec des localit\u00e9s importantes comme Demet, Walald\u00e9&#8230; Des dorsales ont \u00e9t\u00e9 r\u00e9alis\u00e9es dans les r\u00e9gions de Louga et Kaffrine qui ont permis d\u2019\u00e9lectrifier le centre du pays. Au Sud, entre Kolda et Diaob\u00e9, nous avons r\u00e9alis\u00e9 pr\u00e8s de 100 kilom\u00e8tres de dorsale et pr\u00e8s de 200 kilom\u00e8tres dans la r\u00e9gion de K\u00e9dougou jusqu\u2019\u00e0 la fronti\u00e8re malienne. Ce maillage du territoire national a permis d\u2019\u00e9lectrifier de nombreuses localit\u00e9s et fouetter l\u2019\u00e9lectrification dans les r\u00e9gions qui avaient un important r\u00e9seau comme Thi\u00e8s, Kaolack, Fatick et Diourbel. Ces r\u00e9gions ont b\u00e9n\u00e9fici\u00e9 de programmes d\u2019\u00e9lectrification de villages situ\u00e9s \u00e0 moins d\u2019un kilom\u00e8tre du r\u00e9seau. En combinant toutes ces actions, l\u2019Aser a pu \u00e9lectrifier beaucoup de villages entre 2015 et 2020, en attendant le d\u00e9veloppement d\u2019autres technologies comme les mini centrales que nous sommes en train de d\u00e9ployer.<\/p>\n\n\n\n<p><strong>Au rythme o\u00f9 vont les choses, pensez-vous que l\u2019acc\u00e8s universel \u00e0 l\u2019\u00e9lectricit\u00e9 sera atteint en 2025 ?<\/strong><\/p>\n\n\n\n<p>L\u2019acc\u00e8s universel est un objectif ambitieux d\u00e9clin\u00e9 dans le cadre du plan op\u00e9rationnel pour l\u2019acc\u00e8s universel \u00e0 l\u2019horizon 2025, \u00e9labor\u00e9 en fin 2018. L\u2019id\u00e9e \u00e9tait de mobiliser des ressources d\u00e8s 2019 et 2020 pour d\u00e9velopper l\u2019\u00e9lectrification rurale. Malheureusement, il y a eu la Covid-19 et la table ronde pr\u00e9vue avec les partenaires techniques et financiers n\u2019a pu se tenir qu\u2019en avril 2021. Entre 2018 et 2021, nous avons perdu trois ann\u00e9es. Nous sommes en train de mettre les bouch\u00e9es doubles pour atteindre l\u2019acc\u00e8s universel. Mais \u00e0 l\u2019horizon 2025, nous travaillons \u00e0 avoir la couverture la plus satisfaisante possible avec un taux de pr\u00e8s de 90 % et atteindre l\u2019acc\u00e8s universel entre 2025 et 2027.<\/p>\n\n\n\n<p><strong>Quelle est la strat\u00e9gie d\u00e9velopp\u00e9e par l\u2019Aser pour \u00e9lectrifier les villages situ\u00e9s hors r\u00e9seaux et excentr\u00e9s&nbsp;?<\/strong><\/p>\n\n\n\n<p>L\u2019Aser essaie de promouvoir la neutralit\u00e9 technologique. Nous misons d\u2019abord sur l\u2019extension du r\u00e9seau \u00e9lectrique qui est la voie principale pour \u00e9lectrifier les villages. Nous avons r\u00e9ussi un important maillage du territoire. La deuxi\u00e8me strat\u00e9gie consiste \u00e0 utiliser des mini centrales solaires pour \u00e9lectrifier les localit\u00e9s situ\u00e9es \u00e0 plus de dix kilom\u00e8tres du r\u00e9seau \u00e9lectrique et ayant une population entre 100 et 1200 habitants. Dans des zones qui ne sont pas dens\u00e9ment peupl\u00e9es et qui ont des habitats dispers\u00e9s comme les hameaux, nous avons pr\u00e9vu d\u2019installer des syst\u00e8mes solaires individuels. En combinant syst\u00e8me solaire individuel, mini centrale solaire et extension du r\u00e9seau, nous allons faire en sorte d\u2019atteindre le maximum de populations s\u00e9n\u00e9galaises. De ce point de vue nous avons b\u00e9n\u00e9fici\u00e9 de l\u2019accompagnement des partenaires techniques et financiers comme l\u2019Union europ\u00e9enne, la Banque ouest africaine de d\u00e9veloppement (Boad), le Fonds d&rsquo;Abu Dhabi. Nous d\u00e9roulons actuellement un important projet avec la KfW-IPEX dans le cadre de la coop\u00e9ration avec l\u2019Allemagne qui nous permettra d\u2019\u00e9lectrifier pr\u00e8s de 700 localit\u00e9s avec les contributions des projets Union Europ\u00e9enne, BID, BOAD et Fonds d\u2019Abu Dhabi. Le Fonds vert climat est venu se joindre \u00e0 ces actions avec pr\u00e8s de 80 millions de dollars, ce qui nous permettra d\u2019\u00e9lectrifier 500 localit\u00e9s avec la technologie des mini centrales solaires.<\/p>\n\n\n\n<p><strong>Vous d\u00e9roulez un programme de 1200 localit\u00e9s \u00e0 \u00e9lectrifier. Quelles sont les zones cibles et quels sont les crit\u00e8res de s\u00e9lection&nbsp;?<\/strong><\/p>\n\n\n\n<p>Nous visons les zones \u00e9loign\u00e9es du r\u00e9seau. Dakar et la zone centre plus les r\u00e9gions de Ziguinchor et S\u00e9dhiou sont dot\u00e9es d\u2019un important r\u00e9seau \u00e9lectrique. Les autres r\u00e9gions du pays o\u00f9 il n\u2019y a pas suffisamment de r\u00e9seau, sont les zones de pr\u00e9dilection des mini centrales solaires. La technologie mini centrale solaire sera d\u00e9ploy\u00e9e au centre du pays, au nord et au sud pr\u00e9cis\u00e9ment dans les r\u00e9gions de Saint-Louis, Louga, Kaffrine, Tambacounda, K\u00e9dougou et Kolda.<\/p>\n\n\n\n<p><strong>Le S\u00e9n\u00e9gal est \u00e0 combien de villages \u00e9lectrifi\u00e9s<\/strong>&nbsp;?<\/p>\n\n\n\n<p>Nous avons 21&nbsp;400 villages et hameaux diss\u00e9min\u00e9s \u00e0 l\u2019\u00e9chelle du pays. Parmi lesquels, pr\u00e8s 5 300 sont \u00e9lectrifi\u00e9s et 3 700 autres sont inscrits dans les diff\u00e9rents programmes en cours de r\u00e9alisation. Cela fait environ 10&nbsp;000 localit\u00e9s. Mais si on regarde les localit\u00e9s \u00e9lectrifi\u00e9es, elles concentrent le plus grand nombre de populations puisque le crit\u00e8re d\u00e9mographique a \u00e9t\u00e9 longtemps mis en avant. En nombre, si les localit\u00e9s \u00e9lectrifi\u00e9es peuvent paraitre moins importantes, en termes de population, elles concentrent plus des deux tiers. Autrement dit, avec un tiers des localit\u00e9s \u00e9lectrifi\u00e9es, nous couvrons pr\u00e8s de deux tiers de la population rurale.<\/p>\n\n\n\n<p><strong>Les m\u00e9nages en milieu rural ont des revenus modestes. Quelle est la politique men\u00e9e pour leur faciliter l\u2019acc\u00e8s \u00e0 l\u2019\u00e9lectricit\u00e9&nbsp;?<\/strong><\/p>\n\n\n\n<p>L\u2019\u00e9lectricit\u00e9 est un secteur marchand avec des tarifs qui sont fix\u00e9s par la Commission de r\u00e9gulation du secteur de l\u2019\u00e9lectricit\u00e9 pour permettre aux op\u00e9rateurs d\u2019assurer leur viabilit\u00e9 \u00e9conomique et financi\u00e8re. Cependant, l\u2019Etat vient en appui avec des compensations pour permettre aux op\u00e9rateurs d\u2019appliquer des tarifs inf\u00e9rieurs. L\u2019Aser et tous les acteurs qui participent \u00e0 l\u2019\u00e9lectrification rurale essaient d\u2019all\u00e9ger les charges des m\u00e9nages en milieu rural en r\u00e9alisant les installations int\u00e9rieures qui co\u00fbtent ch\u00e8res et qui constituent un frein \u00e0 l\u2019acc\u00e8s. Dans les nouveaux projets, nous essayons de mettre l\u2019accent sur la r\u00e9alisation des installations int\u00e9rieures en mettant les prises et les lampes n\u00e9cessaires. Cette politique permet aux m\u00e9nages ruraux d\u2019acc\u00e9der \u00e0 l\u2019\u00e9lectricit\u00e9 dans des conditions favorables. Au plan tarifaire, l\u2019Etat accompagne avec les compensations de tarifs et en subventionnant le consommateur.<\/p>\n\n\n\n<p><strong>Comment faites-vous pour trouver les moyens n\u00e9cessaires pour mener \u00e0 bien votre mission&nbsp;?<\/strong><\/p>\n\n\n\n<p>Les ressources proviennent essentiellement de la bonne signature de l\u2019Etat du S\u00e9n\u00e9gal, de la qualit\u00e9 de ses relations avec les partenaires techniques et financiers. La Banque mondiale, la Banque africaine de d\u00e9veloppement, la Kfw, la Banque ouest africaine de d\u00e9veloppement, l\u2019Agence fran\u00e7aise de d\u00e9veloppement, le Fonds d&rsquo;Abu Dhabi, l\u2019Union europ\u00e9enne accompagnent l\u2019Etat du S\u00e9n\u00e9gal pour r\u00e9aliser ses ambitions pour l\u2019acc\u00e8s universel \u00e0 l\u2019\u00e9lectricit\u00e9. A travers le budget consolid\u00e9 d\u2019investissement, l\u2019Etat du S\u00e9n\u00e9gal met \u00e9galement la main \u00e0 la poche en apportant une contribution financi\u00e8re substantielle, qui permet de d\u00e9velopper l\u2019\u00e9lectrification rurale. Les ressources sont rares mais les partenaires au d\u00e9veloppement et les partenaires techniques et financiers accompagnent en sus de la contribution de l\u2019Etat du S\u00e9n\u00e9gal. Les concessionnaires d\u2019\u00e9lectrification rurale participent aussi en mobilisant les financements n\u00e9cessaires, sans oublier \u00e9galement la solidarit\u00e9 entre les consommateurs du fait de la redevance d\u2019\u00e9lectrification institu\u00e9e par la loi depuis 2006 et appliqu\u00e9e depuis 2019. Cette redevance permet de contribuer au financement de l\u2019\u00e9lectrification rurale avec un pr\u00e9l\u00e8vement de 0,7 franc par kilowatt\/heure pour l\u2019ensemble des m\u00e9nages raccord\u00e9s et qui consomment de l\u2019\u00e9lectricit\u00e9. Cette mesure a permis de mobiliser des ressources autour de 1,8 \u00e0 2 milliards de FCFA par an. Cette somme n\u2019est pas n\u00e9gligeable dans la r\u00e9alisation de l\u2019\u00e9lectrification rurale.<\/p>\n\n\n\n<p><strong>Le sous-secteur de l\u2019\u00e9lectrification rurale est caract\u00e9ris\u00e9 par une multiplicit\u00e9 des acteurs. Existe-t-il un cadre de coordination ?<\/strong><\/p>\n\n\n\n<p>Effectivement plusieurs acteurs interviennent dans l\u2019\u00e9lectrification rurale. Il y a l\u2019Aser qui est l\u2019agence d\u00e9di\u00e9e&nbsp;; Senelec qui a vu son p\u00e9rim\u00e8tre \u00e9largi aux zones rurales depuis 2018, les concessionnaires d\u2019\u00e9lectrification rurale (Comasel, Era, Scl) et r\u00e9cemment le Pudc et le Puma. Toutes ces actions m\u00e9ritent d\u2019\u00eatre coordonn\u00e9es et planifi\u00e9es pour que l\u2019objectif soit r\u00e9alis\u00e9 dans les meilleures conditions. Le secr\u00e9tariat permanent \u00e0 l\u2019\u00e9lectricit\u00e9 log\u00e9 au minist\u00e8re du P\u00e9trole et des Energies assure la coordination \u00e0 travers le comit\u00e9 de suivi des raccordements et de la mise en \u0153uvre des projets d\u2019\u00e9lectrification rurale. Ce comit\u00e9 se r\u00e9unit r\u00e9guli\u00e8rement et suit les localit\u00e9s \u00e0 \u00e9lectrifier par les diff\u00e9rents projets. Le Millenium Challenge Account va aussi \u00e9lectrifier 354 localit\u00e9s&nbsp;; ce qui n\u2019est pas n\u00e9gligeable.<\/p>\n\n\n\n<p><strong>Quels sont les projets \u00e0 court terme et les perspectives&nbsp;?<\/strong><\/p>\n\n\n\n<p>Les perspectives sont bonnes. L\u2019ensemble des acteurs ont d\u2019importants portefeuilles. L\u2019Aser d\u00e9roule une multitude de projets avec les mini centrales d\u2019\u00e9nergie propre, quant au Pudc &nbsp;il est sur &nbsp;le projet de 2000 villages \u00e0 \u00e9lectrifier&nbsp;; sans oublier la Senelec avec diff\u00e9rentes actions&nbsp;; le Millenium Challenge Account, etc. Le gouvernement reste engag\u00e9 pour la r\u00e9alisation de l\u2019acc\u00e8s universel \u00e0 l\u2019\u00e9lectricit\u00e9. Des ressources additionnelles vont \u00eatre mobilis\u00e9es et de nouveaux projets vont \u00eatre bient\u00f4t ficel\u00e9s pour acc\u00e9l\u00e9rer la mise en \u0153uvre du programme acc\u00e8s universel \u00e0 l\u2019\u00e9lectricit\u00e9.<\/p>\n\n\n\n<p><strong>Votre mot de la fin&nbsp;?<\/strong><\/p>\n\n\n\n<p>Nous saluons la vision du pr\u00e9sident Macky Sall qui a travers le PSE a mis l\u2019acc\u00e8s universel comme un des objectifs principaux \u00a0\u00a0et a instruit le\u00a0 \u00a0gouvernement \u00e0 travers le Minist\u00e8re du P\u00e9trole et des Energies, le Minist\u00e8re des Finances et du Budget, le Minist\u00e8re de l\u2019Economie et du Plan d\u2019\u0153uvrer quotidiennement pour la r\u00e9alisation des projets d\u2019\u00e9lectrification rurale. L\u2019Aser pour sa part, est mobilis\u00e9e pour r\u00e9pondre au quotidien aux attentes du gouvernement et des populations rurales. La m\u00eame pr\u00e9occupation anime les autres acteurs (Senelec, Pudc, Puma et les concessionnaires d\u2019\u00e9lectrification rurale). Nous remercions les uns et les autres pour leur collaboration et leur engagement pour faire de l\u2019\u00e9lectrification rurale une r\u00e9alit\u00e9 partout au S\u00e9n\u00e9gal.\u00a0\u00a0\u00a0\u00a0\u00a0<br><strong>\u00a0Source &#8211; Lejecos Magazine<\/strong><\/p>\n","protected":false},"excerpt":{"rendered":"<p>Entre 2012 et 2020, le S\u00e9n\u00e9gal a fait un bond consid\u00e9rable en mati\u00e8re d\u2019\u00e9lectrification rurale, affirme M. Baba Diallo, directeur<\/p>\n","protected":false},"author":1,"featured_media":14917,"comment_status":"open","ping_status":"open","sticky":false,"template":"","format":"standard","meta":{"footnotes":""},"categories":[3],"tags":[],"class_list":["post-14916","post","type-post","status-publish","format-standard","has-post-thumbnail","hentry","category-event-more-news"],"_links":{"self":[{"href":"https:\/\/dekkbi.com\/index.php?rest_route=\/wp\/v2\/posts\/14916","targetHints":{"allow":["GET"]}}],"collection":[{"href":"https:\/\/dekkbi.com\/index.php?rest_route=\/wp\/v2\/posts"}],"about":[{"href":"https:\/\/dekkbi.com\/index.php?rest_route=\/wp\/v2\/types\/post"}],"author":[{"embeddable":true,"href":"https:\/\/dekkbi.com\/index.php?rest_route=\/wp\/v2\/users\/1"}],"replies":[{"embeddable":true,"href":"https:\/\/dekkbi.com\/index.php?rest_route=%2Fwp%2Fv2%2Fcomments&post=14916"}],"version-history":[{"count":1,"href":"https:\/\/dekkbi.com\/index.php?rest_route=\/wp\/v2\/posts\/14916\/revisions"}],"predecessor-version":[{"id":14918,"href":"https:\/\/dekkbi.com\/index.php?rest_route=\/wp\/v2\/posts\/14916\/revisions\/14918"}],"wp:featuredmedia":[{"embeddable":true,"href":"https:\/\/dekkbi.com\/index.php?rest_route=\/wp\/v2\/media\/14917"}],"wp:attachment":[{"href":"https:\/\/dekkbi.com\/index.php?rest_route=%2Fwp%2Fv2%2Fmedia&parent=14916"}],"wp:term":[{"taxonomy":"category","embeddable":true,"href":"https:\/\/dekkbi.com\/index.php?rest_route=%2Fwp%2Fv2%2Fcategories&post=14916"},{"taxonomy":"post_tag","embeddable":true,"href":"https:\/\/dekkbi.com\/index.php?rest_route=%2Fwp%2Fv2%2Ftags&post=14916"}],"curies":[{"name":"wp","href":"https:\/\/api.w.org\/{rel}","templated":true}]}}