{"id":14877,"date":"2023-06-26T09:27:49","date_gmt":"2023-06-26T09:27:49","guid":{"rendered":"https:\/\/dekkbi.com\/?p=14877"},"modified":"2023-06-26T09:27:50","modified_gmt":"2023-06-26T09:27:50","slug":"presidentielle-de-2024-deux-gros-obstacles-devant-khalifa-sall","status":"publish","type":"post","link":"https:\/\/dekkbi.com\/?p=14877","title":{"rendered":"Pr\u00e9sidentielle de 2024 : deux gros obstacles devant Khalifa Sall"},"content":{"rendered":"\n<p>Khalifa Sall devrait recouvrer ses droits civiques \u00e0 la faveur des accords de la commission politique du Dialogue national. Parmi ceux-ci, il y a le projet de r\u00e9vision des articles L28 et L29 du Code \u00e9lectoral qui, s\u2019il est adopt\u00e9, lui permettra de recouvrer ses droits civiques dont il est en ce moment priv\u00e9 \u00e0 cause de sa condamnation \u00e0 5 ans ferme dans l\u2019affaire de la Caisse d\u2019avance, alors qu\u2019il \u00e9tait maire de Dakar.<\/p>\n\n\n\n<p>Le pr\u00e9sident de Taxawu S\u00e9n\u00e9gal peut se frotter les mains de tenir d\u00e9sormais la possibilit\u00e9 de se pr\u00e9senter \u00e0 la pr\u00e9sidentielle de 2024. \u00abKhalifa Sall a gagn\u00e9 son pari, celui de retrouver ses droits civiques, notamment d\u2019\u00eatre \u00e9lecteur et \u00e9ligible\u00bb, constate le journaliste et analyste politique Assane Samb, interrog\u00e9 par L\u2019Observateur, qui s\u2019est pench\u00e9 sur la nouvelle situation de l\u2019ancien \u00e9dile de la capitale. Mamadou Sy \u2018Albert\u2019, un autre journaliste-analyste politique, acquiesce : \u00abIl va participer \u00e0 la pr\u00e9sidentielle et c\u2019est important pour sa carri\u00e8re politique qu\u2019il soit candidat.\u00bb<\/p>\n\n\n\n<p>Mais si Khalifa Sall est bien lanc\u00e9 pour gagner une virginit\u00e9 politique, il risque d\u2019\u00eatre confront\u00e9 \u00e0 deux gros \u00e9cueils en vue de la pr\u00e9sidentielle de 2024. D\u2019abord, il doit \u00abaffronter\u00bb sa condamnation pour \u00abescroquerie aux deniers publics\u00bb, \u00abfaux et usage de faux dans des documents administratifs\u00bb et \u00abcomplicit\u00e9 en faux en \u00e9critures de commerce\u00bb. \u00abKhalifa Sall va porter cette t\u00e2che noire et \u00e7a pourra toujours le rattraper, tranche \u2018Albert\u2019. Il va tra\u00eener cette t\u00e2che d\u2019ici \u00e0 la pr\u00e9sidentielle et m\u00eame apr\u00e8s parce qu\u2019on ne sait pas ce qui va se passer si jamais il n\u2019est pas \u00e9lu.\u00bb<\/p>\n\n\n\n<p>Bassirou Samb de Taxawu S\u00e9n\u00e9gal proteste : \u00abIl ne peut pas y avoir de t\u00e2che noire. Chaque chose en son temps. Au-del\u00e0 des juridictions s\u00e9n\u00e9galaises, partout dans les juridictions internationales, l\u2019\u00c9tat du S\u00e9n\u00e9gal a perdu face \u00e0 Khalifa Sall parce qu\u2019on sait que ce qui s\u2019est pass\u00e9, c\u2019\u00e9tait tout sauf une justice.\u00bb<\/p>\n\n\n\n<p>Soit. Mais un autre obstacle se dresse. \u00abIl risque d\u2019avoir un autre adversaire en dehors de Macky Sall, ce sera le candidat de Yewwi Askan Wi\u00bb, pr\u00e9dit Assane Samb. Le journaliste explique : \u00abSes anciens alli\u00e9s risquent d\u2019\u00eatre ses nouveaux adversaires et des adversaires redoutables parce que c\u2019est des gens qui utilisent des moyens non conventionnels de lutte politique et n\u2019h\u00e9siteraient pas \u00e0 faire tout ce qu\u2019il faut pour d\u00e9cr\u00e9dibiliser Khalifa Sall.\u00bb<\/p>\n\n\n\n<p>Source &#8211; seneweb<\/p>\n","protected":false},"excerpt":{"rendered":"<p>Khalifa Sall devrait recouvrer ses droits civiques \u00e0 la faveur des accords de la commission politique du Dialogue national. Parmi<\/p>\n","protected":false},"author":1,"featured_media":14878,"comment_status":"open","ping_status":"open","sticky":false,"template":"","format":"standard","meta":{"footnotes":""},"categories":[6],"tags":[],"class_list":["post-14877","post","type-post","status-publish","format-standard","has-post-thumbnail","hentry","category-politics"],"_links":{"self":[{"href":"https:\/\/dekkbi.com\/index.php?rest_route=\/wp\/v2\/posts\/14877","targetHints":{"allow":["GET"]}}],"collection":[{"href":"https:\/\/dekkbi.com\/index.php?rest_route=\/wp\/v2\/posts"}],"about":[{"href":"https:\/\/dekkbi.com\/index.php?rest_route=\/wp\/v2\/types\/post"}],"author":[{"embeddable":true,"href":"https:\/\/dekkbi.com\/index.php?rest_route=\/wp\/v2\/users\/1"}],"replies":[{"embeddable":true,"href":"https:\/\/dekkbi.com\/index.php?rest_route=%2Fwp%2Fv2%2Fcomments&post=14877"}],"version-history":[{"count":1,"href":"https:\/\/dekkbi.com\/index.php?rest_route=\/wp\/v2\/posts\/14877\/revisions"}],"predecessor-version":[{"id":14879,"href":"https:\/\/dekkbi.com\/index.php?rest_route=\/wp\/v2\/posts\/14877\/revisions\/14879"}],"wp:featuredmedia":[{"embeddable":true,"href":"https:\/\/dekkbi.com\/index.php?rest_route=\/wp\/v2\/media\/14878"}],"wp:attachment":[{"href":"https:\/\/dekkbi.com\/index.php?rest_route=%2Fwp%2Fv2%2Fmedia&parent=14877"}],"wp:term":[{"taxonomy":"category","embeddable":true,"href":"https:\/\/dekkbi.com\/index.php?rest_route=%2Fwp%2Fv2%2Fcategories&post=14877"},{"taxonomy":"post_tag","embeddable":true,"href":"https:\/\/dekkbi.com\/index.php?rest_route=%2Fwp%2Fv2%2Ftags&post=14877"}],"curies":[{"name":"wp","href":"https:\/\/api.w.org\/{rel}","templated":true}]}}